{"id":14406,"date":"2021-09-30T09:55:41","date_gmt":"2021-09-30T07:55:41","guid":{"rendered":"https:\/\/www.pr-neu.de\/newsroom\/?p=14406"},"modified":"2021-10-01T11:06:37","modified_gmt":"2021-10-01T09:06:37","slug":"impulse-fuer-die-digitale-planung","status":"publish","type":"post","link":"https:\/\/www.pr-neu.de\/newsroom\/impulse-fuer-die-digitale-planung\/","title":{"rendered":"Impulse f\u00fcr die digitale Planung"},"content":{"rendered":"<p><strong>26.10.2021: Hybrid-Weiterbildung f\u00fcr Planerinnen und Planer \u201eSanierungskompass Geb\u00e4udeh\u00fclle\u201c<\/strong><\/p>\n<p>Am 26. Oktober, 16:00 bis 19:00 Uhr, findet der \u201eSanierungskompass Geb\u00e4udeh\u00fclle\u201c als hybride Veranstaltung statt. Die Veranstaltungsreihe gibt Einblicke in aktuelle Projekte und besondere Konzepte. Ein Schwerpunkt: digitale Planung. Im ersten Teil berichten drei Fachleute \u00fcber ihre Arbeitsweise: Prof. Achim Pfeiffer (Bo\u0308ll Architekten) am Beispiel Sanierung Weltkulturerbe Zeche Zollverein, Bjo\u0308rn Martenson (AMUNT) pr\u00e4sentiert mehrere ausgezeichneten Sanierungskonzepte und die Digitalisierungsspezialistin Tina Drahtler demonstriert, wie sie digitale Methoden in ihrem Architekturb\u00fcro eingef\u00fchrt und zu Instrumenten f\u00fcr mehr Planungssicherheit entwickelt hat. Im zweiten Teil geht es um Apps und Software \u2013 digitale Werkzeuge f\u00fcr den Planungsprozess von morgen: \u201eDigitale Gefa\u0308lleplanung\u201c, \u201ePlanungstool f\u00fcr Solarziegelsysteme\u201c, \u201eDigitales Aufma\u00df- und Fassadenplanungstool\u201c und \u201e3D-Software f\u00fcr Dachfensterlo\u0308sungen\u201c. In anschlie\u00dfenden Workshops laden die Experten zum Vertiefen und Ausprobieren der Tools ein. Das Seminar, organisiert von Bauder, Nelskamp, Sto und Velux, ist kostenfrei, die Anerkennung als Fortbildungsveranstaltung bei den Architektenkammern beantragt.<\/p>\n<p>&nbsp;<\/p>\n<p><strong>Sanierungskompass Geb\u00e4udeh\u00fclle<\/strong><\/p>\n<p>Hybrid-Seminar von Bauder, Nelskamp, Sto und Velux<br \/>\n<strong>Wann:<\/strong> 26. Oktober 2021, 16 \u2013 19 Uhr<br \/>\n<strong>Wo:<\/strong> Zeche Zollverein, Essen &#8211; Online: \u00fcber goto webinar<br \/>\n<strong>Anmeldung<\/strong> bis 24. Oktober \u00fcber diesen <a href=\"https:\/\/register.gotowebinar.com\/register\/8368426297562513677\" target=\"_blank\" rel=\"noopener\">Link<\/a><\/p>\n<p>&#8212;&#8212;&#8212;&#8212;&#8212;&#8212;&#8212;&#8212;&#8212;&#8212;&#8212;&#8212;&#8212;&#8212;&#8212;&#8212;&#8212;&#8212;&#8212;&#8212;&#8212;&#8212;&#8212;<\/p>\n<p>Anmeldelink \/ URL:<br \/>\n<a href=\"https:\/\/register.gotowebinar.com\/register\/8368426297562513677\" target=\"_blank\" rel=\"noopener\">https:\/\/register.gotowebinar.com\/register\/8368426297562513677<\/a><\/p>\n<p>#Weiterbildung<br \/>\n#Architektur<br \/>\n#DigitalePlanung<\/p>\n<p>&nbsp;<\/p>\n<hr \/>\n<p>&nbsp;<\/p>\n<p>Abdruck honorarfrei, Belegexemplar erbeten.<\/p>\n","protected":false},"excerpt":{"rendered":"<p>26.10.2021: Hybrid-Weiterbildung f\u00fcr Planerinnen und Planer \u201eSanierungskompass Geb\u00e4udeh\u00fclle\u201c Am 26. Oktober, 16:00 bis 19:00 Uhr, findet der \u201eSanierungskompass Geb\u00e4udeh\u00fclle\u201c als hybride Veranstaltung statt. Die Veranstaltungsreihe gibt Einblicke in aktuelle Projekte und besondere Konzepte. Ein Schwerpunkt: digitale Planung. Im ersten Teil berichten drei Fachleute \u00fcber ihre Arbeitsweise: Prof. Achim Pfeiffer (Bo\u0308ll Architekten) am Beispiel Sanierung Weltkulturerbe [&hellip;]<\/p>\n","protected":false},"author":6,"featured_media":9063,"comment_status":"closed","ping_status":"open","sticky":false,"template":"","format":"standard","meta":{"footnotes":""},"categories":[15],"tags":[62,1641,1643,439,1645,1639,1637],"class_list":["post-14406","post","type-post","status-publish","format-standard","has-post-thumbnail","hentry","category-sto","tag-architektur","tag-digital","tag-digitaleplanung","tag-sanierung","tag-sanierungskompass","tag-webinar","tag-weiterbildung"],"_links":{"self":[{"href":"https:\/\/www.pr-neu.de\/newsroom\/wp-json\/wp\/v2\/posts\/14406","targetHints":{"allow":["GET"]}}],"collection":[{"href":"https:\/\/www.pr-neu.de\/newsroom\/wp-json\/wp\/v2\/posts"}],"about":[{"href":"https:\/\/www.pr-neu.de\/newsroom\/wp-json\/wp\/v2\/types\/post"}],"author":[{"embeddable":true,"href":"https:\/\/www.pr-neu.de\/newsroom\/wp-json\/wp\/v2\/users\/6"}],"replies":[{"embeddable":true,"href":"https:\/\/www.pr-neu.de\/newsroom\/wp-json\/wp\/v2\/comments?post=14406"}],"version-history":[{"count":1,"href":"https:\/\/www.pr-neu.de\/newsroom\/wp-json\/wp\/v2\/posts\/14406\/revisions"}],"predecessor-version":[{"id":14407,"href":"https:\/\/www.pr-neu.de\/newsroom\/wp-json\/wp\/v2\/posts\/14406\/revisions\/14407"}],"wp:featuredmedia":[{"embeddable":true,"href":"https:\/\/www.pr-neu.de\/newsroom\/wp-json\/wp\/v2\/media\/9063"}],"wp:attachment":[{"href":"https:\/\/www.pr-neu.de\/newsroom\/wp-json\/wp\/v2\/media?parent=14406"}],"wp:term":[{"taxonomy":"category","embeddable":true,"href":"https:\/\/www.pr-neu.de\/newsroom\/wp-json\/wp\/v2\/categories?post=14406"},{"taxonomy":"post_tag","embeddable":true,"href":"https:\/\/www.pr-neu.de\/newsroom\/wp-json\/wp\/v2\/tags?post=14406"}],"curies":[{"name":"wp","href":"https:\/\/api.w.org\/{rel}","templated":true}]}}