{"id":14394,"date":"2021-09-28T17:04:25","date_gmt":"2021-09-28T15:04:25","guid":{"rendered":"https:\/\/www.pr-neu.de\/newsroom\/?p=14394"},"modified":"2021-09-28T17:05:53","modified_gmt":"2021-09-28T15:05:53","slug":"neues-logistikzentrum-eroeffnet","status":"publish","type":"post","link":"https:\/\/www.pr-neu.de\/newsroom\/neues-logistikzentrum-eroeffnet\/","title":{"rendered":"Neues Logistikzentrum er\u00f6ffnet"},"content":{"rendered":"<p><u>S\u00fcdwest setzt auf Wachstum:<\/u><\/p>\n<p>Farben- und Lack-Hersteller vereint drei Lagerstandorte und st\u00e4rkt Standort B\u00f6hl-Iggelheim<\/p>\n<p><strong>Mit der offiziellen Er\u00f6ffnung des neuen Logistikzentrums im Gewerbegebiet B\u00f6hl-S\u00fcd bereitet die S\u00fcdwest Lacke + Farben GmbH &amp; Co. KG den Weg f\u00fcr weiteres Wachstum vor und sichert Arbeitspl\u00e4tze in der Region langfristig.<\/strong><\/p>\n<p>\u201eWir wachsen seit Jahren schneller als der Markt und investie-ren seit 2011 stetig in das Werk B\u00f6hl-Iggelheim\u201c, bekr\u00e4ftigt Hans-J\u00f6rg von Rhade, S\u00fcdwest-Gesch\u00e4ftsf\u00fchrer. Das neue Logistikzentrum ersetzt drei bislang genutzte kleinere Lager und fast 50 Prozent mehr Palettenpl\u00e4tze. \u201eWir haben unser Sortiment erweitert und verkaufen gr\u00f6\u00dfere Mengen\u201c, so von Rhade. \u201eMit unserem Neubau schaffen wir nun einen zentral gelegenen Logistikpunkt mit ausreichender Kapazit\u00e4t f\u00fcr die n\u00e4chsten Jahre.\u201c Mit moderner IT ausgestattet, kann S\u00fcdwest hier nicht nur mehr Produkte lagern, sondern Auftr\u00e4ge in hoher St\u00fcckzahl auch schneller und flexibler ausliefern. Auf einer Fl\u00e4che von 3.200 Quadratmetern sind neben 4.000 Palettenpl\u00e4tzen auch eine moderne Kantine sowie neue Sozial- und Besprechungsr\u00e4ume entstanden.<\/p>\n<p><strong>\u201eTop Arbeitgeber im Mittelstand\u201c<\/strong><\/p>\n<p>Insgesamt hat die 1923 gegr\u00fcndete Firma mehr als 10 Millionen Euro in das Logistikzentrum investiert und sichert damit die Arbeitspl\u00e4tze in B\u00f6hl-Iggelheim langfristig. \u201eDer Neubau ist ein sichtbares Zeichen daf\u00fcr, wie sehr wir in der Region verankert sind und das soll auch so bleiben\u201c, so von Rhade. Das Unternehmen mit 125 Mitarbeitenden, davon 11 Auszubildende in vier Berufen, erwartet auch in diesem Jahr ein Umsatzplus. 2021 wurde es wiederholt als \u201eTOP-Arbeitgeber im Mittelstand\u201c ausgezeichnet. \u201eUnsere engagierten Kolleginnen und Kollegen sind der wichtigste Erfolgsfaktor f\u00fcr S\u00fcdwest\u201c, betont von Rhade.<\/p>\n<p><strong>Auf Augenh\u00f6he mit dem Profi<\/strong><\/p>\n<p>Als mittelst\u00e4ndisches Unternehmen setzt S\u00fcdwest auf kurze Entscheidungswege und engen Kontakt mit dem Handel und den Verarbeitern. So lobten in einer Branchenumfrage Verarbeiter die gute Arbeit des S\u00fcdwest-Au\u00dfendienstes. \u201eGerade die exzellente technische Beratung auf Augenh\u00f6he mit dem Profi ist eine unserer St\u00e4rken, zusammen mit unserer Flexibilit\u00e4t\u201c, betont der Gesch\u00e4ftsf\u00fchrer.<\/p>\n<p><strong>Das richtige Produkt in der richtigen Menge und zum richtigen Zeitpunkt<\/strong><\/p>\n<p>S\u00fcdwest setzt bei der Wachstumsstrategie auf die enge Zusammenarbeit mit dem Fachhandel. \u201eWir stehen ganz klar zum zweistufigen Vertrieb, weil wir gemeinsam mit dem Fachhandel stets das richtige Produkt in der richtigen Menge und zum richtigen Zeitpunkt f\u00fcr die Profiverarbeiter bereit-stellen\u201c, betont der langj\u00e4hrige Gesch\u00e4ftsf\u00fchrer die strategische Ausrichtung. \u201eW\u00e4hrend sich andere aus dem Gro\u00dfhandel zur\u00fcckziehen, intensivieren wir die Zusammenarbeit. Wir werden gemeinsam mit dem Gro\u00dfhandel die Marktver\u00e4nderung inklusive digitale Transformation gestalten \u2013 und zwar vom Verarbeiter her gedacht.\u201c<\/p>\n<p>&nbsp;<\/p>\n<hr \/>\n<p>&nbsp;<\/p>\n<p><a href=\"http:\/\/www.pr-neu.de\/newsroom\/wordpress\/wp-content\/uploads\/2021\/09\/21-12_Logistikzentrum_Eroeffnung_K.jpg\" target=\"_blank\" rel=\"noopener\"><img loading=\"lazy\" decoding=\"async\" class=\"aligncenter wp-image-14395 size-medium\" src=\"http:\/\/www.pr-neu.de\/newsroom\/wordpress\/wp-content\/uploads\/2021\/09\/21-12_Logistikzentrum_Eroeffnung_K-200x300.jpg\" alt=\"\" width=\"200\" height=\"300\" srcset=\"https:\/\/www.pr-neu.de\/newsroom\/wordpress\/wp-content\/uploads\/2021\/09\/21-12_Logistikzentrum_Eroeffnung_K-200x300.jpg 200w, https:\/\/www.pr-neu.de\/newsroom\/wordpress\/wp-content\/uploads\/2021\/09\/21-12_Logistikzentrum_Eroeffnung_K-683x1024.jpg 683w, https:\/\/www.pr-neu.de\/newsroom\/wordpress\/wp-content\/uploads\/2021\/09\/21-12_Logistikzentrum_Eroeffnung_K-768x1152.jpg 768w, https:\/\/www.pr-neu.de\/newsroom\/wordpress\/wp-content\/uploads\/2021\/09\/21-12_Logistikzentrum_Eroeffnung_K-1024x1536.jpg 1024w, https:\/\/www.pr-neu.de\/newsroom\/wordpress\/wp-content\/uploads\/2021\/09\/21-12_Logistikzentrum_Eroeffnung_K-1365x2048.jpg 1365w, https:\/\/www.pr-neu.de\/newsroom\/wordpress\/wp-content\/uploads\/2021\/09\/21-12_Logistikzentrum_Eroeffnung_K-73x110.jpg 73w, https:\/\/www.pr-neu.de\/newsroom\/wordpress\/wp-content\/uploads\/2021\/09\/21-12_Logistikzentrum_Eroeffnung_K-280x420.jpg 280w, https:\/\/www.pr-neu.de\/newsroom\/wordpress\/wp-content\/uploads\/2021\/09\/21-12_Logistikzentrum_Eroeffnung_K-287x430.jpg 287w, https:\/\/www.pr-neu.de\/newsroom\/wordpress\/wp-content\/uploads\/2021\/09\/21-12_Logistikzentrum_Eroeffnung_K.jpg 1600w\" sizes=\"auto, (max-width: 200px) 100vw, 200px\" \/><\/a><\/p>\n<p>&nbsp;<\/p>\n<p style=\"text-align: center;\">Weihten das neue S\u00fcdwest-Logistikzentrum ein (v.l.):<br \/>\nClemens K\u00f6rner, Landrat Kreisverwaltung Rhein-Pfalz Kreis,<br \/>\nPeter Christ, B\u00fcrgermeister von B\u00f6hl-Iggelheim,<br \/>\nHans-J\u00f6rg von Rhade Gesch\u00e4ftsf\u00fchrer S\u00fcdwest<br \/>\nBild: S\u00fcdwest Lacke + Farben GmbH &amp; Co. KG<\/p>\n<p>&nbsp;<\/p>\n<hr \/>\n<p>&nbsp;<\/p>\n<p><strong>\u00dcber S\u00fcdwest Lacke + Farben<\/strong><\/p>\n<p>Die S\u00fcdwest Lacke + Farben GmbH &amp; Co. KG ist ein in der Pfalz beheimateter Hersteller von Lacken und Farben. Sein Produktsortiment reicht von der Bodenbeschichtung \u00fcber Holzschutz bis zur Dachfarbe, von der Innenfarbe \u00fcber Lacke bis zum W\u00e4rmed\u00e4mmverbundsystem (WDVS). Das Unternehmen steht f\u00fcr Produkte von h\u00f6chster Qualit\u00e4t, Funktionalit\u00e4t und Umweltvertr\u00e4glichkeit im Profi-Segment und z\u00e4hlt zu den f\u00fchrenden mittelst\u00e4ndischen Lackherstellern in Deutschland und Zentraleuropa.<\/p>\n<p>&nbsp;<\/p>\n<hr \/>\n<p>&nbsp;<\/p>\n<p>Abdruck honorarfrei, Belegexemplar erbeten.<\/p>\n","protected":false},"excerpt":{"rendered":"<p>S\u00fcdwest setzt auf Wachstum: Farben- und Lack-Hersteller vereint drei Lagerstandorte und st\u00e4rkt Standort B\u00f6hl-Iggelheim Mit der offiziellen Er\u00f6ffnung des neuen Logistikzentrums im Gewerbegebiet B\u00f6hl-S\u00fcd bereitet die S\u00fcdwest Lacke + Farben GmbH &amp; Co. KG den Weg f\u00fcr weiteres Wachstum vor und sichert Arbeitspl\u00e4tze in der Region langfristig. \u201eWir wachsen seit Jahren schneller als der Markt [&hellip;]<\/p>\n","protected":false},"author":6,"featured_media":14397,"comment_status":"closed","ping_status":"open","sticky":false,"template":"","format":"standard","meta":{"footnotes":""},"categories":[17],"tags":[1625,181,1621,1623,330,1627,1629,554],"class_list":["post-14394","post","type-post","status-publish","format-standard","has-post-thumbnail","hentry","category-sudwest","tag-einweihung","tag-farben","tag-hersteller","tag-industrie","tag-lack","tag-logistik","tag-logistikzentrum","tag-sudwest"],"_links":{"self":[{"href":"https:\/\/www.pr-neu.de\/newsroom\/wp-json\/wp\/v2\/posts\/14394","targetHints":{"allow":["GET"]}}],"collection":[{"href":"https:\/\/www.pr-neu.de\/newsroom\/wp-json\/wp\/v2\/posts"}],"about":[{"href":"https:\/\/www.pr-neu.de\/newsroom\/wp-json\/wp\/v2\/types\/post"}],"author":[{"embeddable":true,"href":"https:\/\/www.pr-neu.de\/newsroom\/wp-json\/wp\/v2\/users\/6"}],"replies":[{"embeddable":true,"href":"https:\/\/www.pr-neu.de\/newsroom\/wp-json\/wp\/v2\/comments?post=14394"}],"version-history":[{"count":1,"href":"https:\/\/www.pr-neu.de\/newsroom\/wp-json\/wp\/v2\/posts\/14394\/revisions"}],"predecessor-version":[{"id":14396,"href":"https:\/\/www.pr-neu.de\/newsroom\/wp-json\/wp\/v2\/posts\/14394\/revisions\/14396"}],"wp:featuredmedia":[{"embeddable":true,"href":"https:\/\/www.pr-neu.de\/newsroom\/wp-json\/wp\/v2\/media\/14397"}],"wp:attachment":[{"href":"https:\/\/www.pr-neu.de\/newsroom\/wp-json\/wp\/v2\/media?parent=14394"}],"wp:term":[{"taxonomy":"category","embeddable":true,"href":"https:\/\/www.pr-neu.de\/newsroom\/wp-json\/wp\/v2\/categories?post=14394"},{"taxonomy":"post_tag","embeddable":true,"href":"https:\/\/www.pr-neu.de\/newsroom\/wp-json\/wp\/v2\/tags?post=14394"}],"curies":[{"name":"wp","href":"https:\/\/api.w.org\/{rel}","templated":true}]}}