{"id":14391,"date":"2021-09-24T13:54:31","date_gmt":"2021-09-24T11:54:31","guid":{"rendered":"https:\/\/www.pr-neu.de\/newsroom\/?p=14391"},"modified":"2021-09-24T13:55:07","modified_gmt":"2021-09-24T11:55:07","slug":"braunschweig-verbessert-den-hochwasserschutz","status":"publish","type":"post","link":"https:\/\/www.pr-neu.de\/newsroom\/braunschweig-verbessert-den-hochwasserschutz\/","title":{"rendered":"Braunschweig verbessert den Hochwasserschutz"},"content":{"rendered":"<p><u>Neuer Mobildeich in Testphase<\/u><\/p>\n<p><strong><u>Braunschweig, 24. September 2021<\/u><\/strong>. Der Hochwasserschutz in Braunschweig kommt voran: Mittlerweile ist das mobile Schutzsystem \u201eMobildeich\u201c vorhanden, das die Innenstadt im Ernstfall entlang der Linie Europaplatz bis Lessingplatz sch\u00fctzen wird. Das Schlauchsystem ersetzt das aufw\u00e4ndige Aufschichten von Sands\u00e4cken. Nach einer ersten Einweisung am 23. September im Steinhof erfolgte am heutigen Freitag eine erste Vor-\u00dcbung am Friedrich-Wilhelm-Platz \u2013 daf\u00fcr wurde ein Container aufgestellt und ein Teil der Anlage aufgebaut. Ziel war vor allem, die \u201eVerteidigungslinie Hochwasser\u201c genau zu erfassen. Beteiligt waren die Stadt Braunschweig und die Stadtentw\u00e4sserung Braunschweig GmbH (SE|BS). Der n\u00e4chste Schritt ist eine \u00dcbung mit vollst\u00e4ndigem Deich-Aufbau. Hier\u00fcber wird rechtzeitig informiert.<\/p>\n<p>&nbsp;<\/p>\n<hr \/>\n<p>&nbsp;<\/p>\n<p><strong>SE|BS-Pressestelle<\/strong><br \/>\npr neu &#8211; gedacht<\/p>\n<p>Telefon: 05307 80093 \u2013 80<br \/>\nFax: 05307 80093 \u2013 69<br \/>\nE-Mail: info&#64;&#112;&#114;&#45;&#110;&#x65;&#x75;&#x2e;&#x64;&#x65;<br \/>\nInternet: www.pr-neu.de<\/p>\n","protected":false},"excerpt":{"rendered":"<p>Neuer Mobildeich in Testphase Braunschweig, 24. September 2021. Der Hochwasserschutz in Braunschweig kommt voran: Mittlerweile ist das mobile Schutzsystem \u201eMobildeich\u201c vorhanden, das die Innenstadt im Ernstfall entlang der Linie Europaplatz bis Lessingplatz sch\u00fctzen wird. Das Schlauchsystem ersetzt das aufw\u00e4ndige Aufschichten von Sands\u00e4cken. Nach einer ersten Einweisung am 23. September im Steinhof erfolgte am heutigen Freitag [&hellip;]<\/p>\n","protected":false},"author":6,"featured_media":8697,"comment_status":"closed","ping_status":"open","sticky":false,"template":"","format":"standard","meta":{"footnotes":""},"categories":[1517],"tags":[1557,1619,1609,1617,264,1615,1607,1563,1601,1611,1613],"class_list":["post-14391","post","type-post","status-publish","format-standard","has-post-thumbnail","hentry","category-sebs","tag-braunschweig","tag-deich","tag-flut","tag-hochwasser","tag-hochwasserschutz","tag-mobildeich","tag-oker","tag-se-bs","tag-stadtentwaesserung","tag-ueberflutung","tag-ueberflutungsschutz"],"_links":{"self":[{"href":"https:\/\/www.pr-neu.de\/newsroom\/wp-json\/wp\/v2\/posts\/14391","targetHints":{"allow":["GET"]}}],"collection":[{"href":"https:\/\/www.pr-neu.de\/newsroom\/wp-json\/wp\/v2\/posts"}],"about":[{"href":"https:\/\/www.pr-neu.de\/newsroom\/wp-json\/wp\/v2\/types\/post"}],"author":[{"embeddable":true,"href":"https:\/\/www.pr-neu.de\/newsroom\/wp-json\/wp\/v2\/users\/6"}],"replies":[{"embeddable":true,"href":"https:\/\/www.pr-neu.de\/newsroom\/wp-json\/wp\/v2\/comments?post=14391"}],"version-history":[{"count":2,"href":"https:\/\/www.pr-neu.de\/newsroom\/wp-json\/wp\/v2\/posts\/14391\/revisions"}],"predecessor-version":[{"id":14393,"href":"https:\/\/www.pr-neu.de\/newsroom\/wp-json\/wp\/v2\/posts\/14391\/revisions\/14393"}],"wp:featuredmedia":[{"embeddable":true,"href":"https:\/\/www.pr-neu.de\/newsroom\/wp-json\/wp\/v2\/media\/8697"}],"wp:attachment":[{"href":"https:\/\/www.pr-neu.de\/newsroom\/wp-json\/wp\/v2\/media?parent=14391"}],"wp:term":[{"taxonomy":"category","embeddable":true,"href":"https:\/\/www.pr-neu.de\/newsroom\/wp-json\/wp\/v2\/categories?post=14391"},{"taxonomy":"post_tag","embeddable":true,"href":"https:\/\/www.pr-neu.de\/newsroom\/wp-json\/wp\/v2\/tags?post=14391"}],"curies":[{"name":"wp","href":"https:\/\/api.w.org\/{rel}","templated":true}]}}