{"id":14383,"date":"2021-09-22T11:56:56","date_gmt":"2021-09-22T09:56:56","guid":{"rendered":"https:\/\/www.pr-neu.de\/newsroom\/?p=14383"},"modified":"2021-12-22T12:19:37","modified_gmt":"2021-12-22T11:19:37","slug":"neuer-kabelkanal-fuer-mehr-individualitaet-im-terrassenanbau","status":"publish","type":"post","link":"https:\/\/www.pr-neu.de\/newsroom\/neuer-kabelkanal-fuer-mehr-individualitaet-im-terrassenanbau\/","title":{"rendered":"Neuer Kabelkanal f\u00fcr mehr Individualit\u00e4t im Terrassenanbau"},"content":{"rendered":"<p><u>Kabelkanal von TS-Aluminium: Ordnung im \u201egr\u00fcnen Wohnzimmer\u201c<\/u><\/p>\n<p><strong>TS-Aluminium reagiert auf die steigenden Anspr\u00fcche im gr\u00fcnen Wohnzimmer: Mit dem zweiteiligen Kabelkanal lassen sich elektrische Leitungen sicher und unauff\u00e4llig im Terrassendach, Sommer- oder Wintergarten verlegen \u2013 \u00fcber eine praktikable Revisionsklappe bleibt der Kanal einfach zug\u00e4nglich.<\/strong><\/p>\n<p>Ob \u00fcberdachte Terrasse, Sommer- oder Wintergarten: Um die heimische \u201eWellness-Oase\u201c umfassend nutzen zu k\u00f6nnen, setzen Bauherren vermehrt auf elektrische Ausstattung. Damit steigen die Anforderungen, denn durch die Installation von Leuchten, Unterhaltungselektronik oder Heizsystemen erh\u00f6ht sich auch der Kabelumfang. Freiliegende Kabel an W\u00e4nden, Decken und B\u00f6den irritieren dabei nicht nur optisch, sondern sind je nach Kabelf\u00fchrung schnell auch eine Gefahrenquelle.<\/p>\n<p><strong>Einfache Montage, erh\u00f6hte Sicherheit<\/strong><\/p>\n<p>An diesem Punkt setzt der zweiteilige Kabelkanal von TS-Aluminium an: Das clevere Bauteil erweitert den integrierten Kabelkanal unter dem Wandanschlussprofil und verf\u00fcgt \u00fcber zus\u00e4tzlichen Raum f\u00fcr noch mehr Leitungen \u2013 im Sommer- und Wintergarten direkt in den Seitenw\u00e4nden integriert, bei der Terrassen\u00fcberdachung durch ein Endst\u00fcck verschlossen. Die praktische Revisionsklappe stellt sicher, dass der Kanal jederzeit problemlos ge\u00f6ffnet und geschlossen werden kann. Somit lassen sich Leitungen nicht nur einfach und sicher montieren, sondern auch unauff\u00e4llig kaschieren. Der Einsatz des Allrounders ist flexibel: Versehen mit Schaltern kann er als Energies\u00e4ule genutzt werden, bei einseitiger Drehung l\u00e4sst sich LED-Beleuchtung im Kanal installieren \u2013 damit dient er als zus\u00e4tzliches Beleuchtungsprofil.<\/p>\n<p>&nbsp;<\/p>\n<hr \/>\n<p>&nbsp;<\/p>\n<p><a href=\"http:\/\/www.pr-neu.de\/newsroom\/wordpress\/wp-content\/uploads\/2021\/09\/21-10_TS_Kabelkanal_01_K.jpg\" target=\"_blank\" rel=\"noopener\"><img loading=\"lazy\" decoding=\"async\" class=\"aligncenter wp-image-14384 size-medium\" src=\"http:\/\/www.pr-neu.de\/newsroom\/wordpress\/wp-content\/uploads\/2021\/09\/21-10_TS_Kabelkanal_01_K-300x225.jpg\" alt=\"\" width=\"300\" height=\"225\" srcset=\"https:\/\/www.pr-neu.de\/newsroom\/wordpress\/wp-content\/uploads\/2021\/09\/21-10_TS_Kabelkanal_01_K-300x225.jpg 300w, https:\/\/www.pr-neu.de\/newsroom\/wordpress\/wp-content\/uploads\/2021\/09\/21-10_TS_Kabelkanal_01_K-1024x768.jpg 1024w, https:\/\/www.pr-neu.de\/newsroom\/wordpress\/wp-content\/uploads\/2021\/09\/21-10_TS_Kabelkanal_01_K-768x576.jpg 768w, https:\/\/www.pr-neu.de\/newsroom\/wordpress\/wp-content\/uploads\/2021\/09\/21-10_TS_Kabelkanal_01_K-1536x1152.jpg 1536w, https:\/\/www.pr-neu.de\/newsroom\/wordpress\/wp-content\/uploads\/2021\/09\/21-10_TS_Kabelkanal_01_K-2048x1536.jpg 2048w, https:\/\/www.pr-neu.de\/newsroom\/wordpress\/wp-content\/uploads\/2021\/09\/21-10_TS_Kabelkanal_01_K-110x83.jpg 110w, https:\/\/www.pr-neu.de\/newsroom\/wordpress\/wp-content\/uploads\/2021\/09\/21-10_TS_Kabelkanal_01_K-420x315.jpg 420w, https:\/\/www.pr-neu.de\/newsroom\/wordpress\/wp-content\/uploads\/2021\/09\/21-10_TS_Kabelkanal_01_K-573x430.jpg 573w\" sizes=\"auto, (max-width: 300px) 100vw, 300px\" \/><\/a><\/p>\n<p><a href=\"http:\/\/www.pr-neu.de\/newsroom\/wordpress\/wp-content\/uploads\/2021\/09\/21-10_TS_Kabelkanal_02_K.jpg\" target=\"_blank\" rel=\"noopener\"><img loading=\"lazy\" decoding=\"async\" class=\"aligncenter wp-image-14385 size-medium\" src=\"http:\/\/www.pr-neu.de\/newsroom\/wordpress\/wp-content\/uploads\/2021\/09\/21-10_TS_Kabelkanal_02_K-300x225.jpg\" alt=\"\" width=\"300\" height=\"225\" srcset=\"https:\/\/www.pr-neu.de\/newsroom\/wordpress\/wp-content\/uploads\/2021\/09\/21-10_TS_Kabelkanal_02_K-300x225.jpg 300w, https:\/\/www.pr-neu.de\/newsroom\/wordpress\/wp-content\/uploads\/2021\/09\/21-10_TS_Kabelkanal_02_K-1024x768.jpg 1024w, https:\/\/www.pr-neu.de\/newsroom\/wordpress\/wp-content\/uploads\/2021\/09\/21-10_TS_Kabelkanal_02_K-768x576.jpg 768w, https:\/\/www.pr-neu.de\/newsroom\/wordpress\/wp-content\/uploads\/2021\/09\/21-10_TS_Kabelkanal_02_K-1536x1152.jpg 1536w, https:\/\/www.pr-neu.de\/newsroom\/wordpress\/wp-content\/uploads\/2021\/09\/21-10_TS_Kabelkanal_02_K-2048x1536.jpg 2048w, https:\/\/www.pr-neu.de\/newsroom\/wordpress\/wp-content\/uploads\/2021\/09\/21-10_TS_Kabelkanal_02_K-110x83.jpg 110w, https:\/\/www.pr-neu.de\/newsroom\/wordpress\/wp-content\/uploads\/2021\/09\/21-10_TS_Kabelkanal_02_K-420x315.jpg 420w, https:\/\/www.pr-neu.de\/newsroom\/wordpress\/wp-content\/uploads\/2021\/09\/21-10_TS_Kabelkanal_02_K-573x430.jpg 573w\" sizes=\"auto, (max-width: 300px) 100vw, 300px\" \/><\/a><\/p>\n<p style=\"text-align: center;\">Elektrische Leitungen einfach, sicher und unauff\u00e4llig im Terrassendach, Sommer- oder Wintergarten unterbringen \u2013 das gelingt mit dem Kabelkanal von TS-Aluminium.<\/p>\n<p>&nbsp;<\/p>\n<p><a href=\"http:\/\/www.pr-neu.de\/newsroom\/wordpress\/wp-content\/uploads\/2021\/09\/21-10_TS_Kabelkanal_03_K.jpg\" target=\"_blank\" rel=\"noopener\"><img loading=\"lazy\" decoding=\"async\" class=\"aligncenter wp-image-14386 size-medium\" src=\"http:\/\/www.pr-neu.de\/newsroom\/wordpress\/wp-content\/uploads\/2021\/09\/21-10_TS_Kabelkanal_03_K-300x177.jpg\" alt=\"\" width=\"300\" height=\"177\" srcset=\"https:\/\/www.pr-neu.de\/newsroom\/wordpress\/wp-content\/uploads\/2021\/09\/21-10_TS_Kabelkanal_03_K-300x177.jpg 300w, https:\/\/www.pr-neu.de\/newsroom\/wordpress\/wp-content\/uploads\/2021\/09\/21-10_TS_Kabelkanal_03_K-1024x604.jpg 1024w, https:\/\/www.pr-neu.de\/newsroom\/wordpress\/wp-content\/uploads\/2021\/09\/21-10_TS_Kabelkanal_03_K-768x453.jpg 768w, https:\/\/www.pr-neu.de\/newsroom\/wordpress\/wp-content\/uploads\/2021\/09\/21-10_TS_Kabelkanal_03_K-1536x906.jpg 1536w, https:\/\/www.pr-neu.de\/newsroom\/wordpress\/wp-content\/uploads\/2021\/09\/21-10_TS_Kabelkanal_03_K-2048x1208.jpg 2048w, https:\/\/www.pr-neu.de\/newsroom\/wordpress\/wp-content\/uploads\/2021\/09\/21-10_TS_Kabelkanal_03_K-110x65.jpg 110w, https:\/\/www.pr-neu.de\/newsroom\/wordpress\/wp-content\/uploads\/2021\/09\/21-10_TS_Kabelkanal_03_K-420x248.jpg 420w, https:\/\/www.pr-neu.de\/newsroom\/wordpress\/wp-content\/uploads\/2021\/09\/21-10_TS_Kabelkanal_03_K-729x430.jpg 729w\" sizes=\"auto, (max-width: 300px) 100vw, 300px\" \/><\/a><\/p>\n<p style=\"text-align: center;\">Smarter Helfer: \u00dcber eine Revisionsklappe bleibt der Kabelkanal jederzeit einfach zug\u00e4nglich.<\/p>\n<p style=\"text-align: center;\">Bilder: TS-Aluminium-Profilsysteme GmbH &amp; Co. KG<\/p>\n<p>&nbsp;<\/p>\n<hr \/>\n<p>&nbsp;<\/p>\n<p>Abdruck honorarfrei, Belegexemplar erbeten.<\/p>\n","protected":false},"excerpt":{"rendered":"<p>Kabelkanal von TS-Aluminium: Ordnung im \u201egr\u00fcnen Wohnzimmer\u201c TS-Aluminium reagiert auf die steigenden Anspr\u00fcche im gr\u00fcnen Wohnzimmer: Mit dem zweiteiligen Kabelkanal lassen sich elektrische Leitungen sicher und unauff\u00e4llig im Terrassendach, Sommer- oder Wintergarten verlegen \u2013 \u00fcber eine praktikable Revisionsklappe bleibt der Kanal einfach zug\u00e4nglich. Ob \u00fcberdachte Terrasse, Sommer- oder Wintergarten: Um die heimische \u201eWellness-Oase\u201c umfassend nutzen [&hellip;]<\/p>\n","protected":false},"author":6,"featured_media":14384,"comment_status":"closed","ping_status":"open","sticky":false,"template":"","format":"standard","meta":{"footnotes":""},"categories":[1761],"tags":[],"class_list":["post-14383","post","type-post","status-publish","format-standard","has-post-thumbnail","hentry","category-ts-aluminium"],"_links":{"self":[{"href":"https:\/\/www.pr-neu.de\/newsroom\/wp-json\/wp\/v2\/posts\/14383","targetHints":{"allow":["GET"]}}],"collection":[{"href":"https:\/\/www.pr-neu.de\/newsroom\/wp-json\/wp\/v2\/posts"}],"about":[{"href":"https:\/\/www.pr-neu.de\/newsroom\/wp-json\/wp\/v2\/types\/post"}],"author":[{"embeddable":true,"href":"https:\/\/www.pr-neu.de\/newsroom\/wp-json\/wp\/v2\/users\/6"}],"replies":[{"embeddable":true,"href":"https:\/\/www.pr-neu.de\/newsroom\/wp-json\/wp\/v2\/comments?post=14383"}],"version-history":[{"count":2,"href":"https:\/\/www.pr-neu.de\/newsroom\/wp-json\/wp\/v2\/posts\/14383\/revisions"}],"predecessor-version":[{"id":14388,"href":"https:\/\/www.pr-neu.de\/newsroom\/wp-json\/wp\/v2\/posts\/14383\/revisions\/14388"}],"wp:featuredmedia":[{"embeddable":true,"href":"https:\/\/www.pr-neu.de\/newsroom\/wp-json\/wp\/v2\/media\/14384"}],"wp:attachment":[{"href":"https:\/\/www.pr-neu.de\/newsroom\/wp-json\/wp\/v2\/media?parent=14383"}],"wp:term":[{"taxonomy":"category","embeddable":true,"href":"https:\/\/www.pr-neu.de\/newsroom\/wp-json\/wp\/v2\/categories?post=14383"},{"taxonomy":"post_tag","embeddable":true,"href":"https:\/\/www.pr-neu.de\/newsroom\/wp-json\/wp\/v2\/tags?post=14383"}],"curies":[{"name":"wp","href":"https:\/\/api.w.org\/{rel}","templated":true}]}}