{"id":14374,"date":"2021-09-16T13:30:46","date_gmt":"2021-09-16T11:30:46","guid":{"rendered":"https:\/\/www.pr-neu.de\/newsroom\/?p=14374"},"modified":"2021-09-16T10:30:55","modified_gmt":"2021-09-16T08:30:55","slug":"wiesental-bis-dezember-gesperrt","status":"publish","type":"post","link":"https:\/\/www.pr-neu.de\/newsroom\/wiesental-bis-dezember-gesperrt\/","title":{"rendered":"Wiesental: Bis Dezember gesperrt"},"content":{"rendered":"<p><!--MBNHE--><\/p>\n<p><u>Neue Abwasserkan\u00e4le f\u00fcr Veltenhof<\/u><\/p>\n<p><!--MBNHE--><\/p>\n<p align=\"left\"><strong><u>Braunschweig, 16. September 2021<\/u>.<\/strong> Vom 20. September an wird die Stra\u00dfe Wiesental zwischen Schwedenkanzel (K 25 \/ Ortseingang Veltenhof) und Celler Heerstra\u00dfe voll gesperrt. Betroffen sind neben Kraftfahrzeugen auch Fu\u00dfg\u00e4nger und Radfahrer. Grund ist der Neubau der Abwasserdruckleitung \u00fcber eine L\u00e4nge von rund 830 Metern, die die alte, rund 60 Jahre alte Gussleitung ersetzt. Die Bauarbeiten enden voraussichtlich noch vor Weihnachten.<\/p>\n<p align=\"left\">Eine weitr\u00e4umige Umleitung wird eingerichtet und ausgeschildert.<\/p>\n<p align=\"left\">F\u00fcr die Einschr\u00e4nkungen bittet die Stadtentw\u00e4sserung Braunschweig GmbH um Verst\u00e4ndnis.<\/p>\n<p>&nbsp;<\/p>\n<hr \/>\n<p>&nbsp;<\/p>\n<p><strong>SE|BS-Pressestelle<\/strong><br \/>\npr neu &#8211; gedacht<\/p>\n<p>Telefon: 05307 80093 \u2013 80<br \/>\nFax: 05307 80093 \u2013 69<br \/>\nE-Mail: &#x69;&#x6e;&#102;&#111;&#64;p&#x72;&#x2d;&#x6e;&#101;u&#46;&#x64;&#x65;<br \/>\nInternet: www.pr-neu.de<\/p>\n","protected":false},"excerpt":{"rendered":"<p>Neue Abwasserkan\u00e4le f\u00fcr Veltenhof Braunschweig, 16. September 2021. Vom 20. September an wird die Stra\u00dfe Wiesental zwischen Schwedenkanzel (K 25 \/ Ortseingang Veltenhof) und Celler Heerstra\u00dfe voll gesperrt. Betroffen sind neben Kraftfahrzeugen auch Fu\u00dfg\u00e4nger und Radfahrer. Grund ist der Neubau der Abwasserdruckleitung \u00fcber eine L\u00e4nge von rund 830 Metern, die die alte, rund 60 Jahre [&hellip;]<\/p>\n","protected":false},"author":6,"featured_media":8697,"comment_status":"closed","ping_status":"open","sticky":false,"template":"","format":"standard","meta":{"footnotes":""},"categories":[1517],"tags":[],"class_list":["post-14374","post","type-post","status-publish","format-standard","has-post-thumbnail","hentry","category-sebs"],"_links":{"self":[{"href":"https:\/\/www.pr-neu.de\/newsroom\/wp-json\/wp\/v2\/posts\/14374","targetHints":{"allow":["GET"]}}],"collection":[{"href":"https:\/\/www.pr-neu.de\/newsroom\/wp-json\/wp\/v2\/posts"}],"about":[{"href":"https:\/\/www.pr-neu.de\/newsroom\/wp-json\/wp\/v2\/types\/post"}],"author":[{"embeddable":true,"href":"https:\/\/www.pr-neu.de\/newsroom\/wp-json\/wp\/v2\/users\/6"}],"replies":[{"embeddable":true,"href":"https:\/\/www.pr-neu.de\/newsroom\/wp-json\/wp\/v2\/comments?post=14374"}],"version-history":[{"count":7,"href":"https:\/\/www.pr-neu.de\/newsroom\/wp-json\/wp\/v2\/posts\/14374\/revisions"}],"predecessor-version":[{"id":14381,"href":"https:\/\/www.pr-neu.de\/newsroom\/wp-json\/wp\/v2\/posts\/14374\/revisions\/14381"}],"wp:featuredmedia":[{"embeddable":true,"href":"https:\/\/www.pr-neu.de\/newsroom\/wp-json\/wp\/v2\/media\/8697"}],"wp:attachment":[{"href":"https:\/\/www.pr-neu.de\/newsroom\/wp-json\/wp\/v2\/media?parent=14374"}],"wp:term":[{"taxonomy":"category","embeddable":true,"href":"https:\/\/www.pr-neu.de\/newsroom\/wp-json\/wp\/v2\/categories?post=14374"},{"taxonomy":"post_tag","embeddable":true,"href":"https:\/\/www.pr-neu.de\/newsroom\/wp-json\/wp\/v2\/tags?post=14374"}],"curies":[{"name":"wp","href":"https:\/\/api.w.org\/{rel}","templated":true}]}}