{"id":14369,"date":"2021-09-14T09:34:18","date_gmt":"2021-09-14T07:34:18","guid":{"rendered":"https:\/\/www.pr-neu.de\/newsroom\/?p=14369"},"modified":"2021-09-13T12:25:43","modified_gmt":"2021-09-13T10:25:43","slug":"gesund-gestaltet","status":"publish","type":"post","link":"https:\/\/www.pr-neu.de\/newsroom\/gesund-gestaltet\/","title":{"rendered":"Gesund gestaltet"},"content":{"rendered":"<p><u>S\u00fcdwest: Konservierungsmittelfreie Innenfarben mit natureplus-Zertifikat<\/u><\/p>\n<p><strong>Erneut erhalten konservierungsmittelfreie Innenbeschichtungen von S\u00fcdwest das neutrale Zertifikat von natureplus. Das best\u00e4tigt die hohe \u00f6kologische Qualit\u00e4t der silikatischen Putze und Farben.<\/strong><\/p>\n<p>F\u00fcr wohngesunde R\u00e4ume mit einem unbelasteten, schadstoffarmen Raumklima entwickelte S\u00fcdwest weichmacher-, konservierungs- und l\u00f6semittelfreie Beschichtungen mit niedrigem VOC-Gehalt. Besonders die silikatischen Farben und Putze erf\u00fcllen den Anspruch an \u00f6kologische Vertr\u00e4glichkeit und Wohngesundheit: Sie sind emissionsarm und schadstofffrei und eignen sich so auch ideal f\u00fcr sensible R\u00e4ume wie Schlafzimmer, Zimmer in Kinderg\u00e4rten sowie von Allergikern bewohnte R\u00e4ume. Positiver Effekt: Silikatische Beschichtungen sch\u00fctzen aufgrund ihrer Alkalit\u00e4t ohne Zus\u00e4tze vor Schimmel- und Pilzbildung.<\/p>\n<p>Die Innenputze \u201eBio-InnenPutz\u201c und \u201eBio-DekorPutz F\u201c lassen sich dabei so einfach verarbeiten wie Dispersions-Putze. Die Silikatfarben \u201eSilikatTopIn\u201c und \u201eBio-InnenSilikat\u201c sind hoch dampfdiffusionsoffen und best\u00e4ndig gegen Fl\u00e4chendesinfektionsmittel \u2013 sie kommen auch f\u00fcr feuchte R\u00e4ume wie Bad, K\u00fcche und Keller infrage. \u201eSilikatTopIn\u201c \u00fcberzeugt optisch besonders als hochwertige, extrem matte Silikatfarbe. \u201eBio-InnenSilikat\u201c ist eine Farbe der Deckkraftklasse 1 und in allen Farbt\u00f6nen mit anorganischer Pigmentierung lieferbar.<\/p>\n<p><strong>Ganzheitlich umweltvertr\u00e4glich<\/strong><\/p>\n<p>natureplus achtet bei der Zertifizierung auf mehr als nur die Produkt-Bestandteile. Eine saubere und energieeffiziente Produktion, Wiederverwertbarkeit, gesundheitsvertr\u00e4gliche Eigenschaften und die ressourcenschonende Herstellung sind Kriterien, die zu erf\u00fcllen sind, bevor ein Produkt ausgezeichnet wird. Au\u00dferdem stehen regelm\u00e4\u00dfig neue Pr\u00fcfungen an. Jetzt wurde das Zertifikat f\u00fcr die S\u00fcdwest-Silikatlinie verl\u00e4ngert.<\/p>\n<p>&nbsp;<\/p>\n<hr \/>\n<p>&nbsp;<\/p>\n<p><a href=\"http:\/\/www.pr-neu.de\/newsroom\/wordpress\/wp-content\/uploads\/2021\/09\/21-11_Silikat_K.jpg\" target=\"_blank\" rel=\"noopener\"><img loading=\"lazy\" decoding=\"async\" class=\"aligncenter wp-image-14370 size-medium\" src=\"http:\/\/www.pr-neu.de\/newsroom\/wordpress\/wp-content\/uploads\/2021\/09\/21-11_Silikat_K-300x150.jpg\" alt=\"\" width=\"300\" height=\"150\" srcset=\"https:\/\/www.pr-neu.de\/newsroom\/wordpress\/wp-content\/uploads\/2021\/09\/21-11_Silikat_K-300x150.jpg 300w, https:\/\/www.pr-neu.de\/newsroom\/wordpress\/wp-content\/uploads\/2021\/09\/21-11_Silikat_K-1024x511.jpg 1024w, https:\/\/www.pr-neu.de\/newsroom\/wordpress\/wp-content\/uploads\/2021\/09\/21-11_Silikat_K-768x383.jpg 768w, https:\/\/www.pr-neu.de\/newsroom\/wordpress\/wp-content\/uploads\/2021\/09\/21-11_Silikat_K-1536x766.jpg 1536w, https:\/\/www.pr-neu.de\/newsroom\/wordpress\/wp-content\/uploads\/2021\/09\/21-11_Silikat_K-2048x1021.jpg 2048w, https:\/\/www.pr-neu.de\/newsroom\/wordpress\/wp-content\/uploads\/2021\/09\/21-11_Silikat_K-110x55.jpg 110w, https:\/\/www.pr-neu.de\/newsroom\/wordpress\/wp-content\/uploads\/2021\/09\/21-11_Silikat_K-420x209.jpg 420w, https:\/\/www.pr-neu.de\/newsroom\/wordpress\/wp-content\/uploads\/2021\/09\/21-11_Silikat_K-770x384.jpg 770w\" sizes=\"auto, (max-width: 300px) 100vw, 300px\" \/><\/a><\/p>\n<p style=\"text-align: center;\">Die mineralischen, konservierungsfreien Innenfarben auf Silikatbasis\u00a0 von S\u00fcdwest tragen zu einem gesunden Wohnraumklima bei. Sie sind VOC-konform und emissionsarm.<br \/>\nBilder: S\u00fcdwest<\/p>\n<p>&nbsp;<\/p>\n<p><a href=\"http:\/\/www.pr-neu.de\/newsroom\/wordpress\/wp-content\/uploads\/2021\/09\/21-11_natureplus_Siegel_K-scaled.jpg\" target=\"_blank\" rel=\"noopener\"><img loading=\"lazy\" decoding=\"async\" class=\"aligncenter wp-image-14371 size-medium\" src=\"http:\/\/www.pr-neu.de\/newsroom\/wordpress\/wp-content\/uploads\/2021\/09\/21-11_natureplus_Siegel_K-264x300.jpg\" alt=\"\" width=\"264\" height=\"300\" srcset=\"https:\/\/www.pr-neu.de\/newsroom\/wordpress\/wp-content\/uploads\/2021\/09\/21-11_natureplus_Siegel_K-264x300.jpg 264w, https:\/\/www.pr-neu.de\/newsroom\/wordpress\/wp-content\/uploads\/2021\/09\/21-11_natureplus_Siegel_K-900x1024.jpg 900w, https:\/\/www.pr-neu.de\/newsroom\/wordpress\/wp-content\/uploads\/2021\/09\/21-11_natureplus_Siegel_K-768x874.jpg 768w, https:\/\/www.pr-neu.de\/newsroom\/wordpress\/wp-content\/uploads\/2021\/09\/21-11_natureplus_Siegel_K-1350x1536.jpg 1350w, https:\/\/www.pr-neu.de\/newsroom\/wordpress\/wp-content\/uploads\/2021\/09\/21-11_natureplus_Siegel_K-1800x2048.jpg 1800w, https:\/\/www.pr-neu.de\/newsroom\/wordpress\/wp-content\/uploads\/2021\/09\/21-11_natureplus_Siegel_K-97x110.jpg 97w, https:\/\/www.pr-neu.de\/newsroom\/wordpress\/wp-content\/uploads\/2021\/09\/21-11_natureplus_Siegel_K-369x420.jpg 369w, https:\/\/www.pr-neu.de\/newsroom\/wordpress\/wp-content\/uploads\/2021\/09\/21-11_natureplus_Siegel_K-378x430.jpg 378w\" sizes=\"auto, (max-width: 264px) 100vw, 264px\" \/><\/a><\/p>\n<p style=\"text-align: center;\">Best\u00e4tigt von neutraler Seite: Die silikatischen Innenbeschichtungen von S\u00fcdwest sind umweltvertr\u00e4glich \u2013 und tragen das natureplus-Zeichen. Diese hohe Auszeichnung wurde jetzt erneut erreicht.<br \/>\nBild: natureplus<\/p>\n<p>&nbsp;<\/p>\n<hr \/>\n<p>&nbsp;<\/p>\n<p>Abdruck honorarfrei, Belegexemplar erbeten.<\/p>\n","protected":false},"excerpt":{"rendered":"<p>S\u00fcdwest: Konservierungsmittelfreie Innenfarben mit natureplus-Zertifikat Erneut erhalten konservierungsmittelfreie Innenbeschichtungen von S\u00fcdwest das neutrale Zertifikat von natureplus. Das best\u00e4tigt die hohe \u00f6kologische Qualit\u00e4t der silikatischen Putze und Farben. F\u00fcr wohngesunde R\u00e4ume mit einem unbelasteten, schadstoffarmen Raumklima entwickelte S\u00fcdwest weichmacher-, konservierungs- und l\u00f6semittelfreie Beschichtungen mit niedrigem VOC-Gehalt. Besonders die silikatischen Farben und Putze erf\u00fcllen den Anspruch an [&hellip;]<\/p>\n","protected":false},"author":6,"featured_media":14370,"comment_status":"closed","ping_status":"open","sticky":false,"template":"","format":"standard","meta":{"footnotes":""},"categories":[17],"tags":[],"class_list":["post-14369","post","type-post","status-publish","format-standard","has-post-thumbnail","hentry","category-sudwest"],"_links":{"self":[{"href":"https:\/\/www.pr-neu.de\/newsroom\/wp-json\/wp\/v2\/posts\/14369","targetHints":{"allow":["GET"]}}],"collection":[{"href":"https:\/\/www.pr-neu.de\/newsroom\/wp-json\/wp\/v2\/posts"}],"about":[{"href":"https:\/\/www.pr-neu.de\/newsroom\/wp-json\/wp\/v2\/types\/post"}],"author":[{"embeddable":true,"href":"https:\/\/www.pr-neu.de\/newsroom\/wp-json\/wp\/v2\/users\/6"}],"replies":[{"embeddable":true,"href":"https:\/\/www.pr-neu.de\/newsroom\/wp-json\/wp\/v2\/comments?post=14369"}],"version-history":[{"count":2,"href":"https:\/\/www.pr-neu.de\/newsroom\/wp-json\/wp\/v2\/posts\/14369\/revisions"}],"predecessor-version":[{"id":14373,"href":"https:\/\/www.pr-neu.de\/newsroom\/wp-json\/wp\/v2\/posts\/14369\/revisions\/14373"}],"wp:featuredmedia":[{"embeddable":true,"href":"https:\/\/www.pr-neu.de\/newsroom\/wp-json\/wp\/v2\/media\/14370"}],"wp:attachment":[{"href":"https:\/\/www.pr-neu.de\/newsroom\/wp-json\/wp\/v2\/media?parent=14369"}],"wp:term":[{"taxonomy":"category","embeddable":true,"href":"https:\/\/www.pr-neu.de\/newsroom\/wp-json\/wp\/v2\/categories?post=14369"},{"taxonomy":"post_tag","embeddable":true,"href":"https:\/\/www.pr-neu.de\/newsroom\/wp-json\/wp\/v2\/tags?post=14369"}],"curies":[{"name":"wp","href":"https:\/\/api.w.org\/{rel}","templated":true}]}}