{"id":14362,"date":"2021-09-13T15:24:01","date_gmt":"2021-09-13T13:24:01","guid":{"rendered":"https:\/\/www.pr-neu.de\/newsroom\/?p=14362"},"modified":"2021-09-13T15:24:01","modified_gmt":"2021-09-13T13:24:01","slug":"hanno-investiert-verantwortungsbewusst-in-die-zukunft","status":"publish","type":"post","link":"https:\/\/www.pr-neu.de\/newsroom\/hanno-investiert-verantwortungsbewusst-in-die-zukunft\/","title":{"rendered":"Hanno investiert verantwortungsbewusst in die Zukunft"},"content":{"rendered":"<p><u>Der Umwelt zuliebe: Hanno wird gr\u00fcn<\/u><\/p>\n<p><strong>Nachhaltigkeit wird bei Hanno gro\u00dfgeschrieben: Neben dem kontinuierlichen Ausbau des Unternehmens investiert der Dicht- und D\u00e4mmspezialist bereits seit Jahren in umweltschonende Ma\u00dfnahmen \u2013 und optimiert so konsequent seine \u00d6kobilanz.<\/strong><\/p>\n<p>Dass Nachhaltigkeit bei Hanno nicht blo\u00df ein Trendthema ist, zeigt sich bereits im Leitbild des Unternehmens: Der schonende und verantwortungsbewusste Umgang mit Energie und Ressourcen ist hier fest verankert. Um konkrete Verbesserungspotenziale im betrieblichen Klima- und Umweltschutz zu realisieren, hat Hanno ein umfassendes Umweltmanagementsystem entwickelt \u2013 und daf\u00fcr die \u00d6ko-Zertifizierung nach internationaler Umweltmanagement-Norm ISO 14001:2015 erhalten. Sie erweitert das bestehende, durch die IATF-Norm 16949:2016 gepr\u00e4gte Managementsystem durch den wesentlichen Baustein Umwelt. Eine Auszeichnung von \u00d6koprofit (\u00d6kologisches Projekt f\u00fcr integrierte Umwelt-Technik) unterstreicht das Engagement in Sachen Klimaschutz.<\/p>\n<p><strong>Ganzheitlich Wirtschaften \u2013 durch W\u00e4rmer\u00fcckgewinnung<\/strong><\/p>\n<p>Die gewinnbringende Nutzung anfallender Ressourcen er\u00f6ffnet viele M\u00f6glichkeiten, um die \u00d6kobilanz im Unternehmen zu optimieren. Ein Beispiel ist W\u00e4rmer\u00fcckgewinnung (WRG). Sie nutzt die W\u00e4rmeenergie der Abluft im Schornstein und f\u00fchrt sie zum gro\u00dfen Teil in den Prozess zur\u00fcck. Hanno setzt bei seinen wesentlichen Produktionsanlagen auf dieses System \u2013 und das wirkt sich positiv auf die \u00d6kobilanz aus: Die Folge sind reduzierte Treibhausgasemissionen, also ein schonender Umgang mit dem Klima, und geringere Energiekosten.<\/p>\n<p>Generell achtet Hanno bei Investitionen auf den Energieverbrauch der Ger\u00e4te. Nicht nur bei Maschinen lassen sich Emissionen reduzieren: Mit der Umstellung auf \u00d6kostrom aus Wasserkraft und LED-Beleuchtung spart die Firma noch mehr CO2 ein. Dar\u00fcber hinaus ist das 2019 eingeweihte Technikum nach KfW 55-Standard besonders energieeffizient. Im Vergleich zu einem konventionell errichteten Geb\u00e4ude verbraucht es circa 45 Prozent weniger Energie.<\/p>\n<p>Weil E-Mobilit\u00e4t als wichtiger Baustein der Energiewende gilt, stellt das Laatzener Unternehmen seine Dienstwagenflotte au\u00dferdem schrittweise in den kommenden Jahren auf E-Fahrzeuge um. \u201eAlles in allem lohnt sich das nachhaltige Ma\u00dfnahmenpaket: So spart Hanno j\u00e4hrlich deutlich mehr als 1.000 Tonnen CO2 ein\u201c, unterstreicht Gesch\u00e4ftsf\u00fchrer G\u00fcnter Krohn und k\u00fcndigt weitere Schritte an.<\/p>\n<p><strong>Mit gro\u00dfen Schritten in Richtung Klimaneutralit\u00e4t<\/strong><\/p>\n<p>Im Rahmen des F\u00f6rderprogramms \u201eNeustart Niedersachsen Investitionen\u201c laufen weitere Projekte f\u00fcr noch mehr Nachhaltigkeit bei Hanno. Aktuell investiert das Unternehmen in ein Energiemanagementsystem, das zus\u00e4tzliches Einsparpotenzial aufzeigt. Lades\u00e4ulen f\u00fcr E-Fahrzeuge, eine Photovoltaikanlage f\u00fcr umweltfreundlichen Solarstrom und weitere Ma\u00dfnahmen zur W\u00e4rmer\u00fcckgewinnung will der Dicht- und D\u00e4mmspezialist bis 2022 umsetzen \u2013 f\u00fcr Umweltfreundlichkeit auf ganzer Linie.<\/p>\n<p>&nbsp;<\/p>\n<hr \/>\n<p>&nbsp;<\/p>\n<p><a href=\"http:\/\/www.pr-neu.de\/newsroom\/wordpress\/wp-content\/uploads\/2021\/09\/21-14_Hanno-Collage_K.jpg\" target=\"_blank\" rel=\"noopener\"><img loading=\"lazy\" decoding=\"async\" class=\"aligncenter wp-image-14364 size-medium\" src=\"http:\/\/www.pr-neu.de\/newsroom\/wordpress\/wp-content\/uploads\/2021\/09\/21-14_Hanno-Collage_K-300x212.jpg\" alt=\"\" width=\"300\" height=\"212\" srcset=\"https:\/\/www.pr-neu.de\/newsroom\/wordpress\/wp-content\/uploads\/2021\/09\/21-14_Hanno-Collage_K-300x212.jpg 300w, https:\/\/www.pr-neu.de\/newsroom\/wordpress\/wp-content\/uploads\/2021\/09\/21-14_Hanno-Collage_K-1024x724.jpg 1024w, https:\/\/www.pr-neu.de\/newsroom\/wordpress\/wp-content\/uploads\/2021\/09\/21-14_Hanno-Collage_K-768x543.jpg 768w, https:\/\/www.pr-neu.de\/newsroom\/wordpress\/wp-content\/uploads\/2021\/09\/21-14_Hanno-Collage_K-1536x1086.jpg 1536w, https:\/\/www.pr-neu.de\/newsroom\/wordpress\/wp-content\/uploads\/2021\/09\/21-14_Hanno-Collage_K-2048x1448.jpg 2048w, https:\/\/www.pr-neu.de\/newsroom\/wordpress\/wp-content\/uploads\/2021\/09\/21-14_Hanno-Collage_K-110x78.jpg 110w, https:\/\/www.pr-neu.de\/newsroom\/wordpress\/wp-content\/uploads\/2021\/09\/21-14_Hanno-Collage_K-420x297.jpg 420w, https:\/\/www.pr-neu.de\/newsroom\/wordpress\/wp-content\/uploads\/2021\/09\/21-14_Hanno-Collage_K-608x430.jpg 608w\" sizes=\"auto, (max-width: 300px) 100vw, 300px\" \/><\/a><\/p>\n<p style=\"text-align: center;\">Der sorgsame Umgang mit Ressourcen ist im Unternehmensleitbild von Hanno fest verankert: Nachhaltigkeit gilt als Versprechen an die Zukunft.<\/p>\n<p>&nbsp;<\/p>\n<p><a href=\"http:\/\/www.pr-neu.de\/newsroom\/wordpress\/wp-content\/uploads\/2021\/09\/21-14_Hanno-Werk_K.jpg\" target=\"_blank\" rel=\"noopener\"><img loading=\"lazy\" decoding=\"async\" class=\"aligncenter wp-image-14365 size-medium\" src=\"http:\/\/www.pr-neu.de\/newsroom\/wordpress\/wp-content\/uploads\/2021\/09\/21-14_Hanno-Werk_K-300x200.jpg\" alt=\"\" width=\"300\" height=\"200\" srcset=\"https:\/\/www.pr-neu.de\/newsroom\/wordpress\/wp-content\/uploads\/2021\/09\/21-14_Hanno-Werk_K-300x200.jpg 300w, https:\/\/www.pr-neu.de\/newsroom\/wordpress\/wp-content\/uploads\/2021\/09\/21-14_Hanno-Werk_K-1024x683.jpg 1024w, https:\/\/www.pr-neu.de\/newsroom\/wordpress\/wp-content\/uploads\/2021\/09\/21-14_Hanno-Werk_K-768x512.jpg 768w, https:\/\/www.pr-neu.de\/newsroom\/wordpress\/wp-content\/uploads\/2021\/09\/21-14_Hanno-Werk_K-1536x1024.jpg 1536w, https:\/\/www.pr-neu.de\/newsroom\/wordpress\/wp-content\/uploads\/2021\/09\/21-14_Hanno-Werk_K-2048x1365.jpg 2048w, https:\/\/www.pr-neu.de\/newsroom\/wordpress\/wp-content\/uploads\/2021\/09\/21-14_Hanno-Werk_K-110x73.jpg 110w, https:\/\/www.pr-neu.de\/newsroom\/wordpress\/wp-content\/uploads\/2021\/09\/21-14_Hanno-Werk_K-420x280.jpg 420w, https:\/\/www.pr-neu.de\/newsroom\/wordpress\/wp-content\/uploads\/2021\/09\/21-14_Hanno-Werk_K-645x430.jpg 645w\" sizes=\"auto, (max-width: 300px) 100vw, 300px\" \/><\/a><\/p>\n<p style=\"text-align: center;\">Seit Jahren optimiert der Dicht- und D\u00e4mmspezialist kontinuierlich seine \u00d6kobilanz \u2013 und spart j\u00e4hrlich \u00fcber 1.000 Tonnen CO2 ein.<\/p>\n<p>&nbsp;<\/p>\n<p><a href=\"http:\/\/www.pr-neu.de\/newsroom\/wordpress\/wp-content\/uploads\/2021\/09\/21-14_Krohn_K.jpg\" target=\"_blank\" rel=\"noopener\"><img loading=\"lazy\" decoding=\"async\" class=\"aligncenter wp-image-14366 size-medium\" src=\"http:\/\/www.pr-neu.de\/newsroom\/wordpress\/wp-content\/uploads\/2021\/09\/21-14_Krohn_K-225x300.jpg\" alt=\"\" width=\"225\" height=\"300\" srcset=\"https:\/\/www.pr-neu.de\/newsroom\/wordpress\/wp-content\/uploads\/2021\/09\/21-14_Krohn_K-225x300.jpg 225w, https:\/\/www.pr-neu.de\/newsroom\/wordpress\/wp-content\/uploads\/2021\/09\/21-14_Krohn_K-768x1024.jpg 768w, https:\/\/www.pr-neu.de\/newsroom\/wordpress\/wp-content\/uploads\/2021\/09\/21-14_Krohn_K-1152x1536.jpg 1152w, https:\/\/www.pr-neu.de\/newsroom\/wordpress\/wp-content\/uploads\/2021\/09\/21-14_Krohn_K-1536x2048.jpg 1536w, https:\/\/www.pr-neu.de\/newsroom\/wordpress\/wp-content\/uploads\/2021\/09\/21-14_Krohn_K-83x110.jpg 83w, https:\/\/www.pr-neu.de\/newsroom\/wordpress\/wp-content\/uploads\/2021\/09\/21-14_Krohn_K-315x420.jpg 315w, https:\/\/www.pr-neu.de\/newsroom\/wordpress\/wp-content\/uploads\/2021\/09\/21-14_Krohn_K-323x430.jpg 323w, https:\/\/www.pr-neu.de\/newsroom\/wordpress\/wp-content\/uploads\/2021\/09\/21-14_Krohn_K.jpg 1800w\" sizes=\"auto, (max-width: 225px) 100vw, 225px\" \/><\/a><\/p>\n<p style=\"text-align: center;\">\u201eWir sind stolz, gemeinsam mit Mitarbeitern, Kunden und Partnern eine nachhaltigere Zukunft zu gestalten\u201c, sagt G\u00fcnter Krohn, Gesch\u00e4ftsf\u00fchrer der Hanno Werk GmbH &amp; Co. KG.<\/p>\n<p style=\"text-align: center;\">Bilder: Hanno Werk GmbH &amp; Co. KG<\/p>\n<p>&nbsp;<\/p>\n<hr \/>\n<p>&nbsp;<\/p>\n<p>Abdruck honorarfrei, Belegexemplar erbeten.<\/p>\n","protected":false},"excerpt":{"rendered":"<p>Der Umwelt zuliebe: Hanno wird gr\u00fcn Nachhaltigkeit wird bei Hanno gro\u00dfgeschrieben: Neben dem kontinuierlichen Ausbau des Unternehmens investiert der Dicht- und D\u00e4mmspezialist bereits seit Jahren in umweltschonende Ma\u00dfnahmen \u2013 und optimiert so konsequent seine \u00d6kobilanz. Dass Nachhaltigkeit bei Hanno nicht blo\u00df ein Trendthema ist, zeigt sich bereits im Leitbild des Unternehmens: Der schonende und verantwortungsbewusste [&hellip;]<\/p>\n","protected":false},"author":6,"featured_media":14365,"comment_status":"closed","ping_status":"open","sticky":false,"template":"","format":"standard","meta":{"footnotes":""},"categories":[655],"tags":[],"class_list":["post-14362","post","type-post","status-publish","format-standard","has-post-thumbnail","hentry","category-hanno"],"_links":{"self":[{"href":"https:\/\/www.pr-neu.de\/newsroom\/wp-json\/wp\/v2\/posts\/14362","targetHints":{"allow":["GET"]}}],"collection":[{"href":"https:\/\/www.pr-neu.de\/newsroom\/wp-json\/wp\/v2\/posts"}],"about":[{"href":"https:\/\/www.pr-neu.de\/newsroom\/wp-json\/wp\/v2\/types\/post"}],"author":[{"embeddable":true,"href":"https:\/\/www.pr-neu.de\/newsroom\/wp-json\/wp\/v2\/users\/6"}],"replies":[{"embeddable":true,"href":"https:\/\/www.pr-neu.de\/newsroom\/wp-json\/wp\/v2\/comments?post=14362"}],"version-history":[{"count":2,"href":"https:\/\/www.pr-neu.de\/newsroom\/wp-json\/wp\/v2\/posts\/14362\/revisions"}],"predecessor-version":[{"id":14367,"href":"https:\/\/www.pr-neu.de\/newsroom\/wp-json\/wp\/v2\/posts\/14362\/revisions\/14367"}],"wp:featuredmedia":[{"embeddable":true,"href":"https:\/\/www.pr-neu.de\/newsroom\/wp-json\/wp\/v2\/media\/14365"}],"wp:attachment":[{"href":"https:\/\/www.pr-neu.de\/newsroom\/wp-json\/wp\/v2\/media?parent=14362"}],"wp:term":[{"taxonomy":"category","embeddable":true,"href":"https:\/\/www.pr-neu.de\/newsroom\/wp-json\/wp\/v2\/categories?post=14362"},{"taxonomy":"post_tag","embeddable":true,"href":"https:\/\/www.pr-neu.de\/newsroom\/wp-json\/wp\/v2\/tags?post=14362"}],"curies":[{"name":"wp","href":"https:\/\/api.w.org\/{rel}","templated":true}]}}