{"id":14350,"date":"2021-08-31T10:20:20","date_gmt":"2021-08-31T08:20:20","guid":{"rendered":"https:\/\/www.pr-neu.de\/newsroom\/?p=14350"},"modified":"2021-08-31T10:21:56","modified_gmt":"2021-08-31T08:21:56","slug":"gemeinsam-zu-privaten-auftraegen","status":"publish","type":"post","link":"https:\/\/www.pr-neu.de\/newsroom\/gemeinsam-zu-privaten-auftraegen\/","title":{"rendered":"Gemeinsam zu privaten Auftr\u00e4gen"},"content":{"rendered":"<p><!--MBNHE--><\/p>\n<p><u>Sto: Kampagne \u201eFassade sanieren. Wohnwert steigern.\u201c bindet das Ausbau-Handwerk ein<\/u><\/p>\n<p><strong>Mit einem umfangreichen Angebot unterst\u00fctzt Sto Maler- und Stuckateur-Betriebe in der Ansprache von privaten Bauherren. Das Marketingmaterial ist verkn\u00fcpft mit der Imagekampagne \u201eFassade sanieren. Wohnwert steigern.\u201c, mit der der WDVS-Marktf\u00fchrer Hauseigent\u00fcmer direkt anspricht. So verst\u00e4rken sich die Marketingaktivit\u00e4ten des Herstellers und des Handwerks gegenseitig.<\/strong><\/p>\n<p>Vorlagen f\u00fcr Printanzeigen und Online-Banner, Brosch\u00fcren, Flyer, Social-Media-Inhalte oder Ger\u00fcstnetze f\u00fcr die Baustelle und Roll-ups f\u00fcr das Ladengesch\u00e4ft: F\u00fcr inhaltsstarke Werbung und einen professionellen Au\u00dfenauftritt bietet die Sto SE &amp; Co. KGaA ihren Partnern im Handwerk breite Unterst\u00fctzung. Die Kernbotschaft: Sanieren rechnet sich \u2013 und der perfekte Partner daf\u00fcr ist der Maler- oder Stuckateur-Betrieb. Unter dem Motto \u201eFassade sanieren. Wohnwert steigern.\u201c stellt der WDVS-Marktf\u00fchrer Werbemittel bereit, die sich mit dem Kundenlogo individualisieren lassen. So profitiert der Betrieb von der Strahlkraft der Marke und erh\u00e4lt zu fairen Preisen eine hochwertige Marketingausstattung.<\/p>\n<p>Die Kampagne vermittelt \u00fcberzeugend, warum es sich f\u00fcr private Bauherren lohnt, in das Eigenheim zu investieren: Energieeffizienz mit sinkenden Heizkosten und sinkenden CO2-Emissionen, Werterhalt, attraktivere Optik, Wohnwertsteigerung \u2013 alles gute Argumente f\u00fcr eine Fassadensanierung. Die Sto-Kampagne \u201eFassade sanieren. Wohnwert steigern.\u201c vermittelt diese Botschaften neutral, informativ und emotional \u2013 und das erleichtert den Fachhandwerkern den Dialog mit ihren potenziellen Auftraggebern. Mehr Infos und eine Bestellm\u00f6glichkeit f\u00fcr Werbemittel gibt es auf\u00a0 wohnwert-steigern.de\/werbemittel.<\/p>\n<p>&nbsp;<\/p>\n<hr \/>\n<p>&nbsp;<\/p>\n<p><a href=\"http:\/\/www.pr-neu.de\/newsroom\/wordpress\/wp-content\/uploads\/2021\/08\/21-19_Werbemittel_K.jpg\" target=\"_blank\" rel=\"noopener\"><img loading=\"lazy\" decoding=\"async\" class=\"aligncenter wp-image-14351 size-medium\" src=\"http:\/\/www.pr-neu.de\/newsroom\/wordpress\/wp-content\/uploads\/2021\/08\/21-19_Werbemittel_K-300x241.jpg\" alt=\"\" width=\"300\" height=\"241\" srcset=\"https:\/\/www.pr-neu.de\/newsroom\/wordpress\/wp-content\/uploads\/2021\/08\/21-19_Werbemittel_K-300x241.jpg 300w, https:\/\/www.pr-neu.de\/newsroom\/wordpress\/wp-content\/uploads\/2021\/08\/21-19_Werbemittel_K-1024x823.jpg 1024w, https:\/\/www.pr-neu.de\/newsroom\/wordpress\/wp-content\/uploads\/2021\/08\/21-19_Werbemittel_K-768x617.jpg 768w, https:\/\/www.pr-neu.de\/newsroom\/wordpress\/wp-content\/uploads\/2021\/08\/21-19_Werbemittel_K-1536x1234.jpg 1536w, https:\/\/www.pr-neu.de\/newsroom\/wordpress\/wp-content\/uploads\/2021\/08\/21-19_Werbemittel_K-2048x1645.jpg 2048w, https:\/\/www.pr-neu.de\/newsroom\/wordpress\/wp-content\/uploads\/2021\/08\/21-19_Werbemittel_K-110x88.jpg 110w, https:\/\/www.pr-neu.de\/newsroom\/wordpress\/wp-content\/uploads\/2021\/08\/21-19_Werbemittel_K-420x337.jpg 420w, https:\/\/www.pr-neu.de\/newsroom\/wordpress\/wp-content\/uploads\/2021\/08\/21-19_Werbemittel_K-535x430.jpg 535w\" sizes=\"auto, (max-width: 300px) 100vw, 300px\" \/><\/a><\/p>\n<p style=\"text-align: center;\">Sto unterst\u00fctzt seine Partner im Fachhandwerk mit ausdifferenziertem Marketingmaterial \u2013 vom Social-Media-Post bis zum Ger\u00fcstnetz. Nat\u00fcrlich lassen sich die Werbemittel individualisieren.<\/p>\n<p style=\"text-align: center;\">Bilder: AdobeStock \/ Sto SE &amp; Co. KGaA<\/p>\n<p>&nbsp;<\/p>\n<hr \/>\n<p>&nbsp;<\/p>\n<p>Abdruck honorarfrei, Belegexemplar erbeten.<\/p>\n","protected":false},"excerpt":{"rendered":"<p>Sto: Kampagne \u201eFassade sanieren. Wohnwert steigern.\u201c bindet das Ausbau-Handwerk ein Mit einem umfangreichen Angebot unterst\u00fctzt Sto Maler- und Stuckateur-Betriebe in der Ansprache von privaten Bauherren. Das Marketingmaterial ist verkn\u00fcpft mit der Imagekampagne \u201eFassade sanieren. Wohnwert steigern.\u201c, mit der der WDVS-Marktf\u00fchrer Hauseigent\u00fcmer direkt anspricht. So verst\u00e4rken sich die Marketingaktivit\u00e4ten des Herstellers und des Handwerks gegenseitig. Vorlagen [&hellip;]<\/p>\n","protected":false},"author":6,"featured_media":14351,"comment_status":"closed","ping_status":"open","sticky":false,"template":"","format":"standard","meta":{"footnotes":""},"categories":[15],"tags":[],"class_list":["post-14350","post","type-post","status-publish","format-standard","has-post-thumbnail","hentry","category-sto"],"_links":{"self":[{"href":"https:\/\/www.pr-neu.de\/newsroom\/wp-json\/wp\/v2\/posts\/14350","targetHints":{"allow":["GET"]}}],"collection":[{"href":"https:\/\/www.pr-neu.de\/newsroom\/wp-json\/wp\/v2\/posts"}],"about":[{"href":"https:\/\/www.pr-neu.de\/newsroom\/wp-json\/wp\/v2\/types\/post"}],"author":[{"embeddable":true,"href":"https:\/\/www.pr-neu.de\/newsroom\/wp-json\/wp\/v2\/users\/6"}],"replies":[{"embeddable":true,"href":"https:\/\/www.pr-neu.de\/newsroom\/wp-json\/wp\/v2\/comments?post=14350"}],"version-history":[{"count":1,"href":"https:\/\/www.pr-neu.de\/newsroom\/wp-json\/wp\/v2\/posts\/14350\/revisions"}],"predecessor-version":[{"id":14352,"href":"https:\/\/www.pr-neu.de\/newsroom\/wp-json\/wp\/v2\/posts\/14350\/revisions\/14352"}],"wp:featuredmedia":[{"embeddable":true,"href":"https:\/\/www.pr-neu.de\/newsroom\/wp-json\/wp\/v2\/media\/14351"}],"wp:attachment":[{"href":"https:\/\/www.pr-neu.de\/newsroom\/wp-json\/wp\/v2\/media?parent=14350"}],"wp:term":[{"taxonomy":"category","embeddable":true,"href":"https:\/\/www.pr-neu.de\/newsroom\/wp-json\/wp\/v2\/categories?post=14350"},{"taxonomy":"post_tag","embeddable":true,"href":"https:\/\/www.pr-neu.de\/newsroom\/wp-json\/wp\/v2\/tags?post=14350"}],"curies":[{"name":"wp","href":"https:\/\/api.w.org\/{rel}","templated":true}]}}