{"id":14342,"date":"2021-08-30T10:35:04","date_gmt":"2021-08-30T08:35:04","guid":{"rendered":"https:\/\/www.pr-neu.de\/newsroom\/?p=14342"},"modified":"2021-08-30T10:40:49","modified_gmt":"2021-08-30T08:40:49","slug":"1-800-quadratmeter-leichtbauplatten-fuer-flutopfer","status":"publish","type":"post","link":"https:\/\/www.pr-neu.de\/newsroom\/1-800-quadratmeter-leichtbauplatten-fuer-flutopfer\/","title":{"rendered":"1.800 Quadratmeter Leichtbauplatten f\u00fcr Flutopfer"},"content":{"rendered":"<p><u>#solidAHRit\u00e4t Spendenaktion<\/u><\/p>\n<p><strong>Nach dem Aufr\u00e4umen im Ahrtal wollen die Menschen in der Region jetzt wieder ihre Infrastruktur aufbauen und die H\u00e4user retten und sanieren. Verotec spendete daf\u00fcr 1.800 Quadratmeter Leichtbauplatten.<\/strong><\/p>\n<p>Auf zehn Euro-Paletten gingen am 20. August mehr als 1800 Quadratmeter Bl\u00e4hglas-Leichtbauplatten an den Baustoffh\u00e4ndler Kaiser, der in Walporzheim\/Ahrtal extra ein spezielles Zelt f\u00fcr Materialspenden errichtet hat. Wolfgang M\u00fcller vom Hersteller Verotec berichtet: \u201eDie Koordination der Helfer l\u00e4uft mittlerweile hoch professionell. Wir k\u00f6nnen sicher sein, dass das gespendete Baumaterial dort ankommt, wo es wirklich gebraucht wird.\u201c M\u00fcller wohnt nicht weit entfernt vom Hochwassergebiet und hat in seiner Freizeit ehrenamtlich geholfen \u2013 als Baggerfahrer bei den Aufr\u00e4umarbeiten, im Baustoffzelt und er will auch bei der Sanierung und dem Wiederaufbau der zerst\u00f6rten Geb\u00e4ude unterst\u00fctzend dabei sein.<\/p>\n<p>Verotec-Gesch\u00e4ftsf\u00fchrer Dirk Franz unterstreicht: \u201eWir h\u00f6rten die Berichte unseres Kollegen und verfolgten die Nachrichten. Uns war von Anfang an klar, dass wir die Leute unterst\u00fctzen wollen. Daf\u00fcr kam vor allem eine Materialspende infrage.\u201c Die Verotec-Leichtbauplatten (VeroBoard) aus nachhaltig hergestelltem Bl\u00e4hglas eignen sich ideal f\u00fcr die Innenraumsanierung, da sie feuchteresistent und schimmelhemmend sind. Vor Ort nahmen die Koordinatoren die Bauplatten mit Dank in Empfang.<\/p>\n<p>Verotec geh\u00f6rt zum internationalen Baustoffhersteller Sto SE &amp; Co. KGaA. Der Konzern hat sich zu Nachhaltigkeit und Corporate Social Responsibility verpflichtet.<\/p>\n<p>&nbsp;<\/p>\n<hr \/>\n<p>&nbsp;<\/p>\n<p><a href=\"http:\/\/www.pr-neu.de\/newsroom\/wordpress\/wp-content\/uploads\/2021\/08\/21-04_Baustoffzelt_Ahrtal_K.jpg\" target=\"_blank\" rel=\"noopener\"><img loading=\"lazy\" decoding=\"async\" class=\"aligncenter wp-image-14343 size-medium\" src=\"http:\/\/www.pr-neu.de\/newsroom\/wordpress\/wp-content\/uploads\/2021\/08\/21-04_Baustoffzelt_Ahrtal_K-300x225.jpg\" alt=\"\" width=\"300\" height=\"225\" srcset=\"https:\/\/www.pr-neu.de\/newsroom\/wordpress\/wp-content\/uploads\/2021\/08\/21-04_Baustoffzelt_Ahrtal_K-300x225.jpg 300w, https:\/\/www.pr-neu.de\/newsroom\/wordpress\/wp-content\/uploads\/2021\/08\/21-04_Baustoffzelt_Ahrtal_K-1024x768.jpg 1024w, https:\/\/www.pr-neu.de\/newsroom\/wordpress\/wp-content\/uploads\/2021\/08\/21-04_Baustoffzelt_Ahrtal_K-768x576.jpg 768w, https:\/\/www.pr-neu.de\/newsroom\/wordpress\/wp-content\/uploads\/2021\/08\/21-04_Baustoffzelt_Ahrtal_K-1536x1153.jpg 1536w, https:\/\/www.pr-neu.de\/newsroom\/wordpress\/wp-content\/uploads\/2021\/08\/21-04_Baustoffzelt_Ahrtal_K-2048x1537.jpg 2048w, https:\/\/www.pr-neu.de\/newsroom\/wordpress\/wp-content\/uploads\/2021\/08\/21-04_Baustoffzelt_Ahrtal_K-110x83.jpg 110w, https:\/\/www.pr-neu.de\/newsroom\/wordpress\/wp-content\/uploads\/2021\/08\/21-04_Baustoffzelt_Ahrtal_K-420x315.jpg 420w, https:\/\/www.pr-neu.de\/newsroom\/wordpress\/wp-content\/uploads\/2021\/08\/21-04_Baustoffzelt_Ahrtal_K-573x430.jpg 573w\" sizes=\"auto, (max-width: 300px) 100vw, 300px\" \/><\/a><\/p>\n<p style=\"text-align: center;\">Wolfgang M\u00fcller, Key Account Manager bei Verotec, nahm die Plattenspende entgegen. W\u00e4hrend seiner ehrenamtlichen Hilfsdienste im Baustoffzelt ber\u00e4t er zu Verarbeitungsfragen.<\/p>\n<p>&nbsp;<\/p>\n<p><a href=\"http:\/\/www.pr-neu.de\/newsroom\/wordpress\/wp-content\/uploads\/2021\/08\/21-04_Spende_Platten_2_K.jpg\" target=\"_blank\" rel=\"noopener\"><img loading=\"lazy\" decoding=\"async\" class=\"aligncenter wp-image-14345 size-medium\" src=\"http:\/\/www.pr-neu.de\/newsroom\/wordpress\/wp-content\/uploads\/2021\/08\/21-04_Spende_Platten_2_K-300x195.jpg\" alt=\"\" width=\"300\" height=\"195\" srcset=\"https:\/\/www.pr-neu.de\/newsroom\/wordpress\/wp-content\/uploads\/2021\/08\/21-04_Spende_Platten_2_K-300x195.jpg 300w, https:\/\/www.pr-neu.de\/newsroom\/wordpress\/wp-content\/uploads\/2021\/08\/21-04_Spende_Platten_2_K-1024x664.jpg 1024w, https:\/\/www.pr-neu.de\/newsroom\/wordpress\/wp-content\/uploads\/2021\/08\/21-04_Spende_Platten_2_K-768x498.jpg 768w, https:\/\/www.pr-neu.de\/newsroom\/wordpress\/wp-content\/uploads\/2021\/08\/21-04_Spende_Platten_2_K-1536x996.jpg 1536w, https:\/\/www.pr-neu.de\/newsroom\/wordpress\/wp-content\/uploads\/2021\/08\/21-04_Spende_Platten_2_K-2048x1329.jpg 2048w, https:\/\/www.pr-neu.de\/newsroom\/wordpress\/wp-content\/uploads\/2021\/08\/21-04_Spende_Platten_2_K-110x71.jpg 110w, https:\/\/www.pr-neu.de\/newsroom\/wordpress\/wp-content\/uploads\/2021\/08\/21-04_Spende_Platten_2_K-420x272.jpg 420w, https:\/\/www.pr-neu.de\/newsroom\/wordpress\/wp-content\/uploads\/2021\/08\/21-04_Spende_Platten_2_K-663x430.jpg 663w\" sizes=\"auto, (max-width: 300px) 100vw, 300px\" \/><\/a><\/p>\n<p><a href=\"http:\/\/www.pr-neu.de\/newsroom\/wordpress\/wp-content\/uploads\/2021\/08\/21-04_Spende_Platten_1_K.jpg\" target=\"_blank\" rel=\"noopener\"><img loading=\"lazy\" decoding=\"async\" class=\"aligncenter wp-image-14344 size-medium\" src=\"http:\/\/www.pr-neu.de\/newsroom\/wordpress\/wp-content\/uploads\/2021\/08\/21-04_Spende_Platten_1_K-300x300.jpg\" alt=\"\" width=\"300\" height=\"300\" srcset=\"https:\/\/www.pr-neu.de\/newsroom\/wordpress\/wp-content\/uploads\/2021\/08\/21-04_Spende_Platten_1_K-300x300.jpg 300w, https:\/\/www.pr-neu.de\/newsroom\/wordpress\/wp-content\/uploads\/2021\/08\/21-04_Spende_Platten_1_K-1024x1024.jpg 1024w, https:\/\/www.pr-neu.de\/newsroom\/wordpress\/wp-content\/uploads\/2021\/08\/21-04_Spende_Platten_1_K-150x150.jpg 150w, https:\/\/www.pr-neu.de\/newsroom\/wordpress\/wp-content\/uploads\/2021\/08\/21-04_Spende_Platten_1_K-768x768.jpg 768w, https:\/\/www.pr-neu.de\/newsroom\/wordpress\/wp-content\/uploads\/2021\/08\/21-04_Spende_Platten_1_K-1536x1536.jpg 1536w, https:\/\/www.pr-neu.de\/newsroom\/wordpress\/wp-content\/uploads\/2021\/08\/21-04_Spende_Platten_1_K-2048x2048.jpg 2048w, https:\/\/www.pr-neu.de\/newsroom\/wordpress\/wp-content\/uploads\/2021\/08\/21-04_Spende_Platten_1_K-250x250.jpg 250w, https:\/\/www.pr-neu.de\/newsroom\/wordpress\/wp-content\/uploads\/2021\/08\/21-04_Spende_Platten_1_K-125x125.jpg 125w, https:\/\/www.pr-neu.de\/newsroom\/wordpress\/wp-content\/uploads\/2021\/08\/21-04_Spende_Platten_1_K-110x110.jpg 110w, https:\/\/www.pr-neu.de\/newsroom\/wordpress\/wp-content\/uploads\/2021\/08\/21-04_Spende_Platten_1_K-420x420.jpg 420w, https:\/\/www.pr-neu.de\/newsroom\/wordpress\/wp-content\/uploads\/2021\/08\/21-04_Spende_Platten_1_K-430x430.jpg 430w\" sizes=\"auto, (max-width: 300px) 100vw, 300px\" \/><\/a><\/p>\n<p style=\"text-align: center;\">1800 Quadratmeter Leichtbauplatten f\u00fcr das Ahrtal wurden Mitte August vom Lauinger Werk ins Ahrtal versendet.<\/p>\n<p style=\"text-align: center;\">Bilder: Verotec<\/p>\n<p>&nbsp;<\/p>\n<hr \/>\n<p>&nbsp;<\/p>\n<p><strong>Hintergrund:<\/strong><br \/>\n<strong>Verotec<\/strong> (Lauingen\/Donau), bekannt als Hersteller von Systemen f\u00fcr vorgeh\u00e4ngte, hinterl\u00fcftete Fassaden und Akustik, ist Teil der Sto Group, agiert seit 2014 eigenst\u00e4ndig \u2013 mit eigenem Vertrieb, in neuen M\u00e4rkten. Die hochwertigen Leichtbauplatten aus Bl\u00e4hglas und Verolith\u00ae sind im Industrievertrieb und \u00fcber den Fach- und Einzelhandel erh\u00e4ltlich. Weitere Verotec-Produkte und Infos \u00fcber Verotec unter <a href=\"http:\/\/www.verotec.de\">www.verotec.de<\/a>.<br \/>\n<strong>VeroBoard\u00ae Rapid<\/strong> ist die Verotec-Eigenmarke f\u00fcr Leichtbauprodukte im DIY. Sie basiert auf der dimensionsstabilen Leichtbauplatte, die mehr kann als herk\u00f6mmliche Bauplatten in Trockenbausystemen: Sie ist besonders leicht (5 kg\/m\u00b2), schnell und einfach zu verarbeiten, in Innenr\u00e4umen, Feuchtr\u00e4umen und auch au\u00dfen einsetzbar und deshalb besonders bei Heimwerkern beliebt. Schadstofffrei und diffusionsoffen tr\u00e4gt sie zu einem guten Wohlf\u00fchlklima im Raum bei. Zudem ist sie ein umweltfreundliches Recycling-Produkt: VeroBoard\u00ae Rapid besteht zu 96 Prozent aus Altglas (Bl\u00e4hglas). Formate: Handliche 80 x 120 cm, f\u00fcr den gro\u00dffl\u00e4chigen Einsatz 120 x 240 cm. Als Erg\u00e4nzungsprodukt unterst\u00fctzt der mineralische und schadstoffarme Silikat-Spachtel das Raumklima in sensiblen Wohnumgebungen, hemmt die Bildung von Schimmel und ist ideal zum Gl\u00e4tten von Untergr\u00fcnden f\u00fcr VeroBoard Rapid Leichtbaukonstruktionen.<br \/>\n<a href=\"http:\/\/www.veroboard-rapid.de\">www.veroboard-rapid.de<\/a><\/p>\n<p>&nbsp;<\/p>\n<hr \/>\n<p>&nbsp;<\/p>\n<p>Abdruck honorarfrei, Belegexemplar erbeten.<\/p>\n","protected":false},"excerpt":{"rendered":"<p>#solidAHRit\u00e4t Spendenaktion Nach dem Aufr\u00e4umen im Ahrtal wollen die Menschen in der Region jetzt wieder ihre Infrastruktur aufbauen und die H\u00e4user retten und sanieren. Verotec spendete daf\u00fcr 1.800 Quadratmeter Leichtbauplatten. Auf zehn Euro-Paletten gingen am 20. August mehr als 1800 Quadratmeter Bl\u00e4hglas-Leichtbauplatten an den Baustoffh\u00e4ndler Kaiser, der in Walporzheim\/Ahrtal extra ein spezielles Zelt f\u00fcr Materialspenden [&hellip;]<\/p>\n","protected":false},"author":6,"featured_media":14343,"comment_status":"closed","ping_status":"open","sticky":false,"template":"","format":"standard","meta":{"footnotes":""},"categories":[22],"tags":[],"class_list":["post-14342","post","type-post","status-publish","format-standard","has-post-thumbnail","hentry","category-verotec"],"_links":{"self":[{"href":"https:\/\/www.pr-neu.de\/newsroom\/wp-json\/wp\/v2\/posts\/14342","targetHints":{"allow":["GET"]}}],"collection":[{"href":"https:\/\/www.pr-neu.de\/newsroom\/wp-json\/wp\/v2\/posts"}],"about":[{"href":"https:\/\/www.pr-neu.de\/newsroom\/wp-json\/wp\/v2\/types\/post"}],"author":[{"embeddable":true,"href":"https:\/\/www.pr-neu.de\/newsroom\/wp-json\/wp\/v2\/users\/6"}],"replies":[{"embeddable":true,"href":"https:\/\/www.pr-neu.de\/newsroom\/wp-json\/wp\/v2\/comments?post=14342"}],"version-history":[{"count":4,"href":"https:\/\/www.pr-neu.de\/newsroom\/wp-json\/wp\/v2\/posts\/14342\/revisions"}],"predecessor-version":[{"id":14349,"href":"https:\/\/www.pr-neu.de\/newsroom\/wp-json\/wp\/v2\/posts\/14342\/revisions\/14349"}],"wp:featuredmedia":[{"embeddable":true,"href":"https:\/\/www.pr-neu.de\/newsroom\/wp-json\/wp\/v2\/media\/14343"}],"wp:attachment":[{"href":"https:\/\/www.pr-neu.de\/newsroom\/wp-json\/wp\/v2\/media?parent=14342"}],"wp:term":[{"taxonomy":"category","embeddable":true,"href":"https:\/\/www.pr-neu.de\/newsroom\/wp-json\/wp\/v2\/categories?post=14342"},{"taxonomy":"post_tag","embeddable":true,"href":"https:\/\/www.pr-neu.de\/newsroom\/wp-json\/wp\/v2\/tags?post=14342"}],"curies":[{"name":"wp","href":"https:\/\/api.w.org\/{rel}","templated":true}]}}