{"id":14333,"date":"2021-08-26T14:25:33","date_gmt":"2021-08-26T12:25:33","guid":{"rendered":"https:\/\/www.pr-neu.de\/newsroom\/?p=14333"},"modified":"2021-08-26T14:27:25","modified_gmt":"2021-08-26T12:27:25","slug":"mehr-als-ein-gruener-anstrich","status":"publish","type":"post","link":"https:\/\/www.pr-neu.de\/newsroom\/mehr-als-ein-gruener-anstrich\/","title":{"rendered":"Mehr als ein gr\u00fcner Anstrich"},"content":{"rendered":"<p><u>Gr\u00fcnes Musterbeispiel: Wohnanlage in Ludwigshafen mit StoTherm AimS energetisch saniert<\/u><\/p>\n<p><strong>In hellem Gr\u00fcn zeigen sich die sanierten Fassaden eines Mehrfamilienwohnhauses in Ludwigshafen am Rhein. Doch das Beispiel der BASF Wohnen und Bauen GmbH ist weit mehr als Optik: Bei der Sanierung, die den Energieverbrauch der Wohnungen dauerhaft senkt, kam ein besonders nachhaltiges Fassadend\u00e4mmsystem zum Einsatz \u2013 \u201eStoTherm AimS\u201c. Hier sind schon die Beschichtungen besonders umweltfreundlich, die dort eingesetzten Bindemittel basieren teilweise auf nat\u00fcrlichem Kiefern\u00f6l anstelle von Erd\u00f6l. So verbessert das System der Sto SE &amp; Co. KGaA die Umweltbilanz \u2013 ohne Abstriche bei der Verarbeitung, der Langlebigkeit oder der Wirksamkeit. Das Objekt vereint damit Nachhaltigkeit und Wirtschaftlichkeit.<\/strong><\/p>\n<p>Manche Geb\u00e4ude haben versteckte Qualit\u00e4ten \u2013 wie das Eckgeb\u00e4ude in der Ludwigshafener Leopoldstra\u00dfe, ein viergeschossiges, schn\u00f6rkelloses Wohnhaus aus den 1960er Jahren. Gerade saniert, leuchten die Fassaden in frischem Gr\u00fcn, ein helles Blau umfasst Fenster und Loggien zur Stra\u00dfe. Die energetische Sanierung erfolgte 2020 mit einem W\u00e4rmed\u00e4mm-Verbundsystem (StoTherm AimS). Klingt nach vorbildlich umgesetztem Standard. Verarbeitungstechnisch und energetisch gilt das durchaus, doch es ist mehr: Durch die innovativen Beschichtungen des AimS-Systems (Aim S = Aim Sustainibility = Ziel Nachhaltigkeit) ergibt sich eine bessere Umweltbilanz im Vergleich zu konventionellen WDV-Systemen, da schon die Baustoffe selbst umweltfreundlicher sind.<\/p>\n<p><strong>Erd\u00f6l gespart \u2013 schon beim Anstrich<\/strong><\/p>\n<p>Das Geb\u00e4ude der BASF Wohnen und Bauen GmbH ist eines der ersten, das mit Produkten der neuen \u201cAimS-Familie\u201c saniert wurde. Die Bindemittel der Putze und Beschichtungen wurden hier zu einem Drittel aus dem nachwachsenden Rohstoff Kiefern\u00f6l gewonnen, was bereits bei der Produktherstellung wertvolle Rohstoffe spartIn diesem Fall ergibt sich (bei rund 650 Quadratmetern Fassade) eine Ersparnis von rund 140 Litern Erd\u00f6l. Das Kiefern\u00f6l stammt aus Resten der Holzverarbeitung, steht also nicht in Konkurrenz zum Nahrungsmittelanbau und ist ausreichend verf\u00fcgbar.<\/p>\n<p>F\u00fcr die Handwerker auf der Baustelle \u00e4ndert sich indes nichts. \u201eWir haben keinen Unterschied festgestellt, der Verbrauch war identisch mit unseren gewohnten Werten. Details und Anschl\u00fcsse passten, wir ben\u00f6tigten keine besonderen Werkzeuge oder Schulungen\u201c, sagt Markus Simon, Bauleiter der Heil Maler GmbH (Steinwenden) und f\u00fcr die Sanierung verantwortlich. \u201eH\u00e4tten wir nicht gewusst, dass die Produkte neu sind, wir h\u00e4tten es gar nicht bemerkt.\u201c Verarbeitet wurde der zementfreie StoArmat Classic AimS als Unterputz, Stolit AimS als Oberputz und StoColor Lotusan AimS als Fassadenanstrich. Alle drei sind \u00fcber Jahre auf Testfl\u00e4chen erprobt und gepr\u00fcft, also so sicher und langlebig wie konventionelle Alternativen.<\/p>\n<p>Als D\u00e4mmstoff kam EPS zum Einsatz (WLG 032), f\u00fcr eine Brandwand (eine Giebelwand zum Nachbargeb\u00e4ude) Mineralwolle. Dort ist das WDV-System nichtbrennbar (A2-s1 d0), also auch f\u00fcr Hochh\u00e4user zugelassen und sogar mit dem Umweltzeichen \u201eDer Blaue Engel\u201c zertifiziert. StoTherm AimS ist aktuell das einzige WDVS mit Unter- beziehungsweise Oberputzen und Fassadenfarbe auf der Basis nachwachsender Rohstoffe.<\/p>\n<p>&nbsp;<\/p>\n<hr \/>\n<p>&nbsp;<\/p>\n<p><a href=\"http:\/\/www.pr-neu.de\/newsroom\/wordpress\/wp-content\/uploads\/2021\/08\/21-15_Messow_K.jpg\" target=\"_blank\" rel=\"noopener\"><img loading=\"lazy\" decoding=\"async\" class=\"alignright wp-image-14334\" src=\"http:\/\/www.pr-neu.de\/newsroom\/wordpress\/wp-content\/uploads\/2021\/08\/21-15_Messow_K-200x300.jpg\" alt=\"\" width=\"133\" height=\"200\" srcset=\"https:\/\/www.pr-neu.de\/newsroom\/wordpress\/wp-content\/uploads\/2021\/08\/21-15_Messow_K-200x300.jpg 200w, https:\/\/www.pr-neu.de\/newsroom\/wordpress\/wp-content\/uploads\/2021\/08\/21-15_Messow_K-682x1024.jpg 682w, https:\/\/www.pr-neu.de\/newsroom\/wordpress\/wp-content\/uploads\/2021\/08\/21-15_Messow_K-768x1153.jpg 768w, https:\/\/www.pr-neu.de\/newsroom\/wordpress\/wp-content\/uploads\/2021\/08\/21-15_Messow_K-1023x1536.jpg 1023w, https:\/\/www.pr-neu.de\/newsroom\/wordpress\/wp-content\/uploads\/2021\/08\/21-15_Messow_K-1364x2048.jpg 1364w, https:\/\/www.pr-neu.de\/newsroom\/wordpress\/wp-content\/uploads\/2021\/08\/21-15_Messow_K-73x110.jpg 73w, https:\/\/www.pr-neu.de\/newsroom\/wordpress\/wp-content\/uploads\/2021\/08\/21-15_Messow_K-280x420.jpg 280w, https:\/\/www.pr-neu.de\/newsroom\/wordpress\/wp-content\/uploads\/2021\/08\/21-15_Messow_K-286x430.jpg 286w, https:\/\/www.pr-neu.de\/newsroom\/wordpress\/wp-content\/uploads\/2021\/08\/21-15_Messow_K.jpg 1599w\" sizes=\"auto, (max-width: 133px) 100vw, 133px\" \/><\/a><\/p>\n<p><strong>Q U O T E<\/strong><br \/>\n\u201eBei StoTherm Aim S ersetzt Kiefern\u00f6l zum Teil das Erd\u00f6l im Bindemittel. Dadurch ist das Gesamtsystem schon vor der Verarbeitung ein Gewinn f\u00fcr die Nachhaltigkeit, da regenerative Bestandteile endliche ersetzen. Das passt gut in unsere Strategie als Technologie- und Marktf\u00fchrer und zu unserem Selbstverst\u00e4ndnis \u201aBewusst bauen\u2018.\u201c<br \/>\nDr. Eike Messow, Leiter Nachhaltigkeit der Sto SE &amp; Co. KGaA<br \/>\nFoto: Martin Baitinger \/ Sto SE &amp; Co. KGaA<\/p>\n<p>&nbsp;<\/p>\n<p>&nbsp;<\/p>\n<hr \/>\n<p>&nbsp;<\/p>\n<p><a href=\"http:\/\/www.pr-neu.de\/newsroom\/wordpress\/wp-content\/uploads\/2021\/08\/21-15_Ludwigshafen_01_K.jpg\" target=\"_blank\" rel=\"noopener\"><img loading=\"lazy\" decoding=\"async\" class=\"aligncenter wp-image-14335 size-medium\" src=\"http:\/\/www.pr-neu.de\/newsroom\/wordpress\/wp-content\/uploads\/2021\/08\/21-15_Ludwigshafen_01_K-300x200.jpg\" alt=\"\" width=\"300\" height=\"200\" srcset=\"https:\/\/www.pr-neu.de\/newsroom\/wordpress\/wp-content\/uploads\/2021\/08\/21-15_Ludwigshafen_01_K-300x200.jpg 300w, https:\/\/www.pr-neu.de\/newsroom\/wordpress\/wp-content\/uploads\/2021\/08\/21-15_Ludwigshafen_01_K-1024x683.jpg 1024w, https:\/\/www.pr-neu.de\/newsroom\/wordpress\/wp-content\/uploads\/2021\/08\/21-15_Ludwigshafen_01_K-768x512.jpg 768w, https:\/\/www.pr-neu.de\/newsroom\/wordpress\/wp-content\/uploads\/2021\/08\/21-15_Ludwigshafen_01_K-1536x1024.jpg 1536w, https:\/\/www.pr-neu.de\/newsroom\/wordpress\/wp-content\/uploads\/2021\/08\/21-15_Ludwigshafen_01_K-2048x1365.jpg 2048w, https:\/\/www.pr-neu.de\/newsroom\/wordpress\/wp-content\/uploads\/2021\/08\/21-15_Ludwigshafen_01_K-110x73.jpg 110w, https:\/\/www.pr-neu.de\/newsroom\/wordpress\/wp-content\/uploads\/2021\/08\/21-15_Ludwigshafen_01_K-420x280.jpg 420w, https:\/\/www.pr-neu.de\/newsroom\/wordpress\/wp-content\/uploads\/2021\/08\/21-15_Ludwigshafen_01_K-645x430.jpg 645w\" sizes=\"auto, (max-width: 300px) 100vw, 300px\" \/><\/a><\/p>\n<p style=\"text-align: center;\">Mehr als nur gr\u00fcn angestrichen: Diese Wohnanlage in Ludwigshafen wurde mit StoTherm AimS ged\u00e4mmt, dessen Beschichtungen nachwachsende Rohstoffe enthalten.<\/p>\n<p>&nbsp;<\/p>\n<p style=\"text-align: center;\"><a href=\"http:\/\/www.pr-neu.de\/newsroom\/wordpress\/wp-content\/uploads\/2021\/08\/21-15_Ludwigshafen_02_K.jpg\" target=\"_blank\" rel=\"noopener\"><img loading=\"lazy\" decoding=\"async\" class=\"aligncenter wp-image-14336 size-medium\" src=\"http:\/\/www.pr-neu.de\/newsroom\/wordpress\/wp-content\/uploads\/2021\/08\/21-15_Ludwigshafen_02_K-300x200.jpg\" alt=\"\" width=\"300\" height=\"200\" srcset=\"https:\/\/www.pr-neu.de\/newsroom\/wordpress\/wp-content\/uploads\/2021\/08\/21-15_Ludwigshafen_02_K-300x200.jpg 300w, https:\/\/www.pr-neu.de\/newsroom\/wordpress\/wp-content\/uploads\/2021\/08\/21-15_Ludwigshafen_02_K-1024x683.jpg 1024w, https:\/\/www.pr-neu.de\/newsroom\/wordpress\/wp-content\/uploads\/2021\/08\/21-15_Ludwigshafen_02_K-768x512.jpg 768w, https:\/\/www.pr-neu.de\/newsroom\/wordpress\/wp-content\/uploads\/2021\/08\/21-15_Ludwigshafen_02_K-1536x1024.jpg 1536w, https:\/\/www.pr-neu.de\/newsroom\/wordpress\/wp-content\/uploads\/2021\/08\/21-15_Ludwigshafen_02_K-2048x1365.jpg 2048w, https:\/\/www.pr-neu.de\/newsroom\/wordpress\/wp-content\/uploads\/2021\/08\/21-15_Ludwigshafen_02_K-110x73.jpg 110w, https:\/\/www.pr-neu.de\/newsroom\/wordpress\/wp-content\/uploads\/2021\/08\/21-15_Ludwigshafen_02_K-420x280.jpg 420w, https:\/\/www.pr-neu.de\/newsroom\/wordpress\/wp-content\/uploads\/2021\/08\/21-15_Ludwigshafen_02_K-645x430.jpg 645w\" sizes=\"auto, (max-width: 300px) 100vw, 300px\" \/><\/a><\/p>\n<p style=\"text-align: center;\">Rund 140 Liter Erd\u00f6l wurden bereits bei der Herstellung der Fassadenbeschichtungen eingespart. Zudem tr\u00e4gt das innovative System dazu bei, k\u00fcnftig Heizenergie zu sparen.<\/p>\n<p>&nbsp;<\/p>\n<p style=\"text-align: center;\"><a href=\"http:\/\/www.pr-neu.de\/newsroom\/wordpress\/wp-content\/uploads\/2021\/08\/21-15_Ludwigshafen_03_K.jpg\" target=\"_blank\" rel=\"noopener\"><img loading=\"lazy\" decoding=\"async\" class=\"aligncenter wp-image-14337 size-medium\" src=\"http:\/\/www.pr-neu.de\/newsroom\/wordpress\/wp-content\/uploads\/2021\/08\/21-15_Ludwigshafen_03_K-200x300.jpg\" alt=\"\" width=\"200\" height=\"300\" srcset=\"https:\/\/www.pr-neu.de\/newsroom\/wordpress\/wp-content\/uploads\/2021\/08\/21-15_Ludwigshafen_03_K-200x300.jpg 200w, https:\/\/www.pr-neu.de\/newsroom\/wordpress\/wp-content\/uploads\/2021\/08\/21-15_Ludwigshafen_03_K-683x1024.jpg 683w, https:\/\/www.pr-neu.de\/newsroom\/wordpress\/wp-content\/uploads\/2021\/08\/21-15_Ludwigshafen_03_K-768x1152.jpg 768w, https:\/\/www.pr-neu.de\/newsroom\/wordpress\/wp-content\/uploads\/2021\/08\/21-15_Ludwigshafen_03_K-1024x1536.jpg 1024w, https:\/\/www.pr-neu.de\/newsroom\/wordpress\/wp-content\/uploads\/2021\/08\/21-15_Ludwigshafen_03_K-1365x2048.jpg 1365w, https:\/\/www.pr-neu.de\/newsroom\/wordpress\/wp-content\/uploads\/2021\/08\/21-15_Ludwigshafen_03_K-73x110.jpg 73w, https:\/\/www.pr-neu.de\/newsroom\/wordpress\/wp-content\/uploads\/2021\/08\/21-15_Ludwigshafen_03_K-280x420.jpg 280w, https:\/\/www.pr-neu.de\/newsroom\/wordpress\/wp-content\/uploads\/2021\/08\/21-15_Ludwigshafen_03_K-287x430.jpg 287w, https:\/\/www.pr-neu.de\/newsroom\/wordpress\/wp-content\/uploads\/2021\/08\/21-15_Ludwigshafen_03_K.jpg 1600w\" sizes=\"auto, (max-width: 200px) 100vw, 200px\" \/><\/a><\/p>\n<p style=\"text-align: center;\">Attraktiv saniert: auf den gr\u00fcnen Fassaden sind Faschen und Loggien blau abgesetzt.<\/p>\n<p style=\"text-align: center;\"><em>Bilder: Martin Duckek \/ Sto SE &amp; Co. KGaA<\/em><\/p>\n<p>&nbsp;<\/p>\n<hr \/>\n<p>&nbsp;<\/p>\n<p>Abdruck honorarfrei, Belegexemplar erbeten.<\/p>\n","protected":false},"excerpt":{"rendered":"<p>Gr\u00fcnes Musterbeispiel: Wohnanlage in Ludwigshafen mit StoTherm AimS energetisch saniert In hellem Gr\u00fcn zeigen sich die sanierten Fassaden eines Mehrfamilienwohnhauses in Ludwigshafen am Rhein. Doch das Beispiel der BASF Wohnen und Bauen GmbH ist weit mehr als Optik: Bei der Sanierung, die den Energieverbrauch der Wohnungen dauerhaft senkt, kam ein besonders nachhaltiges Fassadend\u00e4mmsystem zum Einsatz [&hellip;]<\/p>\n","protected":false},"author":6,"featured_media":14335,"comment_status":"closed","ping_status":"open","sticky":false,"template":"","format":"standard","meta":{"footnotes":""},"categories":[15],"tags":[],"class_list":["post-14333","post","type-post","status-publish","format-standard","has-post-thumbnail","hentry","category-sto"],"_links":{"self":[{"href":"https:\/\/www.pr-neu.de\/newsroom\/wp-json\/wp\/v2\/posts\/14333","targetHints":{"allow":["GET"]}}],"collection":[{"href":"https:\/\/www.pr-neu.de\/newsroom\/wp-json\/wp\/v2\/posts"}],"about":[{"href":"https:\/\/www.pr-neu.de\/newsroom\/wp-json\/wp\/v2\/types\/post"}],"author":[{"embeddable":true,"href":"https:\/\/www.pr-neu.de\/newsroom\/wp-json\/wp\/v2\/users\/6"}],"replies":[{"embeddable":true,"href":"https:\/\/www.pr-neu.de\/newsroom\/wp-json\/wp\/v2\/comments?post=14333"}],"version-history":[{"count":4,"href":"https:\/\/www.pr-neu.de\/newsroom\/wp-json\/wp\/v2\/posts\/14333\/revisions"}],"predecessor-version":[{"id":14341,"href":"https:\/\/www.pr-neu.de\/newsroom\/wp-json\/wp\/v2\/posts\/14333\/revisions\/14341"}],"wp:featuredmedia":[{"embeddable":true,"href":"https:\/\/www.pr-neu.de\/newsroom\/wp-json\/wp\/v2\/media\/14335"}],"wp:attachment":[{"href":"https:\/\/www.pr-neu.de\/newsroom\/wp-json\/wp\/v2\/media?parent=14333"}],"wp:term":[{"taxonomy":"category","embeddable":true,"href":"https:\/\/www.pr-neu.de\/newsroom\/wp-json\/wp\/v2\/categories?post=14333"},{"taxonomy":"post_tag","embeddable":true,"href":"https:\/\/www.pr-neu.de\/newsroom\/wp-json\/wp\/v2\/tags?post=14333"}],"curies":[{"name":"wp","href":"https:\/\/api.w.org\/{rel}","templated":true}]}}