{"id":14330,"date":"2021-08-19T15:29:55","date_gmt":"2021-08-19T13:29:55","guid":{"rendered":"https:\/\/www.pr-neu.de\/newsroom\/?p=14330"},"modified":"2021-08-19T15:29:55","modified_gmt":"2021-08-19T13:29:55","slug":"kanalsanierung-in-der-querumer-strasse-startet","status":"publish","type":"post","link":"https:\/\/www.pr-neu.de\/newsroom\/kanalsanierung-in-der-querumer-strasse-startet\/","title":{"rendered":"Kanalsanierung in der Querumer Stra\u00dfe startet"},"content":{"rendered":"<p><strong>Braunschweig, 19. August 2021<\/strong>. Am 23. August beginnen in der Querumer Stra\u00dfe notwendige Kanalbauarbeiten. Bis Sommer 2022 wird der bestehende Kanal auf knapp ein Kilometer L\u00e4nge durch einen modernen Regen- und Schmutzwasserkanal ersetzt. Um die Verkehrseinschr\u00e4nkungen so gering wie m\u00f6glich zu halten, werden die Arbeiten in drei Bauabschnitte gegliedert.<\/p>\n<p>Der erste Abschnitt verl\u00e4uft von Berliner Stra\u00dfe bis Paul-Jonas-Meier-Stra\u00dfe und wird ab dem 25. August in stadteinw\u00e4rtiger Fahrtrichtung gesperrt. Der Verkehr wird in dieser Zeit \u00fcber die Gegenfahrbahn gef\u00fchrt. Die Arbeiten f\u00fcr den ersten Bauabschnitt werden voraussichtlich bis Ende 2021 andauern. Die Zufahrt zu den Grundst\u00fccken bleiben weitestgehend erhalten.<\/p>\n<p>Fu\u00dfg\u00e4nger und Radfahrer werden durch entsprechende Baustellenabsperrungen gesichert am Baufeld vorbeigef\u00fchrt.<\/p>\n<p>Die weiteren Bauabschnitte umfassen die Strecken zwischen Paul-Jonas-Meier-Stra\u00dfe und Ferdinand-Spehr-Stra\u00dfe sowie Ferdinand-Spehr-Stra\u00dfe bis Friedrich-Voigtl\u00e4nder-Stra\u00dfe. Die genauen Termine und Verkehrskonzepte f\u00fcr diese Abschnitte werden fr\u00fchzeitig bekannt gegeben.<\/p>\n<p>F\u00fcr die Einschr\u00e4nkungen bittet die SE|BS um Verst\u00e4ndnis.<\/p>\n","protected":false},"excerpt":{"rendered":"<p>Braunschweig, 19. August 2021. Am 23. August beginnen in der Querumer Stra\u00dfe notwendige Kanalbauarbeiten. Bis Sommer 2022 wird der bestehende Kanal auf knapp ein Kilometer L\u00e4nge durch einen modernen Regen- und Schmutzwasserkanal ersetzt. Um die Verkehrseinschr\u00e4nkungen so gering wie m\u00f6glich zu halten, werden die Arbeiten in drei Bauabschnitte gegliedert. Der erste Abschnitt verl\u00e4uft von Berliner [&hellip;]<\/p>\n","protected":false},"author":6,"featured_media":8697,"comment_status":"closed","ping_status":"open","sticky":false,"template":"","format":"standard","meta":{"footnotes":""},"categories":[1517],"tags":[1589,1591,1557,1595,1597,1563,1599,1593],"class_list":["post-14330","post","type-post","status-publish","format-standard","has-post-thumbnail","hentry","category-sebs","tag-abwasser","tag-bauarbeiten","tag-braunschweig","tag-kanalisation","tag-knal","tag-se-bs","tag-umleitung","tag-verkehr"],"_links":{"self":[{"href":"https:\/\/www.pr-neu.de\/newsroom\/wp-json\/wp\/v2\/posts\/14330","targetHints":{"allow":["GET"]}}],"collection":[{"href":"https:\/\/www.pr-neu.de\/newsroom\/wp-json\/wp\/v2\/posts"}],"about":[{"href":"https:\/\/www.pr-neu.de\/newsroom\/wp-json\/wp\/v2\/types\/post"}],"author":[{"embeddable":true,"href":"https:\/\/www.pr-neu.de\/newsroom\/wp-json\/wp\/v2\/users\/6"}],"replies":[{"embeddable":true,"href":"https:\/\/www.pr-neu.de\/newsroom\/wp-json\/wp\/v2\/comments?post=14330"}],"version-history":[{"count":1,"href":"https:\/\/www.pr-neu.de\/newsroom\/wp-json\/wp\/v2\/posts\/14330\/revisions"}],"predecessor-version":[{"id":14331,"href":"https:\/\/www.pr-neu.de\/newsroom\/wp-json\/wp\/v2\/posts\/14330\/revisions\/14331"}],"wp:featuredmedia":[{"embeddable":true,"href":"https:\/\/www.pr-neu.de\/newsroom\/wp-json\/wp\/v2\/media\/8697"}],"wp:attachment":[{"href":"https:\/\/www.pr-neu.de\/newsroom\/wp-json\/wp\/v2\/media?parent=14330"}],"wp:term":[{"taxonomy":"category","embeddable":true,"href":"https:\/\/www.pr-neu.de\/newsroom\/wp-json\/wp\/v2\/categories?post=14330"},{"taxonomy":"post_tag","embeddable":true,"href":"https:\/\/www.pr-neu.de\/newsroom\/wp-json\/wp\/v2\/tags?post=14330"}],"curies":[{"name":"wp","href":"https:\/\/api.w.org\/{rel}","templated":true}]}}