{"id":14327,"date":"2021-08-17T10:16:57","date_gmt":"2021-08-17T08:16:57","guid":{"rendered":"https:\/\/www.pr-neu.de\/newsroom\/?p=14327"},"modified":"2021-08-17T10:16:57","modified_gmt":"2021-08-17T08:16:57","slug":"recycling-von-sto-ruecknahme-von-steinwolle-verschnitt-startet","status":"publish","type":"post","link":"https:\/\/www.pr-neu.de\/newsroom\/recycling-von-sto-ruecknahme-von-steinwolle-verschnitt-startet\/","title":{"rendered":"Recycling von Sto: R\u00fccknahme von Steinwolle-Verschnitt startet"},"content":{"rendered":"<p><strong>Nachhaltigkeit bei der Sto SE &amp; Co. KGaA<\/strong><\/p>\n<p>Damit wertvolle Rohstoffe weiter genutzt werden k\u00f6nnen, bietet Sto jetzt die R\u00fccknahme von Steinwolle-Verschnitt an. Dadurch landet dieser nicht mehr auf der Deponie, sondern geht in die Wiederverwertung. \u201eWeniger M\u00fcll, mehr Recycling \u2013 ein Ansatz, der unserem Motto \u201aBewusst bauen\u2018 entspricht\u201c, erkl\u00e4rt Michael Keller, im Vorstand der Sto SE &amp; Co. KGaA f\u00fcr Nachhaltigkeit verantwortlich. Bei der Montage von WDV- und VHF-Systemen entsteht Verschnitt zwangsl\u00e4ufig \u2013 zwischen 2,5 und 10 Prozent des Materials. Um das Recycling-Angebot zu nutzen, ermittelt der Fachhandwerker den voraussichtlichen Anteil und bestellt die entsprechende Menge Recyclings\u00e4cke (Recyclingsack universal oder H2) gleich mit der Lieferung mit. Sto \u00fcbernimmt dann An- und Ablieferung der S\u00e4cke von der Baustelle. Wichtig ist, dass die S\u00e4cke sortenrein gef\u00fcllt werden. Sto l\u00e4sst die Reste dann dem Recycling zuf\u00fchren. Aus diesen Resten entstehen dann neue Steinwolle-D\u00e4mmplatten. Weitere Infos: <a href=\"https:\/\/www.sto.de\/s\/service-tools\/entsorgung\" target=\"_blank\" rel=\"noopener\">www.sto.de\/s\/service-tools\/entsorgung<\/a><\/p>\n<p>&nbsp;<\/p>\n<hr \/>\n<p>&nbsp;<\/p>\n<p><a href=\"http:\/\/www.pr-neu.de\/newsroom\/wordpress\/wp-content\/uploads\/2021\/08\/21-20_Recycling_G.jpg\" target=\"_blank\" rel=\"noopener\"><img loading=\"lazy\" decoding=\"async\" class=\"aligncenter wp-image-14328 size-medium\" src=\"http:\/\/www.pr-neu.de\/newsroom\/wordpress\/wp-content\/uploads\/2021\/08\/21-20_Recycling_G-300x300.jpg\" alt=\"\" width=\"300\" height=\"300\" srcset=\"https:\/\/www.pr-neu.de\/newsroom\/wordpress\/wp-content\/uploads\/2021\/08\/21-20_Recycling_G-300x300.jpg 300w, https:\/\/www.pr-neu.de\/newsroom\/wordpress\/wp-content\/uploads\/2021\/08\/21-20_Recycling_G-1024x1024.jpg 1024w, https:\/\/www.pr-neu.de\/newsroom\/wordpress\/wp-content\/uploads\/2021\/08\/21-20_Recycling_G-150x150.jpg 150w, https:\/\/www.pr-neu.de\/newsroom\/wordpress\/wp-content\/uploads\/2021\/08\/21-20_Recycling_G-768x768.jpg 768w, https:\/\/www.pr-neu.de\/newsroom\/wordpress\/wp-content\/uploads\/2021\/08\/21-20_Recycling_G-1536x1536.jpg 1536w, https:\/\/www.pr-neu.de\/newsroom\/wordpress\/wp-content\/uploads\/2021\/08\/21-20_Recycling_G-2048x2048.jpg 2048w, https:\/\/www.pr-neu.de\/newsroom\/wordpress\/wp-content\/uploads\/2021\/08\/21-20_Recycling_G-250x250.jpg 250w, https:\/\/www.pr-neu.de\/newsroom\/wordpress\/wp-content\/uploads\/2021\/08\/21-20_Recycling_G-125x125.jpg 125w, https:\/\/www.pr-neu.de\/newsroom\/wordpress\/wp-content\/uploads\/2021\/08\/21-20_Recycling_G-110x110.jpg 110w, https:\/\/www.pr-neu.de\/newsroom\/wordpress\/wp-content\/uploads\/2021\/08\/21-20_Recycling_G-420x420.jpg 420w, https:\/\/www.pr-neu.de\/newsroom\/wordpress\/wp-content\/uploads\/2021\/08\/21-20_Recycling_G-430x430.jpg 430w\" sizes=\"auto, (max-width: 300px) 100vw, 300px\" \/><\/a><\/p>\n<p>Verschnitt ist bei der Montage von D\u00e4mmsystemen unvermeidlich. Sto bietet jetzt f\u00fcr Steinwollereste eine Abhol-Option, bei der der D\u00e4mmstoff dem Recycling zugef\u00fchrt wird.<br \/>\nFoto: STEP-ANI-MOTION, K\u00f6ln \/ Sto<\/p>\n<p>&nbsp;<\/p>\n<hr \/>\n<p>&nbsp;<\/p>\n<p>Abdruck honorarfrei, Belegexemplar erbeten.<\/p>\n","protected":false},"excerpt":{"rendered":"<p>Damit wertvolle Rohstoffe weiter genutzt werden k\u00f6nnen, bietet Sto jetzt die R\u00fccknahme von Steinwolle-Verschnitt an. Dadurch landet dieser nicht mehr auf der Deponie, sondern geht in die Wiederverwertung.<\/p>\n","protected":false},"author":6,"featured_media":14328,"comment_status":"closed","ping_status":"open","sticky":false,"template":"","format":"standard","meta":{"footnotes":""},"categories":[15],"tags":[1577,1569,1587,122,124,187,189,1575,1573,367,1579,1583,1571,504,1585,1581],"class_list":["post-14327","post","type-post","status-publish","format-standard","has-post-thumbnail","hentry","category-sto","tag-baumaterial","tag-daemmen","tag-daemmplatte","tag-dammstoff","tag-dammung","tag-fassade","tag-fassadendammung","tag-haus","tag-hausdaemmung","tag-nachhaltigkeit","tag-recycling","tag-rohstoffe","tag-steinwolle","tag-sto-2","tag-verschnitt","tag-wiederverwertung"],"_links":{"self":[{"href":"https:\/\/www.pr-neu.de\/newsroom\/wp-json\/wp\/v2\/posts\/14327","targetHints":{"allow":["GET"]}}],"collection":[{"href":"https:\/\/www.pr-neu.de\/newsroom\/wp-json\/wp\/v2\/posts"}],"about":[{"href":"https:\/\/www.pr-neu.de\/newsroom\/wp-json\/wp\/v2\/types\/post"}],"author":[{"embeddable":true,"href":"https:\/\/www.pr-neu.de\/newsroom\/wp-json\/wp\/v2\/users\/6"}],"replies":[{"embeddable":true,"href":"https:\/\/www.pr-neu.de\/newsroom\/wp-json\/wp\/v2\/comments?post=14327"}],"version-history":[{"count":1,"href":"https:\/\/www.pr-neu.de\/newsroom\/wp-json\/wp\/v2\/posts\/14327\/revisions"}],"predecessor-version":[{"id":14329,"href":"https:\/\/www.pr-neu.de\/newsroom\/wp-json\/wp\/v2\/posts\/14327\/revisions\/14329"}],"wp:featuredmedia":[{"embeddable":true,"href":"https:\/\/www.pr-neu.de\/newsroom\/wp-json\/wp\/v2\/media\/14328"}],"wp:attachment":[{"href":"https:\/\/www.pr-neu.de\/newsroom\/wp-json\/wp\/v2\/media?parent=14327"}],"wp:term":[{"taxonomy":"category","embeddable":true,"href":"https:\/\/www.pr-neu.de\/newsroom\/wp-json\/wp\/v2\/categories?post=14327"},{"taxonomy":"post_tag","embeddable":true,"href":"https:\/\/www.pr-neu.de\/newsroom\/wp-json\/wp\/v2\/tags?post=14327"}],"curies":[{"name":"wp","href":"https:\/\/api.w.org\/{rel}","templated":true}]}}