{"id":14321,"date":"2021-08-12T15:30:02","date_gmt":"2021-08-12T13:30:02","guid":{"rendered":"https:\/\/www.pr-neu.de\/newsroom\/?p=14321"},"modified":"2021-08-12T16:11:00","modified_gmt":"2021-08-12T14:11:00","slug":"kanalsanierung-altstadtmarkt-bauabschnitt-in-der-sonnenstrasse-gestartet","status":"publish","type":"post","link":"https:\/\/www.pr-neu.de\/newsroom\/kanalsanierung-altstadtmarkt-bauabschnitt-in-der-sonnenstrasse-gestartet\/","title":{"rendered":"Kanalsanierung Altstadtmarkt: Bauabschnitt in der Sonnenstra\u00dfe gestartet"},"content":{"rendered":"<p><!--MBNHE--><\/p>\n<p align=\"left\"><u><strong>Braunschweig, 12. August 2021.<\/strong><\/u> Die Kanal-Erneuerung der Stadtentw\u00e4sserung Braunschweig GmbH (SE|BS) rund um den Altstadtmarkt kommt planm\u00e4\u00dfig voran, jetzt startete der n\u00e4chste Bauabschnitt mit der Sanierung der Kan\u00e4le auf der stadtausw\u00e4rtigen Seite der G\u00fcldenstra\u00dfe. Dadurch \u00e4ndert sich auch die Verkehrsf\u00fchrung: Der Verkehr \u00fcber die G\u00fcldenstra\u00dfe wird \u00fcber der \u00f6stlichen (innenstadtseitigen) Seite auf je einer Fahrbahn pro Richtung gef\u00fchrt. Die Einm\u00fcndung der Sonnenstra\u00dfe auf die G\u00fcldenstra\u00dfe wird gesperrt, vom Wilhelmitorwall aus bleibt die Sonnenstra\u00dfe bis zur Echternstra\u00dfe frei. Ab der Echternstra\u00dfe ist die G\u00fcldenstra\u00dfe stadteinw\u00e4rts vollgesperrt.<\/p>\n<p align=\"left\">Die Einfahrt in die Sonnenstra\u00dfe von der G\u00fcldenstra\u00dfe ist weiterhin m\u00f6glich. Eine Umleitungsstrecke ist ausgeschildert. Fu\u00dfg\u00e4nger und Radfahrer werden gesichert am Baufeld vorbeigef\u00fchrt. Die Sperrungen von der G\u00fcldenstra\u00dfe stadteinw\u00e4rts (Sonnenstra\u00dfe und Heydenstra\u00dfe) bleiben bestehen.<\/p>\n<p align=\"left\">F\u00fcr die Einschr\u00e4nkungen bittet die SE|BS um Verst\u00e4ndnis.<\/p>\n<p>&nbsp;<\/p>\n<hr \/>\n<p>&nbsp;<\/p>\n<p><strong>SE|BS-Pressestelle<\/strong><br \/>\npr neu &#8211; gedacht<\/p>\n<p>Telefon: 05307 80093 \u2013 80<br \/>\nFax: 05307 80093 \u2013 69<br \/>\nE-Mail: &#x69;n&#x66;&#111;&#x40;&#112;&#x72;&#x2d;n&#x65;&#117;&#x2e;&#100;&#x65;<br \/>\nInternet: www.pr-neu.de<\/p>\n","protected":false},"excerpt":{"rendered":"<p>Braunschweig, 12. August 2021. Die Kanal-Erneuerung der Stadtentw\u00e4sserung Braunschweig GmbH (SE|BS) rund um den Altstadtmarkt kommt planm\u00e4\u00dfig voran, jetzt startete der n\u00e4chste Bauabschnitt mit der Sanierung der Kan\u00e4le auf der stadtausw\u00e4rtigen Seite der G\u00fcldenstra\u00dfe. Dadurch \u00e4ndert sich auch die Verkehrsf\u00fchrung: Der Verkehr \u00fcber die G\u00fcldenstra\u00dfe wird \u00fcber der \u00f6stlichen (innenstadtseitigen) Seite auf je einer Fahrbahn [&hellip;]<\/p>\n","protected":false},"author":6,"featured_media":8697,"comment_status":"closed","ping_status":"open","sticky":false,"template":"","format":"standard","meta":{"footnotes":""},"categories":[1517],"tags":[],"class_list":["post-14321","post","type-post","status-publish","format-standard","has-post-thumbnail","hentry","category-sebs"],"_links":{"self":[{"href":"https:\/\/www.pr-neu.de\/newsroom\/wp-json\/wp\/v2\/posts\/14321","targetHints":{"allow":["GET"]}}],"collection":[{"href":"https:\/\/www.pr-neu.de\/newsroom\/wp-json\/wp\/v2\/posts"}],"about":[{"href":"https:\/\/www.pr-neu.de\/newsroom\/wp-json\/wp\/v2\/types\/post"}],"author":[{"embeddable":true,"href":"https:\/\/www.pr-neu.de\/newsroom\/wp-json\/wp\/v2\/users\/6"}],"replies":[{"embeddable":true,"href":"https:\/\/www.pr-neu.de\/newsroom\/wp-json\/wp\/v2\/comments?post=14321"}],"version-history":[{"count":4,"href":"https:\/\/www.pr-neu.de\/newsroom\/wp-json\/wp\/v2\/posts\/14321\/revisions"}],"predecessor-version":[{"id":14325,"href":"https:\/\/www.pr-neu.de\/newsroom\/wp-json\/wp\/v2\/posts\/14321\/revisions\/14325"}],"wp:featuredmedia":[{"embeddable":true,"href":"https:\/\/www.pr-neu.de\/newsroom\/wp-json\/wp\/v2\/media\/8697"}],"wp:attachment":[{"href":"https:\/\/www.pr-neu.de\/newsroom\/wp-json\/wp\/v2\/media?parent=14321"}],"wp:term":[{"taxonomy":"category","embeddable":true,"href":"https:\/\/www.pr-neu.de\/newsroom\/wp-json\/wp\/v2\/categories?post=14321"},{"taxonomy":"post_tag","embeddable":true,"href":"https:\/\/www.pr-neu.de\/newsroom\/wp-json\/wp\/v2\/tags?post=14321"}],"curies":[{"name":"wp","href":"https:\/\/api.w.org\/{rel}","templated":true}]}}