{"id":14309,"date":"2021-07-29T15:20:02","date_gmt":"2021-07-29T13:20:02","guid":{"rendered":"https:\/\/www.pr-neu.de\/newsroom\/?p=14309"},"modified":"2021-07-29T15:20:02","modified_gmt":"2021-07-29T13:20:02","slug":"kanalsanierung-kirchstrasse-ab-august-gesperrt","status":"publish","type":"post","link":"https:\/\/www.pr-neu.de\/newsroom\/kanalsanierung-kirchstrasse-ab-august-gesperrt\/","title":{"rendered":"Kanalsanierung: Kirchstra\u00dfe ab August gesperrt"},"content":{"rendered":"<p><strong><u>Braunschweig, 29. Juli 2021.<\/u><\/strong>\u00a0Wegen notwendiger Kanalbauarbeiten wird die Kirchstra\u00dfe in Timmerlah zwischen Schwarze Stra\u00dfe und Timmerlahstra\u00dfe ab dem 2. August gesperrt. Die Sperrung wird voraussichtlich bis Anfang September dauern. In diesem Zeitraum wird eine gro\u00dfr\u00e4umige Umleitungsstrecke eingerichtet und ausgeschildert. Die Grundst\u00fccke im Bereich der Sperrung bleiben weitestgehend erreichbar. Um den Verkehr m\u00f6glichst geringf\u00fcgig zu beeintr\u00e4chtigen, finden die Arbeiten in der verkehrsarmen Zeit w\u00e4hrend der Sommerferien statt. Anschlie\u00dfend gen\u00fcgt eine halbseitige Sperrung mit Einbahnstra\u00dfenregelung, bis die Bauarbeiten voraussichtlich im November abgeschlossen sind.<\/p>\n<p>F\u00fcr die Einschr\u00e4nkungen bittet die SE|BS um Verst\u00e4ndnis.<\/p>\n<p>&nbsp;<\/p>\n<hr \/>\n<p>&nbsp;<\/p>\n<p><strong>SE|BS-Pressestelle<\/strong><br \/>\npr neu &#8211; gedacht<\/p>\n<p>Telefon: 05307 80093 \u2013 80<br \/>\nFax: 05307 80093 \u2013 69<br \/>\nE-Mail: i&#110;&#102;&#x6f;&#x40;&#x70;&#x72;-&#110;&#101;&#117;&#x2e;&#x64;&#x65;<br \/>\nInternet: www.pr-neu.de<\/p>\n","protected":false},"excerpt":{"rendered":"<p>Braunschweig, 29. Juli 2021.\u00a0Wegen notwendiger Kanalbauarbeiten wird die Kirchstra\u00dfe in Timmerlah zwischen Schwarze Stra\u00dfe und Timmerlahstra\u00dfe ab dem 2. August gesperrt. Die Sperrung wird voraussichtlich bis Anfang September dauern. In diesem Zeitraum wird eine gro\u00dfr\u00e4umige Umleitungsstrecke eingerichtet und ausgeschildert. Die Grundst\u00fccke im Bereich der Sperrung bleiben weitestgehend erreichbar. Um den Verkehr m\u00f6glichst geringf\u00fcgig zu beeintr\u00e4chtigen, [&hellip;]<\/p>\n","protected":false},"author":6,"featured_media":8697,"comment_status":"closed","ping_status":"open","sticky":false,"template":"","format":"standard","meta":{"footnotes":""},"categories":[1517],"tags":[],"class_list":["post-14309","post","type-post","status-publish","format-standard","has-post-thumbnail","hentry","category-sebs"],"_links":{"self":[{"href":"https:\/\/www.pr-neu.de\/newsroom\/wp-json\/wp\/v2\/posts\/14309","targetHints":{"allow":["GET"]}}],"collection":[{"href":"https:\/\/www.pr-neu.de\/newsroom\/wp-json\/wp\/v2\/posts"}],"about":[{"href":"https:\/\/www.pr-neu.de\/newsroom\/wp-json\/wp\/v2\/types\/post"}],"author":[{"embeddable":true,"href":"https:\/\/www.pr-neu.de\/newsroom\/wp-json\/wp\/v2\/users\/6"}],"replies":[{"embeddable":true,"href":"https:\/\/www.pr-neu.de\/newsroom\/wp-json\/wp\/v2\/comments?post=14309"}],"version-history":[{"count":1,"href":"https:\/\/www.pr-neu.de\/newsroom\/wp-json\/wp\/v2\/posts\/14309\/revisions"}],"predecessor-version":[{"id":14310,"href":"https:\/\/www.pr-neu.de\/newsroom\/wp-json\/wp\/v2\/posts\/14309\/revisions\/14310"}],"wp:featuredmedia":[{"embeddable":true,"href":"https:\/\/www.pr-neu.de\/newsroom\/wp-json\/wp\/v2\/media\/8697"}],"wp:attachment":[{"href":"https:\/\/www.pr-neu.de\/newsroom\/wp-json\/wp\/v2\/media?parent=14309"}],"wp:term":[{"taxonomy":"category","embeddable":true,"href":"https:\/\/www.pr-neu.de\/newsroom\/wp-json\/wp\/v2\/categories?post=14309"},{"taxonomy":"post_tag","embeddable":true,"href":"https:\/\/www.pr-neu.de\/newsroom\/wp-json\/wp\/v2\/tags?post=14309"}],"curies":[{"name":"wp","href":"https:\/\/api.w.org\/{rel}","templated":true}]}}