{"id":14294,"date":"2021-07-20T16:27:53","date_gmt":"2021-07-20T14:27:53","guid":{"rendered":"https:\/\/www.pr-neu.de\/newsroom\/?p=14294"},"modified":"2021-07-20T16:27:53","modified_gmt":"2021-07-20T14:27:53","slug":"sebs-startet-neue-bauabschnitte-in-jasperallee-und-am-altstadtmarkt","status":"publish","type":"post","link":"https:\/\/www.pr-neu.de\/newsroom\/sebs-startet-neue-bauabschnitte-in-jasperallee-und-am-altstadtmarkt\/","title":{"rendered":"SE|BS startet neue Bauabschnitte in Jasperallee und am Altstadtmarkt"},"content":{"rendered":"<p align=\"left\"><strong><u>Braunschweig, 20. Juli 2021.<\/u><\/strong><\/p>\n<p>Mit Beginn der Sommerferien startet die Stadtentw\u00e4sserung Braunschweig GmbH (SE|BS) neue Bauabschnitte f\u00fcr die Kanalbauma\u00dfnahmen in der Jasperallee und am Altstadtmarkt.<\/p>\n<p><strong>Kanalsanierung am Altstadtmarkt<\/strong><br \/>\nAm 22. Juli beginnt die SE|BS mit dem zweiten Bauabschnitt der Erneuerung der Abwasserkan\u00e4le rund um den Altstadtmarkt. Die Arbeiten im Bereich der Kreuzung Sonnenstra\u00dfe und G\u00fcldenstra\u00dfe erfolgen in zwei Bauabschnitten. Zuerst werden die Kan\u00e4le im \u00f6stlichen Teil der G\u00fcldenstra\u00dfe erneuert, daf\u00fcr wird der in Richtung Norden laufende Verkehr auf die westliche Fahrbahn umgelegt. Es steht jeweils ein Fahrstreifen je Fahrtrichtung zur Verf\u00fcgung. Zeitgleich werden die Arbeiten im Bereich der Heydenstra\u00dfe beginnen. Die Einfahrt von der G\u00fcldenstra\u00dfe in die Heydenstra\u00dfe ist dann nicht mehr m\u00f6glich, eine Umleitung ist ausgewiesen. Fu\u00dfg\u00e4nger und Radfahrer entlang der G\u00fcldenstra\u00dfe werden durch Baustellenabsperrungen gesichert am Baubereich vorbeigef\u00fchrt. Ein fu\u00dfl\u00e4ufiges Passieren der Heydenstra\u00dfe ist zu jeder Zeit m\u00f6glich. Der n\u00e4chste Bauabschnitt beginnt voraussichtlich Mitte August. Der Verkehr in der G\u00fcldenstra\u00dfe wird dann auf die \u00f6stliche Seite verlegt, um die Entw\u00e4sserungskan\u00e4le im westlichen Bereich erneuern zu k\u00f6nnen. W\u00e4hrend der gesamten Zeit laufen die Arbeiten zwischen Sonnenstra\u00dfe und Altstadtmarkt parallel weiter. Die Arbeiten im westlichen Bereich der Sonnenstra\u00dfe werden nach den Sommerferien fortgesetzt.<\/p>\n<p><strong>Jasperallee: Zweiter Bauabschnitt der Kanalsanierung<\/strong><br \/>\nAm 24. Juli beginnt planm\u00e4\u00dfig der zweite Bauabschnitt der Kanalsanierung in der Jasperallee zwischen St.-Pauli-Kirche und Hagenring. W\u00e4hrend der aufwendigen Tiefbauarbeiten wird der Fahrzeugverkehr im vorgenannten Bauabschnitt durch Sperrung der stadteinw\u00e4rts f\u00fchrenden Fahrspuren eingeschr\u00e4nkt. Ab dem 24. Juli ist die stadteinw\u00e4rtige Fahrtrichtung auf diesem Abschnitt f\u00fcr den Kraftfahrzeugverkehr gesperrt. Der Busverkehr wird bis zu den Herbstferien umgeleitet, die Haltestellen Stadtpark und Nussbergstra\u00dfe k\u00f6nnen in dieser Zeit nur stadtausw\u00e4rts bedient werden. Die f\u00fcr den ersten Bauabschnitt gesperrten Parkpl\u00e4tze auf der S\u00fcdseite der Jasperallee sind wieder nutzbar. Zum Sp\u00e4therbst 2021 sollen alle Arbeiten abgeschlossen sein und die rund 420 Kanalmeter einschlie\u00dflich 18 erneuerter Hausanschlussleitungen in den Betrieb gehen.<\/p>\n<p>&nbsp;<\/p>\n<hr \/>\n<p>&nbsp;<\/p>\n<p><strong>SE|BS-Pressestelle<\/strong><br \/>\npr neu &#8211; gedacht<\/p>\n<p>Telefon: 05307 80093 \u2013 80<br \/>\nFax: 05307 80093 \u2013 69<br \/>\nE-Mail: &#x69;&#110;&#x66;&#x6f;&#64;&#x70;&#x72;&#45;&#x6e;&#x65;&#117;&#x2e;&#x64;e<br \/>\nInternet: www.pr-neu.de<\/p>\n","protected":false},"excerpt":{"rendered":"<p>Braunschweig, 20. Juli 2021. Mit Beginn der Sommerferien startet die Stadtentw\u00e4sserung Braunschweig GmbH (SE|BS) neue Bauabschnitte f\u00fcr die Kanalbauma\u00dfnahmen in der Jasperallee und am Altstadtmarkt. Kanalsanierung am Altstadtmarkt Am 22. Juli beginnt die SE|BS mit dem zweiten Bauabschnitt der Erneuerung der Abwasserkan\u00e4le rund um den Altstadtmarkt. Die Arbeiten im Bereich der Kreuzung Sonnenstra\u00dfe und G\u00fcldenstra\u00dfe [&hellip;]<\/p>\n","protected":false},"author":6,"featured_media":8697,"comment_status":"closed","ping_status":"open","sticky":false,"template":"","format":"standard","meta":{"footnotes":""},"categories":[1517],"tags":[1559,1557,1561,1563],"class_list":["post-14294","post","type-post","status-publish","format-standard","has-post-thumbnail","hentry","category-sebs","tag-baustelle","tag-braunschweig","tag-kanal","tag-se-bs"],"_links":{"self":[{"href":"https:\/\/www.pr-neu.de\/newsroom\/wp-json\/wp\/v2\/posts\/14294","targetHints":{"allow":["GET"]}}],"collection":[{"href":"https:\/\/www.pr-neu.de\/newsroom\/wp-json\/wp\/v2\/posts"}],"about":[{"href":"https:\/\/www.pr-neu.de\/newsroom\/wp-json\/wp\/v2\/types\/post"}],"author":[{"embeddable":true,"href":"https:\/\/www.pr-neu.de\/newsroom\/wp-json\/wp\/v2\/users\/6"}],"replies":[{"embeddable":true,"href":"https:\/\/www.pr-neu.de\/newsroom\/wp-json\/wp\/v2\/comments?post=14294"}],"version-history":[{"count":1,"href":"https:\/\/www.pr-neu.de\/newsroom\/wp-json\/wp\/v2\/posts\/14294\/revisions"}],"predecessor-version":[{"id":14296,"href":"https:\/\/www.pr-neu.de\/newsroom\/wp-json\/wp\/v2\/posts\/14294\/revisions\/14296"}],"wp:featuredmedia":[{"embeddable":true,"href":"https:\/\/www.pr-neu.de\/newsroom\/wp-json\/wp\/v2\/media\/8697"}],"wp:attachment":[{"href":"https:\/\/www.pr-neu.de\/newsroom\/wp-json\/wp\/v2\/media?parent=14294"}],"wp:term":[{"taxonomy":"category","embeddable":true,"href":"https:\/\/www.pr-neu.de\/newsroom\/wp-json\/wp\/v2\/categories?post=14294"},{"taxonomy":"post_tag","embeddable":true,"href":"https:\/\/www.pr-neu.de\/newsroom\/wp-json\/wp\/v2\/tags?post=14294"}],"curies":[{"name":"wp","href":"https:\/\/api.w.org\/{rel}","templated":true}]}}