{"id":14284,"date":"2021-07-12T14:00:25","date_gmt":"2021-07-12T12:00:25","guid":{"rendered":"https:\/\/www.pr-neu.de\/newsroom\/?p=14284"},"modified":"2021-07-12T12:47:56","modified_gmt":"2021-07-12T10:47:56","slug":"digitalisierung-der-baubranche-planen-und-bauen-mit-bim","status":"publish","type":"post","link":"https:\/\/www.pr-neu.de\/newsroom\/digitalisierung-der-baubranche-planen-und-bauen-mit-bim\/","title":{"rendered":"Digitalisierung der Baubranche: Planen und Bauen mit BIM"},"content":{"rendered":"<p>Die Digitalisierung ver\u00e4ndert das Planungs- und Bauwesen: Oliver Troska, Leiter Anwendungstechnik bei Hanno, nennt Praxis-Beispiele.<\/p>\n<p><strong>Digitalisierung \u2013 Trend und Herausforderung zugleich?<\/strong><br \/>\nEine Herausforderung ist es bestimmt: Es geht um das Sammeln und Vernetzen von Daten, aber auch um neue Abl\u00e4ufe, Formen der Zusammenarbeit und Funktionsweisen in mehrfacher Hinsicht. Der deutsche Markt ist gegen\u00fcber neuen Technologien wie BIM noch recht verhalten. Eine gro\u00dfe H\u00fcrde ist der Vorbehalt, dass sich Planungsabl\u00e4ufe und Arbeitsprozesse grunds\u00e4tzlich \u00e4ndern. Hier sind ein Umdenken und neue Herangehensweisen erforderlich.<\/p>\n<p><strong>Wie zeigt sich die Digitalisierung in der Praxis?<\/strong><br \/>\nBau-Akteure mussten zuletzt infolge der Pandemie auf digitale Wege setzen; Kommunikation und Arbeitsabl\u00e4ufe haben sich so ver\u00e4ndert. Das ist f\u00fcr die Branche nicht neu: 2019 gab es erste Nachfragen und wir stellten f\u00fcr nahezu das gesamte Hanno-Portfolio BIM-f\u00e4hige Daten zur Verf\u00fcgung. Digitale L\u00f6sungen liegen im Trend und beeinflussen die gesamte Wertsch\u00f6pfungskette. Vor dem Bauen wird digital geplant \u2013 da sind praxisgerechte L\u00f6sungen gefragt.<\/p>\n<p>&nbsp;<\/p>\n<hr \/>\n<p>&nbsp;<\/p>\n<p><a href=\"http:\/\/www.pr-neu.de\/newsroom\/wordpress\/wp-content\/uploads\/2021\/07\/21-09_Oliver-Troska_K.jpg\" target=\"_blank\" rel=\"noopener\"><img loading=\"lazy\" decoding=\"async\" class=\"aligncenter wp-image-14285 size-medium\" src=\"http:\/\/www.pr-neu.de\/newsroom\/wordpress\/wp-content\/uploads\/2021\/07\/21-09_Oliver-Troska_K-300x172.jpg\" alt=\"\" width=\"300\" height=\"172\" srcset=\"https:\/\/www.pr-neu.de\/newsroom\/wordpress\/wp-content\/uploads\/2021\/07\/21-09_Oliver-Troska_K-300x172.jpg 300w, https:\/\/www.pr-neu.de\/newsroom\/wordpress\/wp-content\/uploads\/2021\/07\/21-09_Oliver-Troska_K-1024x585.jpg 1024w, https:\/\/www.pr-neu.de\/newsroom\/wordpress\/wp-content\/uploads\/2021\/07\/21-09_Oliver-Troska_K-768x439.jpg 768w, https:\/\/www.pr-neu.de\/newsroom\/wordpress\/wp-content\/uploads\/2021\/07\/21-09_Oliver-Troska_K-1536x878.jpg 1536w, https:\/\/www.pr-neu.de\/newsroom\/wordpress\/wp-content\/uploads\/2021\/07\/21-09_Oliver-Troska_K-2048x1171.jpg 2048w, https:\/\/www.pr-neu.de\/newsroom\/wordpress\/wp-content\/uploads\/2021\/07\/21-09_Oliver-Troska_K-110x63.jpg 110w, https:\/\/www.pr-neu.de\/newsroom\/wordpress\/wp-content\/uploads\/2021\/07\/21-09_Oliver-Troska_K-420x240.jpg 420w, https:\/\/www.pr-neu.de\/newsroom\/wordpress\/wp-content\/uploads\/2021\/07\/21-09_Oliver-Troska_K-752x430.jpg 752w\" sizes=\"auto, (max-width: 300px) 100vw, 300px\" \/><\/a><\/p>\n<p style=\"text-align: center;\">Bild: Hanno Werk GmbH &amp; Co. KG<\/p>\n<p>&nbsp;<\/p>\n<hr \/>\n<p>&nbsp;<\/p>\n<p>Abdruck honorarfrei, Belegexemplar erbeten.<\/p>\n","protected":false},"excerpt":{"rendered":"<p>Die Digitalisierung ver\u00e4ndert das Planungs- und Bauwesen: Oliver Troska, Leiter Anwendungstechnik bei Hanno, nennt Praxis-Beispiele. Digitalisierung \u2013 Trend und Herausforderung zugleich? Eine Herausforderung ist es bestimmt: Es geht um das Sammeln und Vernetzen von Daten, aber auch um neue Abl\u00e4ufe, Formen der Zusammenarbeit und Funktionsweisen in mehrfacher Hinsicht. Der deutsche Markt ist gegen\u00fcber neuen Technologien [&hellip;]<\/p>\n","protected":false},"author":6,"featured_media":14285,"comment_status":"closed","ping_status":"open","sticky":false,"template":"","format":"standard","meta":{"footnotes":""},"categories":[655],"tags":[],"class_list":["post-14284","post","type-post","status-publish","format-standard","has-post-thumbnail","hentry","category-hanno"],"_links":{"self":[{"href":"https:\/\/www.pr-neu.de\/newsroom\/wp-json\/wp\/v2\/posts\/14284","targetHints":{"allow":["GET"]}}],"collection":[{"href":"https:\/\/www.pr-neu.de\/newsroom\/wp-json\/wp\/v2\/posts"}],"about":[{"href":"https:\/\/www.pr-neu.de\/newsroom\/wp-json\/wp\/v2\/types\/post"}],"author":[{"embeddable":true,"href":"https:\/\/www.pr-neu.de\/newsroom\/wp-json\/wp\/v2\/users\/6"}],"replies":[{"embeddable":true,"href":"https:\/\/www.pr-neu.de\/newsroom\/wp-json\/wp\/v2\/comments?post=14284"}],"version-history":[{"count":1,"href":"https:\/\/www.pr-neu.de\/newsroom\/wp-json\/wp\/v2\/posts\/14284\/revisions"}],"predecessor-version":[{"id":14286,"href":"https:\/\/www.pr-neu.de\/newsroom\/wp-json\/wp\/v2\/posts\/14284\/revisions\/14286"}],"wp:featuredmedia":[{"embeddable":true,"href":"https:\/\/www.pr-neu.de\/newsroom\/wp-json\/wp\/v2\/media\/14285"}],"wp:attachment":[{"href":"https:\/\/www.pr-neu.de\/newsroom\/wp-json\/wp\/v2\/media?parent=14284"}],"wp:term":[{"taxonomy":"category","embeddable":true,"href":"https:\/\/www.pr-neu.de\/newsroom\/wp-json\/wp\/v2\/categories?post=14284"},{"taxonomy":"post_tag","embeddable":true,"href":"https:\/\/www.pr-neu.de\/newsroom\/wp-json\/wp\/v2\/tags?post=14284"}],"curies":[{"name":"wp","href":"https:\/\/api.w.org\/{rel}","templated":true}]}}