{"id":14279,"date":"2021-07-07T09:53:31","date_gmt":"2021-07-07T07:53:31","guid":{"rendered":"https:\/\/www.pr-neu.de\/newsroom\/?p=14279"},"modified":"2021-07-07T09:53:31","modified_gmt":"2021-07-07T07:53:31","slug":"modulares-praesentationssystem-fuer-show-rooms","status":"publish","type":"post","link":"https:\/\/www.pr-neu.de\/newsroom\/modulares-praesentationssystem-fuer-show-rooms\/","title":{"rendered":"Modulares Pr\u00e4sentationssystem f\u00fcr Show-Rooms"},"content":{"rendered":"<p><u>Teckentrup: POS-System f\u00fcr Partnerbetriebe<\/u><\/p>\n<p>Teckentrup unterst\u00fctzt Verarbeiter und Fachh\u00e4ndler bei der Gestaltung ihrer Ausstellungsr\u00e4ume mit ma\u00dfgeschneiderten PoS-Elementen f\u00fcr den Verkauf von CarTeck-Garagentoren und T\u00fcren. Das modulare System passt sich an die individuellen Gegebenheiten vor Ort bzw. den W\u00fcnschen der Aussteller an. Dank der modularen Bauweise kann es aus verschiedenen Elementen zusammengestellt werden: So bietet ein Kubus, in den ein Garagentor und zwei T\u00fcren eingebaut sind, die M\u00f6glichkeit, auch auf kleinem Raum eine reale Garagensituation zu zeigen und Tor sowie T\u00fcren in ihren Funktionen zu pr\u00e4sentieren. Der mobile Paneel-Musterschrank mit verschiedenen Designs und Materialien bietet Kunden auch ein haptisches Erlebnis. Eine Monitorwand und eine beleuchtete Werbefl\u00e4che erg\u00e4nzen das Paket. J\u00fcrgen B\u00e4r vom B\u00e4r Vertriebscenter in Achern \u00fcberzeugte der kundenorientierte Support: \u201eVon Anfang an ist Teckentrup auf meine Ideen und unsere Raumsituation eingegangen und hat mit mir zusammen das ideale Konzept entwickelt.\u201c Bei Metallbau Hartinger (Wangen im Allg\u00e4u) wurden neben individuellen L\u00f6sungen f\u00fcr eine Wandmontage auch die T\u00fcren in das Pr\u00e4sentationskonzept integriert.<\/p>\n<p>Zum Konzept passt die neue \u201eDoor Designer\u201c-App, \u00fcber die sich das Garagentor-Design individuell und digital auf Bildschirmen am PoS planen l\u00e4sst. Spielend einfach und mit nur wenigen Klicks k\u00f6nnen jegliche Gestaltungsvarianten durchgetestet werden.<\/p>\n<p><strong>Mehr Infos \u00fcber:<\/strong><br \/>\nTeckentrup, Meike Kettler, Marketing, Tel.: 05246 &#8211; 504 216<br \/>\nMail: &#x6d;&#x65;&#105;ke&#x2e;&#x6b;&#101;&#116;t&#x6c;&#x65;&#114;&#64;t&#x65;&#x63;&#x6b;&#101;nt&#x72;&#x75;&#112;&#46;b&#x69;&#x7a;<\/p>\n<p>&nbsp;<\/p>\n<hr \/>\n<p>&nbsp;<\/p>\n<p><a href=\"http:\/\/www.pr-neu.de\/newsroom\/wordpress\/wp-content\/uploads\/2021\/07\/21-09_PoS_1_K.jpg\" target=\"_blank\" rel=\"noopener\"><img loading=\"lazy\" decoding=\"async\" class=\"aligncenter wp-image-14280 size-medium\" src=\"http:\/\/www.pr-neu.de\/newsroom\/wordpress\/wp-content\/uploads\/2021\/07\/21-09_PoS_1_K-300x225.jpg\" alt=\"\" width=\"300\" height=\"225\" srcset=\"https:\/\/www.pr-neu.de\/newsroom\/wordpress\/wp-content\/uploads\/2021\/07\/21-09_PoS_1_K-300x225.jpg 300w, https:\/\/www.pr-neu.de\/newsroom\/wordpress\/wp-content\/uploads\/2021\/07\/21-09_PoS_1_K-1024x768.jpg 1024w, https:\/\/www.pr-neu.de\/newsroom\/wordpress\/wp-content\/uploads\/2021\/07\/21-09_PoS_1_K-768x576.jpg 768w, https:\/\/www.pr-neu.de\/newsroom\/wordpress\/wp-content\/uploads\/2021\/07\/21-09_PoS_1_K-1536x1152.jpg 1536w, https:\/\/www.pr-neu.de\/newsroom\/wordpress\/wp-content\/uploads\/2021\/07\/21-09_PoS_1_K-2048x1536.jpg 2048w, https:\/\/www.pr-neu.de\/newsroom\/wordpress\/wp-content\/uploads\/2021\/07\/21-09_PoS_1_K-110x83.jpg 110w, https:\/\/www.pr-neu.de\/newsroom\/wordpress\/wp-content\/uploads\/2021\/07\/21-09_PoS_1_K-420x315.jpg 420w, https:\/\/www.pr-neu.de\/newsroom\/wordpress\/wp-content\/uploads\/2021\/07\/21-09_PoS_1_K-573x430.jpg 573w\" sizes=\"auto, (max-width: 300px) 100vw, 300px\" \/><\/a><\/p>\n<p style=\"text-align: center;\">Der Musteraufbau mit einem Tor und zwei T\u00fcren l\u00e4sst sich auch als Beratungsraum nutzen.<br \/>\nBild: Teckentrup<\/p>\n<p>&nbsp;<\/p>\n<p><a href=\"http:\/\/www.pr-neu.de\/newsroom\/wordpress\/wp-content\/uploads\/2021\/07\/21-09_PoS_2_K.jpg\" target=\"_blank\" rel=\"noopener\"><img loading=\"lazy\" decoding=\"async\" class=\"aligncenter wp-image-14281 size-medium\" src=\"http:\/\/www.pr-neu.de\/newsroom\/wordpress\/wp-content\/uploads\/2021\/07\/21-09_PoS_2_K-200x300.jpg\" alt=\"\" width=\"200\" height=\"300\" srcset=\"https:\/\/www.pr-neu.de\/newsroom\/wordpress\/wp-content\/uploads\/2021\/07\/21-09_PoS_2_K-200x300.jpg 200w, https:\/\/www.pr-neu.de\/newsroom\/wordpress\/wp-content\/uploads\/2021\/07\/21-09_PoS_2_K-683x1024.jpg 683w, https:\/\/www.pr-neu.de\/newsroom\/wordpress\/wp-content\/uploads\/2021\/07\/21-09_PoS_2_K-768x1152.jpg 768w, https:\/\/www.pr-neu.de\/newsroom\/wordpress\/wp-content\/uploads\/2021\/07\/21-09_PoS_2_K-1024x1536.jpg 1024w, https:\/\/www.pr-neu.de\/newsroom\/wordpress\/wp-content\/uploads\/2021\/07\/21-09_PoS_2_K-1365x2048.jpg 1365w, https:\/\/www.pr-neu.de\/newsroom\/wordpress\/wp-content\/uploads\/2021\/07\/21-09_PoS_2_K-73x110.jpg 73w, https:\/\/www.pr-neu.de\/newsroom\/wordpress\/wp-content\/uploads\/2021\/07\/21-09_PoS_2_K-280x420.jpg 280w, https:\/\/www.pr-neu.de\/newsroom\/wordpress\/wp-content\/uploads\/2021\/07\/21-09_PoS_2_K-287x430.jpg 287w, https:\/\/www.pr-neu.de\/newsroom\/wordpress\/wp-content\/uploads\/2021\/07\/21-09_PoS_2_K.jpg 1600w\" sizes=\"auto, (max-width: 200px) 100vw, 200px\" \/><\/a><\/p>\n<p style=\"text-align: center;\">Modular und auch auf Messen einsetzbar: Musterschr\u00e4nke auf Rollen<br \/>\nBild: Teckentrup<\/p>\n<p>&nbsp;<\/p>\n<hr \/>\n<p>&nbsp;<\/p>\n<p>Abdruck honorarfrei, Belegexemplar erbeten.<\/p>\n","protected":false},"excerpt":{"rendered":"<p>Teckentrup: POS-System f\u00fcr Partnerbetriebe Teckentrup unterst\u00fctzt Verarbeiter und Fachh\u00e4ndler bei der Gestaltung ihrer Ausstellungsr\u00e4ume mit ma\u00dfgeschneiderten PoS-Elementen f\u00fcr den Verkauf von CarTeck-Garagentoren und T\u00fcren. Das modulare System passt sich an die individuellen Gegebenheiten vor Ort bzw. den W\u00fcnschen der Aussteller an. Dank der modularen Bauweise kann es aus verschiedenen Elementen zusammengestellt werden: So bietet ein [&hellip;]<\/p>\n","protected":false},"author":6,"featured_media":14280,"comment_status":"closed","ping_status":"open","sticky":false,"template":"","format":"standard","meta":{"footnotes":""},"categories":[18],"tags":[],"class_list":["post-14279","post","type-post","status-publish","format-standard","has-post-thumbnail","hentry","category-teckentrup"],"_links":{"self":[{"href":"https:\/\/www.pr-neu.de\/newsroom\/wp-json\/wp\/v2\/posts\/14279","targetHints":{"allow":["GET"]}}],"collection":[{"href":"https:\/\/www.pr-neu.de\/newsroom\/wp-json\/wp\/v2\/posts"}],"about":[{"href":"https:\/\/www.pr-neu.de\/newsroom\/wp-json\/wp\/v2\/types\/post"}],"author":[{"embeddable":true,"href":"https:\/\/www.pr-neu.de\/newsroom\/wp-json\/wp\/v2\/users\/6"}],"replies":[{"embeddable":true,"href":"https:\/\/www.pr-neu.de\/newsroom\/wp-json\/wp\/v2\/comments?post=14279"}],"version-history":[{"count":1,"href":"https:\/\/www.pr-neu.de\/newsroom\/wp-json\/wp\/v2\/posts\/14279\/revisions"}],"predecessor-version":[{"id":14282,"href":"https:\/\/www.pr-neu.de\/newsroom\/wp-json\/wp\/v2\/posts\/14279\/revisions\/14282"}],"wp:featuredmedia":[{"embeddable":true,"href":"https:\/\/www.pr-neu.de\/newsroom\/wp-json\/wp\/v2\/media\/14280"}],"wp:attachment":[{"href":"https:\/\/www.pr-neu.de\/newsroom\/wp-json\/wp\/v2\/media?parent=14279"}],"wp:term":[{"taxonomy":"category","embeddable":true,"href":"https:\/\/www.pr-neu.de\/newsroom\/wp-json\/wp\/v2\/categories?post=14279"},{"taxonomy":"post_tag","embeddable":true,"href":"https:\/\/www.pr-neu.de\/newsroom\/wp-json\/wp\/v2\/tags?post=14279"}],"curies":[{"name":"wp","href":"https:\/\/api.w.org\/{rel}","templated":true}]}}