{"id":14263,"date":"2021-07-05T13:35:24","date_gmt":"2021-07-05T11:35:24","guid":{"rendered":"https:\/\/www.pr-neu.de\/newsroom\/?p=14263"},"modified":"2021-12-22T12:19:46","modified_gmt":"2021-12-22T11:19:46","slug":"ts-aluminium-staerkt-aussendienst-in-bayern","status":"publish","type":"post","link":"https:\/\/www.pr-neu.de\/newsroom\/ts-aluminium-staerkt-aussendienst-in-bayern\/","title":{"rendered":"TS-Aluminium st\u00e4rkt Au\u00dfendienst in Bayern"},"content":{"rendered":"<p><u>Wachstum im Au\u00dfendienst<\/u><\/p>\n<p>Torsten Betker (42) ist seit Juni neuer Au\u00dfendienstmitarbeiter bei TS-Aluminium. Mit ihm gewinnt das Unternehmen einen gelernten Glasermeister mit rund 20 Jahren Erfahrung im Handwerk, zuletzt als Betriebsleiter. Seine Kenntnisse setzt er ab sofort in der Kundenberatung ein. Dazu z\u00e4hlt auch die Einweisung in die Montage von Profilsystemen.<\/p>\n<p>Mit Betker verst\u00e4rkt TS-Aluminium sein Team im Au\u00dfendienst und reagiert damit auf die starke Nachfrage an \u201eOutdoor Living\u201c-Konzepten wie Sommer- und Winterg\u00e4rten. Durch die erfolgreiche Entwicklung des Standortes Bayern sind nun insgesamt elf Fachberater f\u00fcr TS-Aluminium im Einsatz.<\/p>\n<p>&nbsp;<\/p>\n<hr \/>\n<p>&nbsp;<\/p>\n<p style=\"text-align: center;\"><a href=\"http:\/\/www.pr-neu.de\/newsroom\/wordpress\/wp-content\/uploads\/2021\/06\/21-09_TS-Torsten-Betker_K.jpg\" target=\"_blank\" rel=\"noopener\"><img loading=\"lazy\" decoding=\"async\" class=\"alignnone wp-image-14264 size-medium\" src=\"http:\/\/www.pr-neu.de\/newsroom\/wordpress\/wp-content\/uploads\/2021\/06\/21-09_TS-Torsten-Betker_K-201x300.jpg\" alt=\"\" width=\"201\" height=\"300\" srcset=\"https:\/\/www.pr-neu.de\/newsroom\/wordpress\/wp-content\/uploads\/2021\/06\/21-09_TS-Torsten-Betker_K-201x300.jpg 201w, https:\/\/www.pr-neu.de\/newsroom\/wordpress\/wp-content\/uploads\/2021\/06\/21-09_TS-Torsten-Betker_K-686x1024.jpg 686w, https:\/\/www.pr-neu.de\/newsroom\/wordpress\/wp-content\/uploads\/2021\/06\/21-09_TS-Torsten-Betker_K-768x1147.jpg 768w, https:\/\/www.pr-neu.de\/newsroom\/wordpress\/wp-content\/uploads\/2021\/06\/21-09_TS-Torsten-Betker_K-1028x1536.jpg 1028w, https:\/\/www.pr-neu.de\/newsroom\/wordpress\/wp-content\/uploads\/2021\/06\/21-09_TS-Torsten-Betker_K-1371x2048.jpg 1371w, https:\/\/www.pr-neu.de\/newsroom\/wordpress\/wp-content\/uploads\/2021\/06\/21-09_TS-Torsten-Betker_K-74x110.jpg 74w, https:\/\/www.pr-neu.de\/newsroom\/wordpress\/wp-content\/uploads\/2021\/06\/21-09_TS-Torsten-Betker_K-281x420.jpg 281w, https:\/\/www.pr-neu.de\/newsroom\/wordpress\/wp-content\/uploads\/2021\/06\/21-09_TS-Torsten-Betker_K-288x430.jpg 288w, https:\/\/www.pr-neu.de\/newsroom\/wordpress\/wp-content\/uploads\/2021\/06\/21-09_TS-Torsten-Betker_K.jpg 1607w\" sizes=\"auto, (max-width: 201px) 100vw, 201px\" \/><\/a><\/p>\n<p style=\"text-align: center;\">Mit Torsten Betker als neuen Au\u00dfendienstmitarbeiter baut TS-Aluminium den Vertrieb aus.<\/p>\n<p style=\"text-align: center;\">Bild: TS-Aluminium-Profilsysteme GmbH &amp; Co. KG<\/p>\n<p>&nbsp;<\/p>\n<hr \/>\n<p>&nbsp;<\/p>\n<p>Abdruck honorarfrei, Belegexemplar erbeten.<\/p>\n","protected":false},"excerpt":{"rendered":"<p>Wachstum im Au\u00dfendienst Torsten Betker (42) ist seit Juni neuer Au\u00dfendienstmitarbeiter bei TS-Aluminium. Mit ihm gewinnt das Unternehmen einen gelernten Glasermeister mit rund 20 Jahren Erfahrung im Handwerk, zuletzt als Betriebsleiter. Seine Kenntnisse setzt er ab sofort in der Kundenberatung ein. Dazu z\u00e4hlt auch die Einweisung in die Montage von Profilsystemen. Mit Betker verst\u00e4rkt TS-Aluminium [&hellip;]<\/p>\n","protected":false},"author":6,"featured_media":14269,"comment_status":"closed","ping_status":"open","sticky":false,"template":"","format":"standard","meta":{"footnotes":""},"categories":[1761],"tags":[],"class_list":["post-14263","post","type-post","status-publish","format-standard","has-post-thumbnail","hentry","category-ts-aluminium"],"_links":{"self":[{"href":"https:\/\/www.pr-neu.de\/newsroom\/wp-json\/wp\/v2\/posts\/14263","targetHints":{"allow":["GET"]}}],"collection":[{"href":"https:\/\/www.pr-neu.de\/newsroom\/wp-json\/wp\/v2\/posts"}],"about":[{"href":"https:\/\/www.pr-neu.de\/newsroom\/wp-json\/wp\/v2\/types\/post"}],"author":[{"embeddable":true,"href":"https:\/\/www.pr-neu.de\/newsroom\/wp-json\/wp\/v2\/users\/6"}],"replies":[{"embeddable":true,"href":"https:\/\/www.pr-neu.de\/newsroom\/wp-json\/wp\/v2\/comments?post=14263"}],"version-history":[{"count":3,"href":"https:\/\/www.pr-neu.de\/newsroom\/wp-json\/wp\/v2\/posts\/14263\/revisions"}],"predecessor-version":[{"id":14270,"href":"https:\/\/www.pr-neu.de\/newsroom\/wp-json\/wp\/v2\/posts\/14263\/revisions\/14270"}],"wp:featuredmedia":[{"embeddable":true,"href":"https:\/\/www.pr-neu.de\/newsroom\/wp-json\/wp\/v2\/media\/14269"}],"wp:attachment":[{"href":"https:\/\/www.pr-neu.de\/newsroom\/wp-json\/wp\/v2\/media?parent=14263"}],"wp:term":[{"taxonomy":"category","embeddable":true,"href":"https:\/\/www.pr-neu.de\/newsroom\/wp-json\/wp\/v2\/categories?post=14263"},{"taxonomy":"post_tag","embeddable":true,"href":"https:\/\/www.pr-neu.de\/newsroom\/wp-json\/wp\/v2\/tags?post=14263"}],"curies":[{"name":"wp","href":"https:\/\/api.w.org\/{rel}","templated":true}]}}