{"id":14251,"date":"2021-06-24T11:20:12","date_gmt":"2021-06-24T09:20:12","guid":{"rendered":"https:\/\/www.pr-neu.de\/newsroom\/?p=14251"},"modified":"2021-06-24T11:21:00","modified_gmt":"2021-06-24T09:21:00","slug":"neue-kanaele-fuer-maschstrasse-und-eulenstrasse","status":"publish","type":"post","link":"https:\/\/www.pr-neu.de\/newsroom\/neue-kanaele-fuer-maschstrasse-und-eulenstrasse\/","title":{"rendered":"Neue Kan\u00e4le f\u00fcr Maschstra\u00dfe und Eulenstra\u00dfe"},"content":{"rendered":"<p><!--MBNHE--><\/p>\n<p align=\"left\"><strong><u>Braunschweig, 24. Juni 2021.<\/u><\/strong><\/p>\n<p align=\"left\">Ab dem 28. Juni ersetzt die Stadtentw\u00e4sserung Braunschweig GmbH (SE|BS) in der Masch- sowie in der Eulenstra\u00dfe die sanierungsbed\u00fcrftige Mischwasserkanalisation durch neue Regen- und Schmutzwasserkan\u00e4le. Die Erneuerung der Kanalisation erfolgt in der Maschstra\u00dfe zwischen Hinter der Masch und Celler Stra\u00dfe auf einer L\u00e4nge von ca. 520 Metern. Um Synergien durch bestehende Baustellenabsicherungen bestm\u00f6glich zu nutzen, erneuert die Braunschweiger Netz GmbH (BS Netz) in der Maschstra\u00dfe zudem parallel zur Kanalbauma\u00dfnahme die vorhandenen Gas- und Trinkwasserleitungen, insgesamt gut 940 Meter. Infolge der Arbeiten kommt es hier voraussichtlich bis September 2022 zu Beeintr\u00e4chtigungen f\u00fcr Anwohner und Verkehr. Die Ma\u00dfnahme wird in einzelnen Bauabschnitten abgewickelt. Die Verbindung zwischen der Celler Stra\u00dfe und dem Neustadtring ist w\u00e4hrend der Bauzeit f\u00fcr den Kraftfahrzeugverkehr abschnittsweise voll gesperrt. Fu\u00dfg\u00e4nger und Radfahrer k\u00f6nnen passieren.<\/p>\n<p align=\"left\">Die Kanalbauarbeiten in der Eulenstra\u00dfe umfassen ca. 220 Meter neue Regen- und Schmutzwasserkan\u00e4le und dauern voraussichtlich bis Ende 2021. Um die Beeintr\u00e4chtigungen durch die Baustelle so gering wie m\u00f6glich zu halten, erfolgen die Arbeiten auch hier in mehreren Bauabschnitten.<\/p>\n<p align=\"left\">Der Bauablauf wird so gestaltet, dass die Beeintr\u00e4chtigungen so gering wie m\u00f6glich gehalten werden. F\u00fcr die Dauer der Kanal- und Leitungsarbeiten wird in Abstimmung mit dem Fachbereich Stadtgr\u00fcn eine \u00f6ffentliche Gr\u00fcnfl\u00e4che im Kreuzungsbereich Maschstra\u00dfe\/Eulenstra\u00dfe f\u00fcr die Baustelleneinrichtung genutzt. Nach Beendigung der Arbeiten wird die Gr\u00fcnfl\u00e4che wiederhergestellt und neu bepflanzt.<\/p>\n<p>&nbsp;<\/p>\n<hr \/>\n<p>&nbsp;<\/p>\n<p><strong>SE|BS-Pressestelle<\/strong><br \/>\npr neu &#8211; gedacht<\/p>\n<p>Telefon: 05307 80093 \u2013 80<br \/>\nFax: 05307 80093 \u2013 69<br \/>\nE-Mail: &#x69;n&#x66;&#111;&#x40;&#112;r&#x2d;&#110;&#x65;&#117;&#46;&#x64;&#101;<br \/>\nInternet: www.pr-neu.de<\/p>\n","protected":false},"excerpt":{"rendered":"<p>Braunschweig, 24. Juni 2021. Ab dem 28. Juni ersetzt die Stadtentw\u00e4sserung Braunschweig GmbH (SE|BS) in der Masch- sowie in der Eulenstra\u00dfe die sanierungsbed\u00fcrftige Mischwasserkanalisation durch neue Regen- und Schmutzwasserkan\u00e4le. Die Erneuerung der Kanalisation erfolgt in der Maschstra\u00dfe zwischen Hinter der Masch und Celler Stra\u00dfe auf einer L\u00e4nge von ca. 520 Metern. Um Synergien durch bestehende [&hellip;]<\/p>\n","protected":false},"author":6,"featured_media":8697,"comment_status":"closed","ping_status":"open","sticky":false,"template":"","format":"standard","meta":{"footnotes":""},"categories":[1517],"tags":[],"class_list":["post-14251","post","type-post","status-publish","format-standard","has-post-thumbnail","hentry","category-sebs"],"_links":{"self":[{"href":"https:\/\/www.pr-neu.de\/newsroom\/wp-json\/wp\/v2\/posts\/14251","targetHints":{"allow":["GET"]}}],"collection":[{"href":"https:\/\/www.pr-neu.de\/newsroom\/wp-json\/wp\/v2\/posts"}],"about":[{"href":"https:\/\/www.pr-neu.de\/newsroom\/wp-json\/wp\/v2\/types\/post"}],"author":[{"embeddable":true,"href":"https:\/\/www.pr-neu.de\/newsroom\/wp-json\/wp\/v2\/users\/6"}],"replies":[{"embeddable":true,"href":"https:\/\/www.pr-neu.de\/newsroom\/wp-json\/wp\/v2\/comments?post=14251"}],"version-history":[{"count":5,"href":"https:\/\/www.pr-neu.de\/newsroom\/wp-json\/wp\/v2\/posts\/14251\/revisions"}],"predecessor-version":[{"id":14295,"href":"https:\/\/www.pr-neu.de\/newsroom\/wp-json\/wp\/v2\/posts\/14251\/revisions\/14295"}],"wp:featuredmedia":[{"embeddable":true,"href":"https:\/\/www.pr-neu.de\/newsroom\/wp-json\/wp\/v2\/media\/8697"}],"wp:attachment":[{"href":"https:\/\/www.pr-neu.de\/newsroom\/wp-json\/wp\/v2\/media?parent=14251"}],"wp:term":[{"taxonomy":"category","embeddable":true,"href":"https:\/\/www.pr-neu.de\/newsroom\/wp-json\/wp\/v2\/categories?post=14251"},{"taxonomy":"post_tag","embeddable":true,"href":"https:\/\/www.pr-neu.de\/newsroom\/wp-json\/wp\/v2\/tags?post=14251"}],"curies":[{"name":"wp","href":"https:\/\/api.w.org\/{rel}","templated":true}]}}