{"id":14246,"date":"2021-06-16T11:37:39","date_gmt":"2021-06-16T09:37:39","guid":{"rendered":"https:\/\/www.pr-neu.de\/newsroom\/?p=14246"},"modified":"2024-06-19T11:26:43","modified_gmt":"2024-06-19T09:26:43","slug":"ein-platz-an-der-sonne","status":"publish","type":"post","link":"https:\/\/www.pr-neu.de\/newsroom\/ein-platz-an-der-sonne\/","title":{"rendered":"Ein Platz an der Sonne"},"content":{"rendered":"<p><u>Wohntraum Wintergarten: Gefunden auf \u201eSonne-am-Haus.de\u201c<\/u><\/p>\n<p><strong>Modern, elegant, interaktiv: Das Portal f\u00fcr Winterg\u00e4rten, Sommerg\u00e4rten und Terrassend\u00e4cher \u201eSonne-am-Haus.de\u201c pr\u00e4sentiert sich im neuen Look. Mit wenigen Klicks planen Bauherren ihren neuen Lieblingsplatz am Haus und finden kompetente Fachbetriebe zur Umsetzung. Die Kooperation mit \u201e123gartenplaner.de\u201c und informative, inspirierende Informationen in den sozialen Medien erweitern das digitale Angebot.<\/strong><\/p>\n<p>Zuhause die Sonne genie\u00dfen: Mit modernen Winter- oder Sommerg\u00e4rten und Terrassend\u00e4chern erweitern Bauherren ihren Wohnraum am Haus um einen Platz an der Sonne. Wer im Vorfeld etwas Zeit in die Planung steckt, findet seine Trauml\u00f6sung. Planen geht besonders einfach digital \u00a0\u2013 und bei \u201eSonne-am-Haus.de\u201c finden Hausbesitzer auch gleich den kompetenten Fachberater f\u00fcr die Herstellung und Montage.<\/p>\n<p>Das Portal vereint Inspiration, Information und Beratung \u2013 und erstrahlt nun im neuen, modernen Look. Mit wenigen Klicks finden Bauherren und Wintergarten-Liebhaber News und hilfreiche Erkl\u00e4rungen, beispielsweise im \u201eSonne-am-Haus\u201c-Wiki. Wie vielf\u00e4ltig Winter- und Sommerg\u00e4rten sind, zeigen die anschaulichen Objektbeispiele. Zudem unterst\u00fctzt das Portal bei der Suche nach dem professionellen Fachbetrieb: Postleitzahl eingeben und aus den Vorschl\u00e4gen den Handwerker des Vertrauens w\u00e4hlen. Aktuelle Themen, Produktneuheiten und Austausch bieten zudem die Profile auf Facebook, Instagram und Pinterest. Die vorgestellten, bereits realisierten Projekte inspirieren \u2013 so findet jeder Bauherr seinen Traum-Wintergarten.<\/p>\n<p><strong>Mit wenigen Klicks zum (Traum-)Garten<\/strong><\/p>\n<p>Der Traum vom eigenen Winter- oder Sommergarten l\u00e4sst sich jetzt noch leichter erf\u00fcllen: Auf \u201e123gartenplaner.de\u201c werden Bauherren Schritt f\u00fcr Schritt durch die Online-Planung gef\u00fchrt und beraten \u2013 schnell, unkompliziert und professionell integrieren sie ihren Wunsch-Wintergarten in die (Garten\u2011)Planung. So entstehen digitale Zeichnungen als Planungsgrundlage f\u00fcr Do-it-yourself-Begabte oder den Profi. Die ma\u00dfgetreuen Planskizzen lassen sich unkompliziert an einen Fachbetrieb weiterleiten, der ein unverbindliches Angebot erstellt.<\/p>\n<p>&nbsp;<\/p>\n<hr \/>\n<p>&nbsp;<\/p>\n<figure id=\"attachment_14247\" aria-describedby=\"caption-attachment-14247\" style=\"width: 300px\" class=\"wp-caption aligncenter\"><a href=\"http:\/\/www.pr-neu.de\/newsroom\/wordpress\/wp-content\/uploads\/2021\/06\/21-07_Sonne-am-Haus_K.jpg\" target=\"_blank\" rel=\"noopener\"><img loading=\"lazy\" decoding=\"async\" class=\"wp-image-14247 size-medium\" src=\"http:\/\/www.pr-neu.de\/newsroom\/wordpress\/wp-content\/uploads\/2021\/06\/21-07_Sonne-am-Haus_K-300x169.jpg\" alt=\"\" width=\"300\" height=\"169\" srcset=\"https:\/\/www.pr-neu.de\/newsroom\/wordpress\/wp-content\/uploads\/2021\/06\/21-07_Sonne-am-Haus_K-300x169.jpg 300w, https:\/\/www.pr-neu.de\/newsroom\/wordpress\/wp-content\/uploads\/2021\/06\/21-07_Sonne-am-Haus_K-1024x576.jpg 1024w, https:\/\/www.pr-neu.de\/newsroom\/wordpress\/wp-content\/uploads\/2021\/06\/21-07_Sonne-am-Haus_K-768x432.jpg 768w, https:\/\/www.pr-neu.de\/newsroom\/wordpress\/wp-content\/uploads\/2021\/06\/21-07_Sonne-am-Haus_K-1536x864.jpg 1536w, https:\/\/www.pr-neu.de\/newsroom\/wordpress\/wp-content\/uploads\/2021\/06\/21-07_Sonne-am-Haus_K-2048x1152.jpg 2048w, https:\/\/www.pr-neu.de\/newsroom\/wordpress\/wp-content\/uploads\/2021\/06\/21-07_Sonne-am-Haus_K-110x62.jpg 110w, https:\/\/www.pr-neu.de\/newsroom\/wordpress\/wp-content\/uploads\/2021\/06\/21-07_Sonne-am-Haus_K-420x236.jpg 420w, https:\/\/www.pr-neu.de\/newsroom\/wordpress\/wp-content\/uploads\/2021\/06\/21-07_Sonne-am-Haus_K-770x430.jpg 770w, https:\/\/www.pr-neu.de\/newsroom\/wordpress\/wp-content\/uploads\/2021\/06\/21-07_Sonne-am-Haus_K-764x430.jpg 764w\" sizes=\"auto, (max-width: 300px) 100vw, 300px\" \/><\/a><figcaption id=\"caption-attachment-14247\" class=\"wp-caption-text\">Websites: sonne-am-haus.de und 123gartenplaner.de<\/figcaption><\/figure>\n<p>&nbsp;<\/p>\n<p><a href=\"http:\/\/www.pr-neu.de\/newsroom\/wordpress\/wp-content\/uploads\/2021\/06\/21-07_TS-Alu_Flachdach_K.jpg\" target=\"_blank\" rel=\"noopener\"><img loading=\"lazy\" decoding=\"async\" class=\"aligncenter wp-image-14248 size-medium\" src=\"http:\/\/www.pr-neu.de\/newsroom\/wordpress\/wp-content\/uploads\/2021\/06\/21-07_TS-Alu_Flachdach_K-300x192.jpg\" alt=\"\" width=\"300\" height=\"192\" srcset=\"https:\/\/www.pr-neu.de\/newsroom\/wordpress\/wp-content\/uploads\/2021\/06\/21-07_TS-Alu_Flachdach_K-300x192.jpg 300w, https:\/\/www.pr-neu.de\/newsroom\/wordpress\/wp-content\/uploads\/2021\/06\/21-07_TS-Alu_Flachdach_K-1024x655.jpg 1024w, https:\/\/www.pr-neu.de\/newsroom\/wordpress\/wp-content\/uploads\/2021\/06\/21-07_TS-Alu_Flachdach_K-768x492.jpg 768w, https:\/\/www.pr-neu.de\/newsroom\/wordpress\/wp-content\/uploads\/2021\/06\/21-07_TS-Alu_Flachdach_K-1536x983.jpg 1536w, https:\/\/www.pr-neu.de\/newsroom\/wordpress\/wp-content\/uploads\/2021\/06\/21-07_TS-Alu_Flachdach_K-2048x1311.jpg 2048w, https:\/\/www.pr-neu.de\/newsroom\/wordpress\/wp-content\/uploads\/2021\/06\/21-07_TS-Alu_Flachdach_K-110x70.jpg 110w, https:\/\/www.pr-neu.de\/newsroom\/wordpress\/wp-content\/uploads\/2021\/06\/21-07_TS-Alu_Flachdach_K-420x269.jpg 420w, https:\/\/www.pr-neu.de\/newsroom\/wordpress\/wp-content\/uploads\/2021\/06\/21-07_TS-Alu_Flachdach_K-672x430.jpg 672w\" sizes=\"auto, (max-width: 300px) 100vw, 300px\" \/><\/a><\/p>\n<p style=\"text-align: center;\">Puristisch und modern: Mit \u00e4sthetisch-zur\u00fcckhaltender Optik setzt die Serie Flachdach von TS-Aluminium architektonische Highlights.<\/p>\n<p style=\"text-align: center;\">Alle Bilder: TS-Aluminium-Profilsysteme GmbH &amp; Co. KG<\/p>\n<p>&nbsp;<\/p>\n<hr \/>\n<p>&nbsp;<\/p>\n<p>Abdruck honorarfrei, Belegexemplar erbeten.<\/p>\n","protected":false},"excerpt":{"rendered":"<p>Wohntraum Wintergarten: Gefunden auf \u201eSonne-am-Haus.de\u201c Modern, elegant, interaktiv: Das Portal f\u00fcr Winterg\u00e4rten, Sommerg\u00e4rten und Terrassend\u00e4cher \u201eSonne-am-Haus.de\u201c pr\u00e4sentiert sich im neuen Look. Mit wenigen Klicks planen Bauherren ihren neuen Lieblingsplatz am Haus und finden kompetente Fachbetriebe zur Umsetzung. Die Kooperation mit \u201e123gartenplaner.de\u201c und informative, inspirierende Informationen in den sozialen Medien erweitern das digitale Angebot. Zuhause die [&hellip;]<\/p>\n","protected":false},"author":10,"featured_media":14247,"comment_status":"closed","ping_status":"open","sticky":false,"template":"","format":"standard","meta":{"footnotes":""},"categories":[3036,1761],"tags":[],"class_list":["post-14246","post","type-post","status-publish","format-standard","has-post-thumbnail","hentry","category-sonne-am-haus","category-ts-aluminium"],"_links":{"self":[{"href":"https:\/\/www.pr-neu.de\/newsroom\/wp-json\/wp\/v2\/posts\/14246","targetHints":{"allow":["GET"]}}],"collection":[{"href":"https:\/\/www.pr-neu.de\/newsroom\/wp-json\/wp\/v2\/posts"}],"about":[{"href":"https:\/\/www.pr-neu.de\/newsroom\/wp-json\/wp\/v2\/types\/post"}],"author":[{"embeddable":true,"href":"https:\/\/www.pr-neu.de\/newsroom\/wp-json\/wp\/v2\/users\/10"}],"replies":[{"embeddable":true,"href":"https:\/\/www.pr-neu.de\/newsroom\/wp-json\/wp\/v2\/comments?post=14246"}],"version-history":[{"count":1,"href":"https:\/\/www.pr-neu.de\/newsroom\/wp-json\/wp\/v2\/posts\/14246\/revisions"}],"predecessor-version":[{"id":14249,"href":"https:\/\/www.pr-neu.de\/newsroom\/wp-json\/wp\/v2\/posts\/14246\/revisions\/14249"}],"wp:featuredmedia":[{"embeddable":true,"href":"https:\/\/www.pr-neu.de\/newsroom\/wp-json\/wp\/v2\/media\/14247"}],"wp:attachment":[{"href":"https:\/\/www.pr-neu.de\/newsroom\/wp-json\/wp\/v2\/media?parent=14246"}],"wp:term":[{"taxonomy":"category","embeddable":true,"href":"https:\/\/www.pr-neu.de\/newsroom\/wp-json\/wp\/v2\/categories?post=14246"},{"taxonomy":"post_tag","embeddable":true,"href":"https:\/\/www.pr-neu.de\/newsroom\/wp-json\/wp\/v2\/tags?post=14246"}],"curies":[{"name":"wp","href":"https:\/\/api.w.org\/{rel}","templated":true}]}}