{"id":14243,"date":"2021-06-11T10:50:41","date_gmt":"2021-06-11T08:50:41","guid":{"rendered":"https:\/\/www.pr-neu.de\/newsroom\/?p=14243"},"modified":"2021-06-11T10:50:41","modified_gmt":"2021-06-11T08:50:41","slug":"sonnenstrasse-ab-14-juni-gesperrt","status":"publish","type":"post","link":"https:\/\/www.pr-neu.de\/newsroom\/sonnenstrasse-ab-14-juni-gesperrt\/","title":{"rendered":"Sonnenstra\u00dfe ab 14. Juni gesperrt"},"content":{"rendered":"<p><strong>Kanalsanierung am Altstadtmarkt<\/strong><\/p>\n<p>Im Zuge der Kanal- und Leitungsarbeiten am Altstadtmarkt wird die Sonnenstra\u00dfe zwischen Scharrnstra\u00dfe und G\u00fcldenstra\u00dfe ab dem 14. Juni in beiden Fahrtrichtungen voll gesperrt. Eine Umleitung wird ausgeschildert. Die Sperrung der Sonnenstra\u00dfe wird voraussichtlich bis Mitte August dauern, die anliegenden Gesch\u00e4fte bleiben erreichbar. Um die Beeintr\u00e4chtigungen f\u00fcr den Verkehr zu minimieren, finden die anschlie\u00dfenden Arbeiten im Bereich der Kreuzung Sonnenstra\u00dfe \/ G\u00fcldenstra\u00dfe in der verkehrs\u00e4rmeren Zeit w\u00e4hrend der Sommerferien statt.<\/p>\n<p>\u00dcber die Umleitung des Busverkehrs informiert die Braunschweiger Verkehrs-GmbH unter www.bsvg.net.<\/p>\n<p>F\u00fcr die Einschr\u00e4nkungen bittet die SE|BS um Verst\u00e4ndnis.<\/p>\n<p align=\"left\">\n<hr \/>\n<p>&nbsp;<\/p>\n<p><strong>SE|BS-Pressestelle<\/strong><br \/>\npr neu &#8211; gedacht<\/p>\n<p>Telefon: 05307 80093 \u2013 80<br \/>\nFax: 05307 80093 \u2013 69<br \/>\nE-Mail: i&#110;&#102;&#111;&#x40;&#x70;&#x72;-n&#101;&#117;&#x2e;&#x64;&#x65;<br \/>\nInternet: www.pr-neu.de<\/p>\n","protected":false},"excerpt":{"rendered":"<p>Kanalsanierung am Altstadtmarkt Im Zuge der Kanal- und Leitungsarbeiten am Altstadtmarkt wird die Sonnenstra\u00dfe zwischen Scharrnstra\u00dfe und G\u00fcldenstra\u00dfe ab dem 14. Juni in beiden Fahrtrichtungen voll gesperrt. Eine Umleitung wird ausgeschildert. Die Sperrung der Sonnenstra\u00dfe wird voraussichtlich bis Mitte August dauern, die anliegenden Gesch\u00e4fte bleiben erreichbar. Um die Beeintr\u00e4chtigungen f\u00fcr den Verkehr zu minimieren, finden [&hellip;]<\/p>\n","protected":false},"author":6,"featured_media":8697,"comment_status":"closed","ping_status":"open","sticky":false,"template":"","format":"standard","meta":{"footnotes":""},"categories":[1517],"tags":[],"class_list":["post-14243","post","type-post","status-publish","format-standard","has-post-thumbnail","hentry","category-sebs"],"_links":{"self":[{"href":"https:\/\/www.pr-neu.de\/newsroom\/wp-json\/wp\/v2\/posts\/14243","targetHints":{"allow":["GET"]}}],"collection":[{"href":"https:\/\/www.pr-neu.de\/newsroom\/wp-json\/wp\/v2\/posts"}],"about":[{"href":"https:\/\/www.pr-neu.de\/newsroom\/wp-json\/wp\/v2\/types\/post"}],"author":[{"embeddable":true,"href":"https:\/\/www.pr-neu.de\/newsroom\/wp-json\/wp\/v2\/users\/6"}],"replies":[{"embeddable":true,"href":"https:\/\/www.pr-neu.de\/newsroom\/wp-json\/wp\/v2\/comments?post=14243"}],"version-history":[{"count":1,"href":"https:\/\/www.pr-neu.de\/newsroom\/wp-json\/wp\/v2\/posts\/14243\/revisions"}],"predecessor-version":[{"id":14244,"href":"https:\/\/www.pr-neu.de\/newsroom\/wp-json\/wp\/v2\/posts\/14243\/revisions\/14244"}],"wp:featuredmedia":[{"embeddable":true,"href":"https:\/\/www.pr-neu.de\/newsroom\/wp-json\/wp\/v2\/media\/8697"}],"wp:attachment":[{"href":"https:\/\/www.pr-neu.de\/newsroom\/wp-json\/wp\/v2\/media?parent=14243"}],"wp:term":[{"taxonomy":"category","embeddable":true,"href":"https:\/\/www.pr-neu.de\/newsroom\/wp-json\/wp\/v2\/categories?post=14243"},{"taxonomy":"post_tag","embeddable":true,"href":"https:\/\/www.pr-neu.de\/newsroom\/wp-json\/wp\/v2\/tags?post=14243"}],"curies":[{"name":"wp","href":"https:\/\/api.w.org\/{rel}","templated":true}]}}