{"id":14238,"date":"2021-06-10T08:48:57","date_gmt":"2021-06-10T06:48:57","guid":{"rendered":"https:\/\/www.pr-neu.de\/newsroom\/?p=14238"},"modified":"2021-12-22T12:20:09","modified_gmt":"2021-12-22T11:20:09","slug":"klein-staerkt-aussendienst-von-ts-aluminium-im-sued-westen","status":"publish","type":"post","link":"https:\/\/www.pr-neu.de\/newsroom\/klein-staerkt-aussendienst-von-ts-aluminium-im-sued-westen\/","title":{"rendered":"Klein st\u00e4rkt Au\u00dfendienst von TS-Aluminium im S\u00fcd-Westen"},"content":{"rendered":"<p><u>Ausweitung des Vertriebsnetzes<\/u><\/p>\n<p>Seit M\u00e4rz unterst\u00fctzt Stefan Klein (54) den Vertrieb von TS-Aluminium im S\u00fcd-Westen \u2013 von K\u00f6ln \u00fcber Mainz und Saarbr\u00fccken bis Luxemburg. Er ist als Kundenbetreuer der Ansprechpartner f\u00fcr alle kaufm\u00e4nnischen und technischen Fragen.<\/p>\n<p>Mit mehr als 30 Jahren Branchenerfahrung ist Klein Experte in Sachen Sommer- und Winterg\u00e4rten: Seinen ersten Glasanbau betreute er bereits im Alter von 21 Jahren. Neben seiner fachlichen Expertise bringt er als gelernter Handwerker auch umfassendes technisches Know-how mit.<\/p>\n<p>Zuletzt arbeitete Klein als Gebietsverkaufsleiter bei einem Mitbewerber. Nun freut er sich auf neue Herausforderungen und blickt seiner Zukunft bei TS-Aluminium positiv entgegen: \u201eMir ist es wichtig, gemeinsam mit der Firma zu wachsen. Dazu z\u00e4hlt f\u00fcr mich die langfristige Entwicklung des Unternehmens mit pers\u00f6nlichem Engagement, zuverl\u00e4ssigen Leistungen und Produkten, die TS-Aluminium als Profilgeber mit angeschlossener Beschichtung bietet.\u201c<\/p>\n<p>&nbsp;<\/p>\n<hr \/>\n<p>&nbsp;<\/p>\n<p><a href=\"http:\/\/www.pr-neu.de\/newsroom\/wordpress\/wp-content\/uploads\/2021\/06\/21-08_TS-Stefan-Klein_K.jpg\" target=\"_blank\" rel=\"noopener\"><img loading=\"lazy\" decoding=\"async\" class=\"aligncenter wp-image-14239 size-medium\" src=\"http:\/\/www.pr-neu.de\/newsroom\/wordpress\/wp-content\/uploads\/2021\/06\/21-08_TS-Stefan-Klein_K-225x300.jpg\" alt=\"\" width=\"225\" height=\"300\" srcset=\"https:\/\/www.pr-neu.de\/newsroom\/wordpress\/wp-content\/uploads\/2021\/06\/21-08_TS-Stefan-Klein_K-225x300.jpg 225w, https:\/\/www.pr-neu.de\/newsroom\/wordpress\/wp-content\/uploads\/2021\/06\/21-08_TS-Stefan-Klein_K-768x1024.jpg 768w, https:\/\/www.pr-neu.de\/newsroom\/wordpress\/wp-content\/uploads\/2021\/06\/21-08_TS-Stefan-Klein_K-1152x1536.jpg 1152w, https:\/\/www.pr-neu.de\/newsroom\/wordpress\/wp-content\/uploads\/2021\/06\/21-08_TS-Stefan-Klein_K-1536x2048.jpg 1536w, https:\/\/www.pr-neu.de\/newsroom\/wordpress\/wp-content\/uploads\/2021\/06\/21-08_TS-Stefan-Klein_K-83x110.jpg 83w, https:\/\/www.pr-neu.de\/newsroom\/wordpress\/wp-content\/uploads\/2021\/06\/21-08_TS-Stefan-Klein_K-315x420.jpg 315w, https:\/\/www.pr-neu.de\/newsroom\/wordpress\/wp-content\/uploads\/2021\/06\/21-08_TS-Stefan-Klein_K-323x430.jpg 323w, https:\/\/www.pr-neu.de\/newsroom\/wordpress\/wp-content\/uploads\/2021\/06\/21-08_TS-Stefan-Klein_K.jpg 1800w\" sizes=\"auto, (max-width: 225px) 100vw, 225px\" \/><\/a><\/p>\n<p style=\"text-align: center;\">Stefan Klein ist neuer Au\u00dfendienstmitarbeiter bei TS-Aluminium.<\/p>\n<p style=\"text-align: center;\">Bild: TS-Aluminium-Profilsysteme GmbH &amp; Co. KG<\/p>\n<p>&nbsp;<\/p>\n<hr \/>\n<p>&nbsp;<\/p>\n<p>Abdruck honorarfrei, Belegexemplar erbeten.<\/p>\n","protected":false},"excerpt":{"rendered":"<p>Ausweitung des Vertriebsnetzes Seit M\u00e4rz unterst\u00fctzt Stefan Klein (54) den Vertrieb von TS-Aluminium im S\u00fcd-Westen \u2013 von K\u00f6ln \u00fcber Mainz und Saarbr\u00fccken bis Luxemburg. Er ist als Kundenbetreuer der Ansprechpartner f\u00fcr alle kaufm\u00e4nnischen und technischen Fragen. Mit mehr als 30 Jahren Branchenerfahrung ist Klein Experte in Sachen Sommer- und Winterg\u00e4rten: Seinen ersten Glasanbau betreute er [&hellip;]<\/p>\n","protected":false},"author":6,"featured_media":14240,"comment_status":"closed","ping_status":"open","sticky":false,"template":"","format":"standard","meta":{"footnotes":""},"categories":[1761],"tags":[],"class_list":["post-14238","post","type-post","status-publish","format-standard","has-post-thumbnail","hentry","category-ts-aluminium"],"_links":{"self":[{"href":"https:\/\/www.pr-neu.de\/newsroom\/wp-json\/wp\/v2\/posts\/14238","targetHints":{"allow":["GET"]}}],"collection":[{"href":"https:\/\/www.pr-neu.de\/newsroom\/wp-json\/wp\/v2\/posts"}],"about":[{"href":"https:\/\/www.pr-neu.de\/newsroom\/wp-json\/wp\/v2\/types\/post"}],"author":[{"embeddable":true,"href":"https:\/\/www.pr-neu.de\/newsroom\/wp-json\/wp\/v2\/users\/6"}],"replies":[{"embeddable":true,"href":"https:\/\/www.pr-neu.de\/newsroom\/wp-json\/wp\/v2\/comments?post=14238"}],"version-history":[{"count":2,"href":"https:\/\/www.pr-neu.de\/newsroom\/wp-json\/wp\/v2\/posts\/14238\/revisions"}],"predecessor-version":[{"id":14242,"href":"https:\/\/www.pr-neu.de\/newsroom\/wp-json\/wp\/v2\/posts\/14238\/revisions\/14242"}],"wp:featuredmedia":[{"embeddable":true,"href":"https:\/\/www.pr-neu.de\/newsroom\/wp-json\/wp\/v2\/media\/14240"}],"wp:attachment":[{"href":"https:\/\/www.pr-neu.de\/newsroom\/wp-json\/wp\/v2\/media?parent=14238"}],"wp:term":[{"taxonomy":"category","embeddable":true,"href":"https:\/\/www.pr-neu.de\/newsroom\/wp-json\/wp\/v2\/categories?post=14238"},{"taxonomy":"post_tag","embeddable":true,"href":"https:\/\/www.pr-neu.de\/newsroom\/wp-json\/wp\/v2\/tags?post=14238"}],"curies":[{"name":"wp","href":"https:\/\/api.w.org\/{rel}","templated":true}]}}