{"id":14229,"date":"2021-06-09T09:40:35","date_gmt":"2021-06-09T07:40:35","guid":{"rendered":"https:\/\/www.pr-neu.de\/newsroom\/?p=14229"},"modified":"2021-06-09T09:40:35","modified_gmt":"2021-06-09T07:40:35","slug":"strahlendes-weiss","status":"publish","type":"post","link":"https:\/\/www.pr-neu.de\/newsroom\/strahlendes-weiss\/","title":{"rendered":"Strahlendes Wei\u00df"},"content":{"rendered":"<p><u>Neuer Wei\u00dfgrad dank neuer Lack-Technologie<\/u><\/p>\n<p>H\u00f6herer Wei\u00dfgrad, hervorragende Deckkraft: Die neuen All-Deck Lacke (S\u00fcdwest) gl\u00e4nzen mit ihren Eigenschaften. M\u00f6glich wird der neue besonders reine Wei\u00dfgrad ohne Gelb- oder Rotstich durch eine neu entwickelte Technologie, die vom Hersteller bereits zum Patent angemeldet wurde. Zum Start stehen Vorlack und Seidenglanz Wei\u00dflack im Fokus. Der All-Deck Vorlack zeichnet sich durch schnelle Trocknung aus und l\u00e4sst sich optimal schleifen. F\u00fcr attraktive, seidengl\u00e4nzende Oberfl\u00e4chen sorgt der neue All-Deck Wei\u00dflack Satin. Beide Lacke sind geruchsmild und besitzen einen hervorragenden Verlauf. Profis konnten sich bereits in der Praxis von der Innovation \u00fcberzeugen: \u201eDer neue All-Deck Wei\u00dflack Satin beeindruckte uns vor allem mit seinem Wei\u00dfgrad. Den Lack testeten wir sowohl mit dem Pinsel als auch mit der Spritzpistole. Die Ergebnisse waren durchweg perfekt und begeisterten uns sehr\u201c, berichtet J\u00fcrgen Bohnert, Malermeister aus Ha\u00dfloch.<\/p>\n<p>&nbsp;<\/p>\n<hr \/>\n<p>&nbsp;<\/p>\n<p>&nbsp;<\/p>\n<p><a href=\"http:\/\/www.pr-neu.de\/newsroom\/wordpress\/wp-content\/uploads\/2021\/06\/21-07_All-Deck-Lack_Gebinde_K.jpg\" target=\"_blank\" rel=\"noopener\"><img loading=\"lazy\" decoding=\"async\" class=\"aligncenter wp-image-14230 size-medium\" src=\"http:\/\/www.pr-neu.de\/newsroom\/wordpress\/wp-content\/uploads\/2021\/06\/21-07_All-Deck-Lack_Gebinde_K-300x300.jpg\" alt=\"\" width=\"300\" height=\"300\" srcset=\"https:\/\/www.pr-neu.de\/newsroom\/wordpress\/wp-content\/uploads\/2021\/06\/21-07_All-Deck-Lack_Gebinde_K-300x300.jpg 300w, https:\/\/www.pr-neu.de\/newsroom\/wordpress\/wp-content\/uploads\/2021\/06\/21-07_All-Deck-Lack_Gebinde_K-1024x1024.jpg 1024w, https:\/\/www.pr-neu.de\/newsroom\/wordpress\/wp-content\/uploads\/2021\/06\/21-07_All-Deck-Lack_Gebinde_K-150x150.jpg 150w, https:\/\/www.pr-neu.de\/newsroom\/wordpress\/wp-content\/uploads\/2021\/06\/21-07_All-Deck-Lack_Gebinde_K-768x768.jpg 768w, https:\/\/www.pr-neu.de\/newsroom\/wordpress\/wp-content\/uploads\/2021\/06\/21-07_All-Deck-Lack_Gebinde_K-1536x1536.jpg 1536w, https:\/\/www.pr-neu.de\/newsroom\/wordpress\/wp-content\/uploads\/2021\/06\/21-07_All-Deck-Lack_Gebinde_K-2048x2048.jpg 2048w, https:\/\/www.pr-neu.de\/newsroom\/wordpress\/wp-content\/uploads\/2021\/06\/21-07_All-Deck-Lack_Gebinde_K-250x250.jpg 250w, https:\/\/www.pr-neu.de\/newsroom\/wordpress\/wp-content\/uploads\/2021\/06\/21-07_All-Deck-Lack_Gebinde_K-125x125.jpg 125w, https:\/\/www.pr-neu.de\/newsroom\/wordpress\/wp-content\/uploads\/2021\/06\/21-07_All-Deck-Lack_Gebinde_K-110x110.jpg 110w, https:\/\/www.pr-neu.de\/newsroom\/wordpress\/wp-content\/uploads\/2021\/06\/21-07_All-Deck-Lack_Gebinde_K-420x420.jpg 420w, https:\/\/www.pr-neu.de\/newsroom\/wordpress\/wp-content\/uploads\/2021\/06\/21-07_All-Deck-Lack_Gebinde_K-430x430.jpg 430w\" sizes=\"auto, (max-width: 300px) 100vw, 300px\" \/><\/a><\/p>\n<p style=\"text-align: center;\">Verbesserter Wei\u00dfgrad: Die neuen Lacke von S\u00fcdwest erreichen jetzt extrem reines und helles Wei\u00df.<br \/>\nBild: S\u00fcdwest<\/p>\n<p>&nbsp;<\/p>\n<p><a href=\"http:\/\/www.pr-neu.de\/newsroom\/wordpress\/wp-content\/uploads\/2021\/06\/21-07_All-Deck-Lack_istock_K.jpg\" target=\"_blank\" rel=\"noopener\"><img loading=\"lazy\" decoding=\"async\" class=\"aligncenter wp-image-14231 size-medium\" src=\"http:\/\/www.pr-neu.de\/newsroom\/wordpress\/wp-content\/uploads\/2021\/06\/21-07_All-Deck-Lack_istock_K-300x225.jpg\" alt=\"\" width=\"300\" height=\"225\" srcset=\"https:\/\/www.pr-neu.de\/newsroom\/wordpress\/wp-content\/uploads\/2021\/06\/21-07_All-Deck-Lack_istock_K-300x225.jpg 300w, https:\/\/www.pr-neu.de\/newsroom\/wordpress\/wp-content\/uploads\/2021\/06\/21-07_All-Deck-Lack_istock_K-1024x768.jpg 1024w, https:\/\/www.pr-neu.de\/newsroom\/wordpress\/wp-content\/uploads\/2021\/06\/21-07_All-Deck-Lack_istock_K-768x576.jpg 768w, https:\/\/www.pr-neu.de\/newsroom\/wordpress\/wp-content\/uploads\/2021\/06\/21-07_All-Deck-Lack_istock_K-1536x1152.jpg 1536w, https:\/\/www.pr-neu.de\/newsroom\/wordpress\/wp-content\/uploads\/2021\/06\/21-07_All-Deck-Lack_istock_K-2048x1536.jpg 2048w, https:\/\/www.pr-neu.de\/newsroom\/wordpress\/wp-content\/uploads\/2021\/06\/21-07_All-Deck-Lack_istock_K-110x83.jpg 110w, https:\/\/www.pr-neu.de\/newsroom\/wordpress\/wp-content\/uploads\/2021\/06\/21-07_All-Deck-Lack_istock_K-420x315.jpg 420w, https:\/\/www.pr-neu.de\/newsroom\/wordpress\/wp-content\/uploads\/2021\/06\/21-07_All-Deck-Lack_istock_K-573x430.jpg 573w\" sizes=\"auto, (max-width: 300px) 100vw, 300px\" \/><\/a><\/p>\n<p style=\"text-align: center;\">Der neue All-Deck Wei\u00dflack Satin sorgt f\u00fcr attraktive, seidengl\u00e4nzende Oberfl\u00e4chen.<br \/>\nBild: istock \/ S\u00fcdwest<\/p>\n<p>&nbsp;<\/p>\n<hr \/>\n<p>&nbsp;<\/p>\n<p>Abdruck honorarfrei, Belegexemplar erbeten.<\/p>\n","protected":false},"excerpt":{"rendered":"<p>Neuer Wei\u00dfgrad dank neuer Lack-Technologie H\u00f6herer Wei\u00dfgrad, hervorragende Deckkraft: Die neuen All-Deck Lacke (S\u00fcdwest) gl\u00e4nzen mit ihren Eigenschaften. M\u00f6glich wird der neue besonders reine Wei\u00dfgrad ohne Gelb- oder Rotstich durch eine neu entwickelte Technologie, die vom Hersteller bereits zum Patent angemeldet wurde. Zum Start stehen Vorlack und Seidenglanz Wei\u00dflack im Fokus. Der All-Deck Vorlack zeichnet [&hellip;]<\/p>\n","protected":false},"author":6,"featured_media":14230,"comment_status":"closed","ping_status":"open","sticky":false,"template":"","format":"standard","meta":{"footnotes":""},"categories":[17],"tags":[],"class_list":["post-14229","post","type-post","status-publish","format-standard","has-post-thumbnail","hentry","category-sudwest"],"_links":{"self":[{"href":"https:\/\/www.pr-neu.de\/newsroom\/wp-json\/wp\/v2\/posts\/14229","targetHints":{"allow":["GET"]}}],"collection":[{"href":"https:\/\/www.pr-neu.de\/newsroom\/wp-json\/wp\/v2\/posts"}],"about":[{"href":"https:\/\/www.pr-neu.de\/newsroom\/wp-json\/wp\/v2\/types\/post"}],"author":[{"embeddable":true,"href":"https:\/\/www.pr-neu.de\/newsroom\/wp-json\/wp\/v2\/users\/6"}],"replies":[{"embeddable":true,"href":"https:\/\/www.pr-neu.de\/newsroom\/wp-json\/wp\/v2\/comments?post=14229"}],"version-history":[{"count":1,"href":"https:\/\/www.pr-neu.de\/newsroom\/wp-json\/wp\/v2\/posts\/14229\/revisions"}],"predecessor-version":[{"id":14232,"href":"https:\/\/www.pr-neu.de\/newsroom\/wp-json\/wp\/v2\/posts\/14229\/revisions\/14232"}],"wp:featuredmedia":[{"embeddable":true,"href":"https:\/\/www.pr-neu.de\/newsroom\/wp-json\/wp\/v2\/media\/14230"}],"wp:attachment":[{"href":"https:\/\/www.pr-neu.de\/newsroom\/wp-json\/wp\/v2\/media?parent=14229"}],"wp:term":[{"taxonomy":"category","embeddable":true,"href":"https:\/\/www.pr-neu.de\/newsroom\/wp-json\/wp\/v2\/categories?post=14229"},{"taxonomy":"post_tag","embeddable":true,"href":"https:\/\/www.pr-neu.de\/newsroom\/wp-json\/wp\/v2\/tags?post=14229"}],"curies":[{"name":"wp","href":"https:\/\/api.w.org\/{rel}","templated":true}]}}