{"id":14223,"date":"2021-06-07T09:47:00","date_gmt":"2021-06-07T07:47:00","guid":{"rendered":"https:\/\/www.pr-neu.de\/newsroom\/?p=14223"},"modified":"2021-06-07T09:51:47","modified_gmt":"2021-06-07T07:51:47","slug":"dr-sebastien-garnier-neuer-leiter-fe-bei-sto","status":"publish","type":"post","link":"https:\/\/www.pr-neu.de\/newsroom\/dr-sebastien-garnier-neuer-leiter-fe-bei-sto\/","title":{"rendered":"Dr. S\u00e9bastien Garnier: Neuer Leiter F&#038;E bei Sto"},"content":{"rendered":"<p><!--MBNHE-->Am 1. Juli 2021 \u00fcbernimmt Dr. S\u00e9bastien Garnier die Leitung der Forschung und Entwicklung (F&amp;E) bei Sto. In dieser Funktion ist er Mitglied der Gesch\u00e4ftsleitung und berichtet an den Vorstand Technik, Jan Nissen.<\/p>\n<p>S\u00e9bastien Garnier verf\u00fcgt \u00fcber langj\u00e4hrige Erfahrung in der Chemieindustrie. Nach seinem Master in Chemie an der Ecole Nationale Sup\u00e9rieure de Chimie de Lille (Frankreich) promovierte er an der Universit\u00e4t Potsdam und dem Fraunhofer Institut f\u00fcr Angewandte Polymerforschung. Seine berufliche Laufbahn f\u00fchrte er anschlie\u00dfend in verschiedenen Funktionen bei BASF in Deutschland und in China weiter. Zuletzt war Garnier als Vice President Automotive Refinish Coatings Solutions Asia Pacific in Shanghai besch\u00e4ftigt. &#8222;Ich freue mich sehr darauf, mit dem Team und mit unseren Partnern nachhaltige L\u00f6sungen und innovative Produkte f\u00fcr unsere Kunden global zu entwickeln&#8220;, sagt der neue F&amp;E-Chef. \u201eDabei m\u00f6chte ich mein Wissen und meine Erfahrung einbringen, um die erfolgreiche Technologief\u00fchrerschaft der Sto-Gruppe weiter auszubauen.\u201c<\/p>\n<p>&nbsp;<\/p>\n<hr \/>\n<p>&nbsp;<\/p>\n<p><a href=\"http:\/\/www.pr-neu.de\/newsroom\/wordpress\/wp-content\/uploads\/2021\/06\/21-06_Garnier_K.jpg\" target=\"_blank\" rel=\"noopener\"><img loading=\"lazy\" decoding=\"async\" class=\"aligncenter wp-image-14224 size-medium\" src=\"http:\/\/www.pr-neu.de\/newsroom\/wordpress\/wp-content\/uploads\/2021\/06\/21-06_Garnier_K-264x300.jpg\" alt=\"\" width=\"264\" height=\"300\" srcset=\"https:\/\/www.pr-neu.de\/newsroom\/wordpress\/wp-content\/uploads\/2021\/06\/21-06_Garnier_K-264x300.jpg 264w, https:\/\/www.pr-neu.de\/newsroom\/wordpress\/wp-content\/uploads\/2021\/06\/21-06_Garnier_K-899x1024.jpg 899w, https:\/\/www.pr-neu.de\/newsroom\/wordpress\/wp-content\/uploads\/2021\/06\/21-06_Garnier_K-768x874.jpg 768w, https:\/\/www.pr-neu.de\/newsroom\/wordpress\/wp-content\/uploads\/2021\/06\/21-06_Garnier_K-1349x1536.jpg 1349w, https:\/\/www.pr-neu.de\/newsroom\/wordpress\/wp-content\/uploads\/2021\/06\/21-06_Garnier_K-1799x2048.jpg 1799w, https:\/\/www.pr-neu.de\/newsroom\/wordpress\/wp-content\/uploads\/2021\/06\/21-06_Garnier_K-97x110.jpg 97w, https:\/\/www.pr-neu.de\/newsroom\/wordpress\/wp-content\/uploads\/2021\/06\/21-06_Garnier_K-369x420.jpg 369w, https:\/\/www.pr-neu.de\/newsroom\/wordpress\/wp-content\/uploads\/2021\/06\/21-06_Garnier_K-378x430.jpg 378w\" sizes=\"auto, (max-width: 264px) 100vw, 264px\" \/><\/a><\/p>\n<p style=\"text-align: center;\"><!--MBNHE-->Dr. S\u00e9bastien Garnier, neuer F&amp;E-Chef von Sto.<\/p>\n<p style=\"text-align: center;\">Foto: Sto SE &amp; Co. KGaA<\/p>\n<p>&nbsp;<\/p>\n<hr \/>\n<p>&nbsp;<\/p>\n<p>Abdruck honorarfrei, Belegexemplar erbeten.<\/p>\n","protected":false},"excerpt":{"rendered":"<p>Am 1. Juli 2021 \u00fcbernimmt Dr. S\u00e9bastien Garnier die Leitung der Forschung und Entwicklung (F&amp;E) bei Sto. In dieser Funktion ist er Mitglied der Gesch\u00e4ftsleitung und berichtet an den Vorstand Technik, Jan Nissen. S\u00e9bastien Garnier verf\u00fcgt \u00fcber langj\u00e4hrige Erfahrung in der Chemieindustrie. Nach seinem Master in Chemie an der Ecole Nationale Sup\u00e9rieure de Chimie de [&hellip;]<\/p>\n","protected":false},"author":6,"featured_media":14227,"comment_status":"closed","ping_status":"open","sticky":false,"template":"","format":"standard","meta":{"footnotes":""},"categories":[15],"tags":[],"class_list":["post-14223","post","type-post","status-publish","format-standard","has-post-thumbnail","hentry","category-sto"],"_links":{"self":[{"href":"https:\/\/www.pr-neu.de\/newsroom\/wp-json\/wp\/v2\/posts\/14223","targetHints":{"allow":["GET"]}}],"collection":[{"href":"https:\/\/www.pr-neu.de\/newsroom\/wp-json\/wp\/v2\/posts"}],"about":[{"href":"https:\/\/www.pr-neu.de\/newsroom\/wp-json\/wp\/v2\/types\/post"}],"author":[{"embeddable":true,"href":"https:\/\/www.pr-neu.de\/newsroom\/wp-json\/wp\/v2\/users\/6"}],"replies":[{"embeddable":true,"href":"https:\/\/www.pr-neu.de\/newsroom\/wp-json\/wp\/v2\/comments?post=14223"}],"version-history":[{"count":2,"href":"https:\/\/www.pr-neu.de\/newsroom\/wp-json\/wp\/v2\/posts\/14223\/revisions"}],"predecessor-version":[{"id":14226,"href":"https:\/\/www.pr-neu.de\/newsroom\/wp-json\/wp\/v2\/posts\/14223\/revisions\/14226"}],"wp:featuredmedia":[{"embeddable":true,"href":"https:\/\/www.pr-neu.de\/newsroom\/wp-json\/wp\/v2\/media\/14227"}],"wp:attachment":[{"href":"https:\/\/www.pr-neu.de\/newsroom\/wp-json\/wp\/v2\/media?parent=14223"}],"wp:term":[{"taxonomy":"category","embeddable":true,"href":"https:\/\/www.pr-neu.de\/newsroom\/wp-json\/wp\/v2\/categories?post=14223"},{"taxonomy":"post_tag","embeddable":true,"href":"https:\/\/www.pr-neu.de\/newsroom\/wp-json\/wp\/v2\/tags?post=14223"}],"curies":[{"name":"wp","href":"https:\/\/api.w.org\/{rel}","templated":true}]}}