{"id":14220,"date":"2021-06-04T10:38:14","date_gmt":"2021-06-04T08:38:14","guid":{"rendered":"https:\/\/www.pr-neu.de\/newsroom\/?p=14220"},"modified":"2021-06-04T10:38:14","modified_gmt":"2021-06-04T08:38:14","slug":"spatenstich-fuer-renaturierung-der-schunter-und-fuer-neue-bruecke","status":"publish","type":"post","link":"https:\/\/www.pr-neu.de\/newsroom\/spatenstich-fuer-renaturierung-der-schunter-und-fuer-neue-bruecke\/","title":{"rendered":"Spatenstich f\u00fcr Renaturierung der Schunter und f\u00fcr neue Br\u00fccke"},"content":{"rendered":"<p><!--MBNHE--><\/p>\n<p align=\"left\">Mit der Renaturierung der Schunter bei R\u00fchme gewinnt nicht nur die Natur etwas zur\u00fcck, sondern auch die Braunschweiger: Die Fl\u00e4che ist ein Naherholungsgebiet, in dem sich Flora und Fauna besonders erleben lassen. Am 3. Juni starteten nun mit einem Spatenstich gleich zwei weitere Ma\u00dfnahmen: der n\u00e4chste Abschnitt der Renaturierungsma\u00dfnahme und der Neubau einer barrierefreien Fu\u00dfg\u00e4ngerbr\u00fccke \u00fcber die Schunter. \u201eMit diesen Ma\u00dfnahmen wird jetzt die zum Teil noch naturferne gerade Linienf\u00fchrung der Schunter beseitigt. Der Schunter wird also die M\u00f6glichkeit gegeben, wieder nat\u00fcrlich, in harmonischen Pendelbewegungen zu flie\u00dfen. Voraussetzung und Starthilfe daf\u00fcr, dass sich das Gew\u00e4sser wieder zu einem artenreichen Lebensraum entwickeln kann\u201c, sagte Ulrich Markurth, Oberb\u00fcrgermeister von Braunschweig. Das Projekt stehe im Verbund mit den zahlreichen Renaturierungsma\u00dfnahmen im Stadtgebiet. \u201eMein Dank geht auch an die Sponsoren. Wenn die Renaturierung jetzt im vollen Umfang und ohne Abstriche umgesetzt werden kann, dann ist das auch deren Verdienst: der Volkswagen Financial Services und der Stadtentw\u00e4sserung Braunschweig\u201c.<\/p>\n<p align=\"left\">Das Renaturierungs-Projekt wird von der EU und dem Land Niedersachsen \u00fcber die NBank gef\u00f6rdert, die Stadt Braunschweig, Volkswagen Financial Services sowie der Stadtentw\u00e4sserung Braunschweig GmbH (SE|BS) unterst\u00fctzen das Projekt finanziell. Der \u201eWasserverband Mittlere Oker\u201c (WVMO) leitet die Renaturierung in Abstimmung mit der Umweltbeh\u00f6rde der Stadt Braunschweig. WVMO-Verbandsvorsteher Dr. Bernd Hoppe-Dominik legt Wert darauf, den Erhalt des Naturraums in den Mittelpunkt zu stellen \u201eUnsere biologische Baubegleitung stellt sicher, dass alle artenschutzfachlichen Belange ber\u00fccksichtigt werden. Dann sind auch die Menschen hier willkommen\u201c. Lars Henner Santelmann, Chef von Volkswagen Financial Services, freut sich \u00fcber den n\u00e4chsten Bauabschnitt: \u201eDas Projekt liegt exakt auf der Nahtstelle zwischen unseren lokalen Sponsoring-Aktivit\u00e4ten am Standort unseres Headquarters in der Region Braunschweig und unserem Ansatz als international operierender Finanzdienstleistungskonzern, f\u00fcr den Umwelt- und Klimaschutz, z.B. mit unserem Moorschutzfonds, einen wertvollen und nachhaltigen Beitrag zu leisten.\u201c<\/p>\n<p align=\"left\">Die Stadtentw\u00e4sserung Braunschweig GmbH (SE|BS) ist Umweltdienstleister der Stadt Braunschweig. Neben der Abwasserverwertung, dem Kanalbetrieb und weiteren Aufgaben ist sie auch f\u00fcr die Unterhaltung der Flie\u00dfgew\u00e4sser verantwortlich. &#8222;Als Teil intensiv genutzter Landschaften hat man den Flie\u00dfgew\u00e4ssern im letzten Jahrhundert Platz genommen und sie oft in unnat\u00fcrliche L\u00e4ufe gezwungen. In dieser gemeinschaftlichen Planung lassen sich Natur- und Hochwasserschutz sowie eine gesunde Gew\u00e4sserentwicklung verzahnen \u2013 das zu unterst\u00fctzen ist eine gro\u00dfe Freude!\u201c, sagte SE|BS-Chef Andreas Hartmann, \u201eund als weiterer Effekt kommt hinzu, dass so die Selbstreinigungskraft der Schunter gest\u00e4rkt wird\u201c.<\/p>\n<p>&nbsp;<\/p>\n<hr \/>\n<p>&nbsp;<\/p>\n<p><a href=\"http:\/\/www.pr-neu.de\/newsroom\/wordpress\/wp-content\/uploads\/2021\/06\/Spatenstich-Butterberg_WVMO_K.jpg\" target=\"_blank\" rel=\"noopener\"><img loading=\"lazy\" decoding=\"async\" class=\"aligncenter wp-image-14221 size-medium\" src=\"http:\/\/www.pr-neu.de\/newsroom\/wordpress\/wp-content\/uploads\/2021\/06\/Spatenstich-Butterberg_WVMO_K-300x200.jpg\" alt=\"\" width=\"300\" height=\"200\" srcset=\"https:\/\/www.pr-neu.de\/newsroom\/wordpress\/wp-content\/uploads\/2021\/06\/Spatenstich-Butterberg_WVMO_K-300x200.jpg 300w, https:\/\/www.pr-neu.de\/newsroom\/wordpress\/wp-content\/uploads\/2021\/06\/Spatenstich-Butterberg_WVMO_K-1024x683.jpg 1024w, https:\/\/www.pr-neu.de\/newsroom\/wordpress\/wp-content\/uploads\/2021\/06\/Spatenstich-Butterberg_WVMO_K-768x512.jpg 768w, https:\/\/www.pr-neu.de\/newsroom\/wordpress\/wp-content\/uploads\/2021\/06\/Spatenstich-Butterberg_WVMO_K-1536x1024.jpg 1536w, https:\/\/www.pr-neu.de\/newsroom\/wordpress\/wp-content\/uploads\/2021\/06\/Spatenstich-Butterberg_WVMO_K-2048x1365.jpg 2048w, https:\/\/www.pr-neu.de\/newsroom\/wordpress\/wp-content\/uploads\/2021\/06\/Spatenstich-Butterberg_WVMO_K-110x73.jpg 110w, https:\/\/www.pr-neu.de\/newsroom\/wordpress\/wp-content\/uploads\/2021\/06\/Spatenstich-Butterberg_WVMO_K-420x280.jpg 420w, https:\/\/www.pr-neu.de\/newsroom\/wordpress\/wp-content\/uploads\/2021\/06\/Spatenstich-Butterberg_WVMO_K-645x430.jpg 645w\" sizes=\"auto, (max-width: 300px) 100vw, 300px\" \/><\/a><\/p>\n<p style=\"text-align: center;\" align=\"left\">Trafen sich am 3. Juni am Butterberg zum Spatenstich f\u00fcr die weitere Renaturierung der Schunter: Lars Henner Santelmann, Vorstand Volkswagen Financial Services, Ulrich Markurth, Oberb\u00fcrgermeister der Stadt Braun-schweig, Andreas Hartmann, Gesch\u00e4ftsf\u00fchrer Stadtentw\u00e4sserung Braun-schweig GmbH, Bernd Hoppe-Dominik, Verbandsvorsteher Wasserverband Mittlere Oker.<\/p>\n<p style=\"text-align: center;\" align=\"left\">Foto: Gramann \/ WVMO<\/p>\n<p>&nbsp;<\/p>\n<hr \/>\n<p>&nbsp;<\/p>\n<p><strong>Hintergrund<\/strong><\/p>\n<p>Der WVMO renaturiert mittlerweile seit mehr als 20 Jahren die Gew\u00e4sser der Region. F\u00fcr dieses Projekt starteten bereits 2019 Kartierungen und weitere vorbereitende Arbeiten, im vergangenen Jahr entstand die neue Br\u00fccke Butterberg. Jetzt soll unter anderem die naturferne, gerade Linienf\u00fchrung der Schunter und die Einengung durch die Verwallung so weit wie m\u00f6glich beseitigt werden. Zugleich soll die Schunter f\u00fcr stromaufw\u00e4rts wandernde Fische und andere Wasserlebewesen wieder durchg\u00e4ngiger werden. Dazu wird das Schunter-Wehr n\u00f6rdlich der A 2 durch eine ca. 1.100 m lange Gef\u00e4llestrecke ersetzt, um die Wasserstanddifferenz von ca. 1,40 m \u00fcber eine sehr lange Strecke abzubauen. Um trotzdem die bestehenden Wasserst\u00e4nde an der Bienroder M\u00fchle aufrechtzuerhalten, ist eine Verl\u00e4ngerung des M\u00fchlengrabens um 760 Meter geplant. Ein weiteres Ziel ist es, den sogenannten \u201eHydraulischen Stress\u201c in der Schunter zu senken: Bei Hochwasser wurden die (bei Niedrigwasser) abgelagerten Sedimente fortgesp\u00fclt und dadurch auch der Lebensraum von Kleinstlebewesen genommen. Diese Gefahr ist nun deutlich geringer.<br \/>\nNeben diesen positiven \u00f6kologischen Effekten wird auch der Faktor \u201eNaherholung\u201c verbessert. Zum Beispiel verbessern die neuen Br\u00fccken die Erreichbarkeit: Durch die Verlegung der Br\u00fccke Butterberg und den Neubau der Br\u00fccke Im Alten Dorfe werden die Wege barrierefrei. Am Butterberg war die Br\u00fccke wegen ihrer sehr hohen L\u00e4ngsneigung auf dem zuf\u00fchrenden Weg f\u00fcr mobilit\u00e4tseingeschr\u00e4nkte Personen nicht geeignet. Die Br\u00fccke Im Alten Dorfe hatte auf beiden Seiten Treppen. Wenn alle Bauarbeiten abgeschlossen sind, k\u00f6nnen auch Kinderwagen, Fahrr\u00e4der und Rollatoren bequem \u00fcber die Schunter kommen. Zwei Aussichtsh\u00fcgel und zwei Zonen f\u00fcr &#8222;Gew\u00e4sser Erleben&#8220; werden das Gebiet f\u00fcr die Naherholung zus\u00e4tzlich aufwerten.<\/p>\n<p>&nbsp;<\/p>\n<p><strong>FAKTEN<\/strong><br \/>\nBauzeit Gew\u00e4sserrenaturierung und neue Fu\u00dfg\u00e4ngerbr\u00fccke: Juni 2021 bis Ende 2021<\/p>\n<p>Gesamtkosten: 3,9 Millionen Euro<br \/>\ndavon:<br \/>\nRenaturierung: 2,2 Millionen Euro<br \/>\n2 Br\u00fccken: 1,7 Millionen Euro<\/p>\n<p>Finanzierung<br \/>\nEU-F\u00f6rdermitteln: 2,2 Millionen Euro<br \/>\nEigenmittel Stadt: 1,3 Millionen Euro<br \/>\nSponsoring: 0,4 Millionen Euro<\/p>\n<hr \/>\n<p>&nbsp;<\/p>\n<p align=\"left\"><u>Kontakt f\u00fcr die Presse:<\/u><br \/>\nWasserverband Mittlere Oker (WVMO)<br \/>\nClaus Wilske<br \/>\nEisenb\u00fctteler Stra\u00dfe 22\/23<br \/>\n38122 Braunschweig<br \/>\n&#x63;&#x2e;&#x77;&#105;&#108;&#115;ke&#x40;&#x77;&#x76;&#x6d;&#111;&#46;de<\/p>\n","protected":false},"excerpt":{"rendered":"<p>Mit der Renaturierung der Schunter bei R\u00fchme gewinnt nicht nur die Natur etwas zur\u00fcck, sondern auch die Braunschweiger: Die Fl\u00e4che ist ein Naherholungsgebiet, in dem sich Flora und Fauna besonders erleben lassen. Am 3. Juni starteten nun mit einem Spatenstich gleich zwei weitere Ma\u00dfnahmen: der n\u00e4chste Abschnitt der Renaturierungsma\u00dfnahme und der Neubau einer barrierefreien Fu\u00dfg\u00e4ngerbr\u00fccke [&hellip;]<\/p>\n","protected":false},"author":6,"featured_media":14221,"comment_status":"closed","ping_status":"open","sticky":false,"template":"","format":"standard","meta":{"footnotes":""},"categories":[661],"tags":[],"class_list":["post-14220","post","type-post","status-publish","format-standard","has-post-thumbnail","hentry","category-allgemein"],"_links":{"self":[{"href":"https:\/\/www.pr-neu.de\/newsroom\/wp-json\/wp\/v2\/posts\/14220","targetHints":{"allow":["GET"]}}],"collection":[{"href":"https:\/\/www.pr-neu.de\/newsroom\/wp-json\/wp\/v2\/posts"}],"about":[{"href":"https:\/\/www.pr-neu.de\/newsroom\/wp-json\/wp\/v2\/types\/post"}],"author":[{"embeddable":true,"href":"https:\/\/www.pr-neu.de\/newsroom\/wp-json\/wp\/v2\/users\/6"}],"replies":[{"embeddable":true,"href":"https:\/\/www.pr-neu.de\/newsroom\/wp-json\/wp\/v2\/comments?post=14220"}],"version-history":[{"count":1,"href":"https:\/\/www.pr-neu.de\/newsroom\/wp-json\/wp\/v2\/posts\/14220\/revisions"}],"predecessor-version":[{"id":14222,"href":"https:\/\/www.pr-neu.de\/newsroom\/wp-json\/wp\/v2\/posts\/14220\/revisions\/14222"}],"wp:featuredmedia":[{"embeddable":true,"href":"https:\/\/www.pr-neu.de\/newsroom\/wp-json\/wp\/v2\/media\/14221"}],"wp:attachment":[{"href":"https:\/\/www.pr-neu.de\/newsroom\/wp-json\/wp\/v2\/media?parent=14220"}],"wp:term":[{"taxonomy":"category","embeddable":true,"href":"https:\/\/www.pr-neu.de\/newsroom\/wp-json\/wp\/v2\/categories?post=14220"},{"taxonomy":"post_tag","embeddable":true,"href":"https:\/\/www.pr-neu.de\/newsroom\/wp-json\/wp\/v2\/tags?post=14220"}],"curies":[{"name":"wp","href":"https:\/\/api.w.org\/{rel}","templated":true}]}}