{"id":1420,"date":"2012-10-16T10:33:55","date_gmt":"2012-10-16T10:33:55","guid":{"rendered":"http:\/\/www.pr-nord.de\/newsroom\/?p=1420"},"modified":"2020-05-29T09:12:09","modified_gmt":"2020-05-29T07:12:09","slug":"plusenergiehaus-in-berlin","status":"publish","type":"post","link":"https:\/\/www.pr-neu.de\/newsroom\/plusenergiehaus-in-berlin\/","title":{"rendered":"Plusenergiehaus in Berlin"},"content":{"rendered":"<p><span style=\"text-decoration: underline;\">PV-Anlagen auf Dach und Fassade liefern Strom f\u00fcr Wohnen und Fahren <\/span><\/p>\n<p><strong>Ein Geb\u00e4ude, das mehr Energie erzeugt als es verbraucht: Das Effizienzhaus Plus zeigt, dass es m\u00f6glich ist, Einfamilienh\u00e4user zu bauen, die als kleine Kraftwerke funktionieren. Den Strom liefern Photovoltaik-Analgen, die nicht nur auf dem Dach, sondern auch an der Fassade (StoVentec ARTline Invisible) montiert sind. Diese erzeugen so viel Energie, dass das Forschungs- und Modellvorhaben auch eine Ladestation f\u00fcr Elektroautos versorgt. Der Nachhaltigkeitsgedanke blickt \u00fcber das Ende der Nutzungshase hinaus \u2013 dann l\u00e4sst sich das Geb\u00e4ude komplett recyclen. Derzeit wohnt hier eine vierk\u00f6pfigen Familie.<\/strong><\/p>\n<p>Durch die vollfl\u00e4chige Glasfassade ihres Wohnzimmers sehen J\u00f6rg Welke und Simone Wiechers hinaus in einen kleinen Garten, der von einem vierst\u00f6ckigen Verwaltungsbau begrenzt wird. Wenn sie mit ihren Kindern das Geb\u00e4ude auf der Eingangsseite verlassen, stehen sie vor der Berliner Universit\u00e4t der K\u00fcnste. Schon allein die Lage verr\u00e4t, dass es sich bei dem tempor\u00e4ren Zuhause der Familie nicht um ein normales Wohnhaus handelt: Sie wohnt im Effizienzhaus Plus, einem Bau, der im Rahmen der Initiative \u201eZukunft Bau\u201c vom Bundesministerium f\u00fcr Verkehr, Bau und Stadtentwicklung errichtet wurde. Der Entwurf f\u00fcr das Forschungs- und Modellvorhaben stammt von einer Arbeitsgemeinschaft des Instituts f\u00fcr Leichtbau, Entwerfen und Konstruieren (ILEK) der Universit\u00e4t Stuttgart mit dem B\u00fcro von Werner Sobek. Ziel war es zum einen, ein Haus zu errichten, das \u00fcber das Jahr mehr Energie produziert als es verbraucht. Zum anderen sollte der Entwurf das Potenzial aufzeigen, welches aus der Verkn\u00fcpfung von Elektromobilit\u00e4t und energieeffizientem Bauen erw\u00e4chst: Mit dem Energie\u00fcberschuss wird unter anderem ein Elektroauto angetrieben. In einer Prognose liegt der Strombedarf des Hauses samt Ladestation bei etwa 15.400 kWh\/a, w\u00e4hrend der Stromertrag der 16.630 kWh\/a betragen soll.<\/p>\n<p>Um diese Werte zu \u00fcberpr\u00fcfen, suchte das Ministerium eine vierk\u00f6pfige Familie als Testbewohner. Noch bis Juli 2013 werden sie in dem etwa 135 Quadratmeter gro\u00dfen Haus wohnen. Dass ihr Zuhause einem Pr\u00e4sentierteller gleicht, wird schon auf der Eingangsseite klar: Als eine Art Schaufenster dient diese dazu, die f\u00fcr den Betrieb des Hauses relevanten technischen Komponenten nach au\u00dfen ablesbar zu machen. Nicht nur auf dem Dach wird Sonnenlicht in elektrische Energie verwandelt: Die komplette S\u00fcdwestfassade besteht aus D\u00fcnnschicht-Photovoltaik-Modulen, montiert als vorgeh\u00e4ngtes hinterl\u00fcftetes Fassadensystem mit nicht sichtbarer Befestigung (StoVentec ARTline Invisible). Um ein einheitliches Erscheinungsbild zu erreichen, lie\u00dfen die Planer auf der Nordostseite das ebenfalls nicht sichtbar befestigte, vorgeh\u00e4ngte hinterl\u00fcftete Fassadensystem (StoVentec Glass) mit opaken, schwarzen Glaspaneelen verbauen. Die Eingangs- und Gartenseite pr\u00e4gen transparente Fassaden mit Dreifach-Isolierverglasung. Die vom Haus erzeugte Energie wird unter anderem f\u00fcr die Beleuchtung und den Betrieb der Haushaltsger\u00e4te verwendet, eine W\u00e4rmepumpe sorgt f\u00fcr die Erw\u00e4rmung der Heizung und des Brauchwassers. Doch das Geb\u00e4ude \u00fcberzeugt nicht nur durch seine Haustechnik, es ist auch nachhaltig konstruiert: Nach Ende der Testphase kann es abgebaut und an einem anderen Ort wieder aufgebaut werden, am Ende seiner Nutzungszeit l\u00e4sst es sich vollst\u00e4ndig recyclen.<\/p>\n<p>&nbsp;<\/p>\n<hr noshade=\"noshade\" size=\"1\" \/>\n<p>&nbsp;<\/p>\n<p><span style=\"text-decoration: underline;\"><strong>Bautafel<\/strong><\/span><\/p>\n<p><strong>Bauherr<\/strong>:<br \/>\nBundesministerium f\u00fcr Verkehr, Bau und Stadtentwicklung, Berlin<\/p>\n<p><strong>Architekt<\/strong>:<br \/>\nWerner Sobek, Stuttgart<\/p>\n<p><strong>Standort<\/strong>:<br \/>\nFasanenstra\u00dfe, Berlin<\/p>\n<p><strong>Sto-Kompetenzen<\/strong>:<br \/>\nVorgeh\u00e4ngtes hinterl\u00fcftetes Photovoltaik-Fassadensystem (StoVentec ARTline Invisible)<\/p>\n<p><strong>Fachhandwerker<\/strong>:<br \/>\nProjekt Holzbau Erkle, Bissingen unter Teck<\/p>\n<p>&nbsp;<\/p>\n<hr noshade=\"noshade\" size=\"1\" \/>\n<p>&nbsp;<\/p>\n<table style=\"height: 1737px;\" border=\"0\" width=\"632\" cellspacing=\"0\" cellpadding=\"0\">\n<tbody>\n<tr>\n<td valign=\"top\" width=\"370\" height=\"25\"><a href=\"http:\/\/www.pr-neu.de\/newsroom\/wordpress\/wp-content\/uploads\/2012\/10\/12-44-Plusenergie-1-Sobek_04_G.jpg\"><img loading=\"lazy\" decoding=\"async\" class=\"size-medium wp-image-13343\" src=\"http:\/\/www.pr-neu.de\/newsroom\/wordpress\/wp-content\/uploads\/2012\/10\/12-44-Plusenergie-1-Sobek_04_G-300x201.jpg\" alt=\"\" width=\"300\" height=\"201\" srcset=\"https:\/\/www.pr-neu.de\/newsroom\/wordpress\/wp-content\/uploads\/2012\/10\/12-44-Plusenergie-1-Sobek_04_G-300x201.jpg 300w, https:\/\/www.pr-neu.de\/newsroom\/wordpress\/wp-content\/uploads\/2012\/10\/12-44-Plusenergie-1-Sobek_04_G-1024x687.jpg 1024w, https:\/\/www.pr-neu.de\/newsroom\/wordpress\/wp-content\/uploads\/2012\/10\/12-44-Plusenergie-1-Sobek_04_G-768x516.jpg 768w, https:\/\/www.pr-neu.de\/newsroom\/wordpress\/wp-content\/uploads\/2012\/10\/12-44-Plusenergie-1-Sobek_04_G-1536x1031.jpg 1536w, https:\/\/www.pr-neu.de\/newsroom\/wordpress\/wp-content\/uploads\/2012\/10\/12-44-Plusenergie-1-Sobek_04_G-110x74.jpg 110w, https:\/\/www.pr-neu.de\/newsroom\/wordpress\/wp-content\/uploads\/2012\/10\/12-44-Plusenergie-1-Sobek_04_G-420x282.jpg 420w, https:\/\/www.pr-neu.de\/newsroom\/wordpress\/wp-content\/uploads\/2012\/10\/12-44-Plusenergie-1-Sobek_04_G-641x430.jpg 641w, https:\/\/www.pr-neu.de\/newsroom\/wordpress\/wp-content\/uploads\/2012\/10\/12-44-Plusenergie-1-Sobek_04_G.jpg 1795w\" sizes=\"auto, (max-width: 300px) 100vw, 300px\" \/><\/a><\/td>\n<td>Der Eingangsbereich ist zugleich Schaufenster und Tankstelle. Aufgrund seines ungew\u00f6hnlichen Erscheinungsbildes zieht das Haus die Blicke der Passanten auf sich.<\/p>\n<p>Foto: Matthias Koslik, Berlin \/ Sto AG<\/td>\n<\/tr>\n<tr>\n<td valign=\"top\" width=\"370\" height=\"25\"><a href=\"http:\/\/www.pr-neu.de\/newsroom\/wordpress\/wp-content\/uploads\/2012\/10\/12-44-Plusenergie-1-Sobek_02_G-1.jpg\"><img loading=\"lazy\" decoding=\"async\" class=\"size-medium wp-image-13344\" src=\"http:\/\/www.pr-neu.de\/newsroom\/wordpress\/wp-content\/uploads\/2012\/10\/12-44-Plusenergie-1-Sobek_02_G-1-300x201.jpg\" alt=\"\" width=\"300\" height=\"201\" srcset=\"https:\/\/www.pr-neu.de\/newsroom\/wordpress\/wp-content\/uploads\/2012\/10\/12-44-Plusenergie-1-Sobek_02_G-1-300x201.jpg 300w, https:\/\/www.pr-neu.de\/newsroom\/wordpress\/wp-content\/uploads\/2012\/10\/12-44-Plusenergie-1-Sobek_02_G-1-1024x687.jpg 1024w, https:\/\/www.pr-neu.de\/newsroom\/wordpress\/wp-content\/uploads\/2012\/10\/12-44-Plusenergie-1-Sobek_02_G-1-768x516.jpg 768w, https:\/\/www.pr-neu.de\/newsroom\/wordpress\/wp-content\/uploads\/2012\/10\/12-44-Plusenergie-1-Sobek_02_G-1-1536x1031.jpg 1536w, https:\/\/www.pr-neu.de\/newsroom\/wordpress\/wp-content\/uploads\/2012\/10\/12-44-Plusenergie-1-Sobek_02_G-1-110x74.jpg 110w, https:\/\/www.pr-neu.de\/newsroom\/wordpress\/wp-content\/uploads\/2012\/10\/12-44-Plusenergie-1-Sobek_02_G-1-420x282.jpg 420w, https:\/\/www.pr-neu.de\/newsroom\/wordpress\/wp-content\/uploads\/2012\/10\/12-44-Plusenergie-1-Sobek_02_G-1-641x430.jpg 641w, https:\/\/www.pr-neu.de\/newsroom\/wordpress\/wp-content\/uploads\/2012\/10\/12-44-Plusenergie-1-Sobek_02_G-1.jpg 1795w\" sizes=\"auto, (max-width: 300px) 100vw, 300px\" \/><\/a><\/td>\n<td>Die Fassade ist mit D\u00fcnnschicht-Photovoltaik-Modulen verkleidet. Sie tr\u00e4gt einen erheblichen Teil zum kalkulierten Stromertrag von rund 16.630 kWh\/a bei<\/p>\n<p>Foto: Matthias Koslik, Berlin \/ Sto AG<\/td>\n<\/tr>\n<tr>\n<td valign=\"top\" width=\"370\" height=\"25\"><a href=\"http:\/\/www.pr-neu.de\/newsroom\/wordpress\/wp-content\/uploads\/2012\/10\/12-44-Plusenergie-3-546-910_G.jpg\"><img loading=\"lazy\" decoding=\"async\" class=\"aligncenter size-medium wp-image-13345\" src=\"http:\/\/www.pr-neu.de\/newsroom\/wordpress\/wp-content\/uploads\/2012\/10\/12-44-Plusenergie-3-546-910_G-300x201.jpg\" alt=\"\" width=\"300\" height=\"201\" srcset=\"https:\/\/www.pr-neu.de\/newsroom\/wordpress\/wp-content\/uploads\/2012\/10\/12-44-Plusenergie-3-546-910_G-300x201.jpg 300w, https:\/\/www.pr-neu.de\/newsroom\/wordpress\/wp-content\/uploads\/2012\/10\/12-44-Plusenergie-3-546-910_G-1024x687.jpg 1024w, https:\/\/www.pr-neu.de\/newsroom\/wordpress\/wp-content\/uploads\/2012\/10\/12-44-Plusenergie-3-546-910_G-768x516.jpg 768w, https:\/\/www.pr-neu.de\/newsroom\/wordpress\/wp-content\/uploads\/2012\/10\/12-44-Plusenergie-3-546-910_G-1536x1031.jpg 1536w, https:\/\/www.pr-neu.de\/newsroom\/wordpress\/wp-content\/uploads\/2012\/10\/12-44-Plusenergie-3-546-910_G-110x74.jpg 110w, https:\/\/www.pr-neu.de\/newsroom\/wordpress\/wp-content\/uploads\/2012\/10\/12-44-Plusenergie-3-546-910_G-420x282.jpg 420w, https:\/\/www.pr-neu.de\/newsroom\/wordpress\/wp-content\/uploads\/2012\/10\/12-44-Plusenergie-3-546-910_G-641x430.jpg 641w, https:\/\/www.pr-neu.de\/newsroom\/wordpress\/wp-content\/uploads\/2012\/10\/12-44-Plusenergie-3-546-910_G.jpg 1795w\" sizes=\"auto, (max-width: 300px) 100vw, 300px\" \/><\/a><\/td>\n<td>Ein Geb\u00e4udeautomationssystem bereitet alle gemessenen Daten zentral auf und stellt sie f\u00fcr ein offen programmierbares System zur Verf\u00fcgung.<\/p>\n<p>Foto: Ulrich Schwarz, Berlin, \/ Sto AG<\/td>\n<\/tr>\n<tr>\n<td valign=\"top\" width=\"370\" height=\"25\"><a href=\"http:\/\/www.pr-neu.de\/newsroom\/wordpress\/wp-content\/uploads\/2012\/10\/12-44-Plusenergie-4-546-924_G.jpg\"><img loading=\"lazy\" decoding=\"async\" class=\"aligncenter size-medium wp-image-13346\" src=\"http:\/\/www.pr-neu.de\/newsroom\/wordpress\/wp-content\/uploads\/2012\/10\/12-44-Plusenergie-4-546-924_G-201x300.jpg\" alt=\"\" width=\"201\" height=\"300\" srcset=\"https:\/\/www.pr-neu.de\/newsroom\/wordpress\/wp-content\/uploads\/2012\/10\/12-44-Plusenergie-4-546-924_G-201x300.jpg 201w, https:\/\/www.pr-neu.de\/newsroom\/wordpress\/wp-content\/uploads\/2012\/10\/12-44-Plusenergie-4-546-924_G-687x1024.jpg 687w, https:\/\/www.pr-neu.de\/newsroom\/wordpress\/wp-content\/uploads\/2012\/10\/12-44-Plusenergie-4-546-924_G-768x1144.jpg 768w, https:\/\/www.pr-neu.de\/newsroom\/wordpress\/wp-content\/uploads\/2012\/10\/12-44-Plusenergie-4-546-924_G-1031x1536.jpg 1031w, https:\/\/www.pr-neu.de\/newsroom\/wordpress\/wp-content\/uploads\/2012\/10\/12-44-Plusenergie-4-546-924_G-74x110.jpg 74w, https:\/\/www.pr-neu.de\/newsroom\/wordpress\/wp-content\/uploads\/2012\/10\/12-44-Plusenergie-4-546-924_G-282x420.jpg 282w, https:\/\/www.pr-neu.de\/newsroom\/wordpress\/wp-content\/uploads\/2012\/10\/12-44-Plusenergie-4-546-924_G-289x430.jpg 289w, https:\/\/www.pr-neu.de\/newsroom\/wordpress\/wp-content\/uploads\/2012\/10\/12-44-Plusenergie-4-546-924_G.jpg 1205w\" sizes=\"auto, (max-width: 201px) 100vw, 201px\" \/><\/a><\/td>\n<td>Blick auf den Eingangsbereich des Hauses, das bis Juli 2013 getestet wird.<\/p>\n<p>Foto: Ulrich Schwarz, Berlin, \/ Sto AG<\/td>\n<\/tr>\n<tr>\n<td valign=\"top\" width=\"370\" height=\"25\"><a href=\"http:\/\/www.pr-neu.de\/newsroom\/wordpress\/wp-content\/uploads\/2012\/10\/12-44-Plusenergie-5-546-968_G.jpg\"><img loading=\"lazy\" decoding=\"async\" class=\"aligncenter size-medium wp-image-13347\" src=\"http:\/\/www.pr-neu.de\/newsroom\/wordpress\/wp-content\/uploads\/2012\/10\/12-44-Plusenergie-5-546-968_G-201x300.jpg\" alt=\"\" width=\"201\" height=\"300\" srcset=\"https:\/\/www.pr-neu.de\/newsroom\/wordpress\/wp-content\/uploads\/2012\/10\/12-44-Plusenergie-5-546-968_G-201x300.jpg 201w, https:\/\/www.pr-neu.de\/newsroom\/wordpress\/wp-content\/uploads\/2012\/10\/12-44-Plusenergie-5-546-968_G-687x1024.jpg 687w, https:\/\/www.pr-neu.de\/newsroom\/wordpress\/wp-content\/uploads\/2012\/10\/12-44-Plusenergie-5-546-968_G-768x1144.jpg 768w, https:\/\/www.pr-neu.de\/newsroom\/wordpress\/wp-content\/uploads\/2012\/10\/12-44-Plusenergie-5-546-968_G-1031x1536.jpg 1031w, https:\/\/www.pr-neu.de\/newsroom\/wordpress\/wp-content\/uploads\/2012\/10\/12-44-Plusenergie-5-546-968_G-74x110.jpg 74w, https:\/\/www.pr-neu.de\/newsroom\/wordpress\/wp-content\/uploads\/2012\/10\/12-44-Plusenergie-5-546-968_G-282x420.jpg 282w, https:\/\/www.pr-neu.de\/newsroom\/wordpress\/wp-content\/uploads\/2012\/10\/12-44-Plusenergie-5-546-968_G-289x430.jpg 289w, https:\/\/www.pr-neu.de\/newsroom\/wordpress\/wp-content\/uploads\/2012\/10\/12-44-Plusenergie-5-546-968_G.jpg 1205w\" sizes=\"auto, (max-width: 201px) 100vw, 201px\" \/><\/a><\/td>\n<td>Das Elektroauto wird \u00fcber ein Induktionsfeld vor der Stra\u00dfenfassade betankt.<\/p>\n<p>Foto: Ulrich Schwarz, Berlin, \/ Sto AG<\/td>\n<\/tr>\n<\/tbody>\n<\/table>\n<p>&nbsp;<\/p>\n<hr noshade=\"noshade\" size=\"1\" \/>\n<p>&nbsp;<\/p>\n<p>Abdruck honorarfrei, Belegexemplar erbeten<\/p>\n<p>&nbsp;<\/p>\n","protected":false},"excerpt":{"rendered":"<p>PV-Anlagen auf Dach und Fassade liefern Strom f\u00fcr Wohnen und Fahren Ein Geb\u00e4ude, das mehr Energie erzeugt als es verbraucht: Das Effizienzhaus Plus zeigt, dass es m\u00f6glich ist, Einfamilienh\u00e4user zu bauen, die als kleine Kraftwerke funktionieren. Den Strom liefern Photovoltaik-Analgen, die nicht nur auf dem Dach, sondern auch an der Fassade (StoVentec ARTline Invisible) montiert [&hellip;]<\/p>\n","protected":false},"author":6,"featured_media":8227,"comment_status":"closed","ping_status":"open","sticky":false,"template":"","format":"standard","meta":{"footnotes":""},"categories":[3,15],"tags":[64,395,396,401,538],"class_list":["post-1420","post","type-post","status-publish","format-standard","has-post-thumbnail","hentry","category-kundenmeldungen","category-sto","tag-artline","tag-photovoltaic","tag-photovoltaik","tag-plusenergiehaus","tag-stoventec"],"_links":{"self":[{"href":"https:\/\/www.pr-neu.de\/newsroom\/wp-json\/wp\/v2\/posts\/1420","targetHints":{"allow":["GET"]}}],"collection":[{"href":"https:\/\/www.pr-neu.de\/newsroom\/wp-json\/wp\/v2\/posts"}],"about":[{"href":"https:\/\/www.pr-neu.de\/newsroom\/wp-json\/wp\/v2\/types\/post"}],"author":[{"embeddable":true,"href":"https:\/\/www.pr-neu.de\/newsroom\/wp-json\/wp\/v2\/users\/6"}],"replies":[{"embeddable":true,"href":"https:\/\/www.pr-neu.de\/newsroom\/wp-json\/wp\/v2\/comments?post=1420"}],"version-history":[{"count":5,"href":"https:\/\/www.pr-neu.de\/newsroom\/wp-json\/wp\/v2\/posts\/1420\/revisions"}],"predecessor-version":[{"id":13349,"href":"https:\/\/www.pr-neu.de\/newsroom\/wp-json\/wp\/v2\/posts\/1420\/revisions\/13349"}],"wp:featuredmedia":[{"embeddable":true,"href":"https:\/\/www.pr-neu.de\/newsroom\/wp-json\/wp\/v2\/media\/8227"}],"wp:attachment":[{"href":"https:\/\/www.pr-neu.de\/newsroom\/wp-json\/wp\/v2\/media?parent=1420"}],"wp:term":[{"taxonomy":"category","embeddable":true,"href":"https:\/\/www.pr-neu.de\/newsroom\/wp-json\/wp\/v2\/categories?post=1420"},{"taxonomy":"post_tag","embeddable":true,"href":"https:\/\/www.pr-neu.de\/newsroom\/wp-json\/wp\/v2\/tags?post=1420"}],"curies":[{"name":"wp","href":"https:\/\/api.w.org\/{rel}","templated":true}]}}