{"id":14195,"date":"2021-05-25T12:00:17","date_gmt":"2021-05-25T10:00:17","guid":{"rendered":"https:\/\/www.pr-neu.de\/newsroom\/?p=14195"},"modified":"2021-05-25T12:23:05","modified_gmt":"2021-05-25T10:23:05","slug":"vhf-attraktiv-und-brandsicher","status":"publish","type":"post","link":"https:\/\/www.pr-neu.de\/newsroom\/vhf-attraktiv-und-brandsicher\/","title":{"rendered":"VHF: attraktiv und brandsicher"},"content":{"rendered":"<p><u>StoVentec Glass A: nichtbrennbare Glas-VHF<\/u><\/p>\n<p><strong>Mit der jetzt vorliegenden Zertifizierung als nichtbrennbares System erweitert sich das Einsatzspektrum von StoVentec Glass. Das bew\u00e4hrte VHF-System liefert ausgezeichnete bauphysikalische Eigenschaften und eine herausragende architektonische Gestaltbarkeit.<\/strong><\/p>\n<p>Passivhauszertifizierte Unterkonstruktion und widerstandsf\u00e4hig gegen Schl\u00e4ge, Erdbeben und Explosion: Das VHF-Paneel-System StoVentec bew\u00e4hrt sich seit langer Zeit als besonders robuste Fassadenkonstruktion, Schall- und W\u00e4rmeschutz inklusive. Nun gibt es eine Zertifizierung als nichtbrennbares System f\u00fcr die Variante \u201eStoVentec Glass A\u201c.<\/p>\n<p>StoVentec Glass ist eine fugenbetonte opake Glasfassade mit bis zu sechs Quadratmeter gro\u00dfen Paneelen. Sie bestehen aus farbigem Einscheiben-Sicherheitsglas auf einer Tr\u00e4gerplatte, die selbst zu mehr als 90 Prozent aus Recycling-Glas besteht. Durch hoch zugfestes Glasfasergewebe erreicht die 12-Millimeter-Platte eine Lastabtragungscharakteristik wie Stahlbeton Die Sandwich-Platte ist mit zirka 6 kg\/m2 sehr leicht. Die werkseitig hergestellten Paneele werden nicht sichtbar mit Agraffenprofilen auf der R\u00fcckseite in die Unterkonstruktion eingeh\u00e4ngt. StoVentec Glass kann an der Fassade und im Geb\u00e4udeinneren eingesetzt werden und ist auch als Deckenbekleidung f\u00fcr die \u00dcber-Kopf-Montage bauaufsichtlich zugelassen.<\/p>\n<p><strong>Thermische Effizienz und Schallschutz<\/strong><\/p>\n<p>Die Unterkonstruktion wird mit Edelstahlwandhaltern montiert und erreicht so einen \u201ew\u00e4rmebr\u00fcckenfreier Anschluss\u201c (\u2206UWB-Wert \u2264 0,010 W\/m\u00b2K), best\u00e4tigt vom Deutschen Passivhaus Institut. F\u00fcr den W\u00e4rmeschutz des Systems sorgen Mineralwolle-Platten. Im Schallschutz verbessert StoVentec das bewertete Schalld\u00e4mmma\u00df R\u2019w von Massivw\u00e4nden um bis zu 18 dB \u2013 das entspricht deutlich mehr als einer Halbierung der empfundenen Lautst\u00e4rke.<\/p>\n<p>&nbsp;<\/p>\n<hr \/>\n<p>&nbsp;<\/p>\n<p><a href=\"http:\/\/www.pr-neu.de\/newsroom\/wordpress\/wp-content\/uploads\/2021\/05\/21-09_Freyung_K.jpg\" target=\"_blank\" rel=\"noopener\"><img loading=\"lazy\" decoding=\"async\" class=\"aligncenter wp-image-14196 size-medium\" src=\"http:\/\/www.pr-neu.de\/newsroom\/wordpress\/wp-content\/uploads\/2021\/05\/21-09_Freyung_K-300x200.jpg\" alt=\"\" width=\"300\" height=\"200\" srcset=\"https:\/\/www.pr-neu.de\/newsroom\/wordpress\/wp-content\/uploads\/2021\/05\/21-09_Freyung_K-300x200.jpg 300w, https:\/\/www.pr-neu.de\/newsroom\/wordpress\/wp-content\/uploads\/2021\/05\/21-09_Freyung_K-1024x683.jpg 1024w, https:\/\/www.pr-neu.de\/newsroom\/wordpress\/wp-content\/uploads\/2021\/05\/21-09_Freyung_K-768x512.jpg 768w, https:\/\/www.pr-neu.de\/newsroom\/wordpress\/wp-content\/uploads\/2021\/05\/21-09_Freyung_K-1536x1024.jpg 1536w, https:\/\/www.pr-neu.de\/newsroom\/wordpress\/wp-content\/uploads\/2021\/05\/21-09_Freyung_K-2048x1365.jpg 2048w, https:\/\/www.pr-neu.de\/newsroom\/wordpress\/wp-content\/uploads\/2021\/05\/21-09_Freyung_K-110x73.jpg 110w, https:\/\/www.pr-neu.de\/newsroom\/wordpress\/wp-content\/uploads\/2021\/05\/21-09_Freyung_K-420x280.jpg 420w, https:\/\/www.pr-neu.de\/newsroom\/wordpress\/wp-content\/uploads\/2021\/05\/21-09_Freyung_K-645x430.jpg 645w\" sizes=\"auto, (max-width: 300px) 100vw, 300px\" \/><\/a><\/p>\n<p style=\"text-align: center;\">Werden die Glaselemente vor dem Verkleben mit der Tr\u00e4gerplatte r\u00fcckseitig digital bedruckt, entstehen neue Gestaltungsm\u00f6glichkeiten, wie bei diesen unregelm\u00e4\u00dfig gro\u00dfen Paneelen an einem Krankenhaus in Freyung (plan\/4 architekten, M\u00fcnchen).<\/p>\n<p style=\"text-align: center;\">Foto: Boris Storz \/ Sto SE &amp; Co. KGaA<\/p>\n<p>&nbsp;<\/p>\n<p><a href=\"http:\/\/www.pr-neu.de\/newsroom\/wordpress\/wp-content\/uploads\/2021\/05\/21-09_Paris_K.jpg\" target=\"_blank\" rel=\"noopener\"><img loading=\"lazy\" decoding=\"async\" class=\"aligncenter wp-image-14198 size-medium\" src=\"http:\/\/www.pr-neu.de\/newsroom\/wordpress\/wp-content\/uploads\/2021\/05\/21-09_Paris_K-200x300.jpg\" alt=\"\" width=\"200\" height=\"300\" srcset=\"https:\/\/www.pr-neu.de\/newsroom\/wordpress\/wp-content\/uploads\/2021\/05\/21-09_Paris_K-200x300.jpg 200w, https:\/\/www.pr-neu.de\/newsroom\/wordpress\/wp-content\/uploads\/2021\/05\/21-09_Paris_K-683x1024.jpg 683w, https:\/\/www.pr-neu.de\/newsroom\/wordpress\/wp-content\/uploads\/2021\/05\/21-09_Paris_K-768x1152.jpg 768w, https:\/\/www.pr-neu.de\/newsroom\/wordpress\/wp-content\/uploads\/2021\/05\/21-09_Paris_K-1024x1536.jpg 1024w, https:\/\/www.pr-neu.de\/newsroom\/wordpress\/wp-content\/uploads\/2021\/05\/21-09_Paris_K-1365x2048.jpg 1365w, https:\/\/www.pr-neu.de\/newsroom\/wordpress\/wp-content\/uploads\/2021\/05\/21-09_Paris_K-73x110.jpg 73w, https:\/\/www.pr-neu.de\/newsroom\/wordpress\/wp-content\/uploads\/2021\/05\/21-09_Paris_K-280x420.jpg 280w, https:\/\/www.pr-neu.de\/newsroom\/wordpress\/wp-content\/uploads\/2021\/05\/21-09_Paris_K-287x430.jpg 287w, https:\/\/www.pr-neu.de\/newsroom\/wordpress\/wp-content\/uploads\/2021\/05\/21-09_Paris_K.jpg 1600w\" sizes=\"auto, (max-width: 200px) 100vw, 200px\" \/><\/a><\/p>\n<p style=\"text-align: center;\">Die maximal sechs Quadratmeter gro\u00dfen Paneele des StoVentec Glass-Systems m\u00fcssen nicht rechteckig sein, wie das Beispiel einer Pariser Wohnanlagenfassade (Beckmann N\u2019Th\u00e9p\u00e9, Paris) zeigt.<\/p>\n<p style=\"text-align: center;\">Foto: Manuel Panaget \/ Sto SE &amp; Co. KGaA<\/p>\n<p>&nbsp;<\/p>\n<p><a href=\"http:\/\/www.pr-neu.de\/newsroom\/wordpress\/wp-content\/uploads\/2021\/05\/21-09_Oslo_K.jpg\" target=\"_blank\" rel=\"noopener\"><img loading=\"lazy\" decoding=\"async\" class=\"aligncenter wp-image-14197 size-medium\" src=\"http:\/\/www.pr-neu.de\/newsroom\/wordpress\/wp-content\/uploads\/2021\/05\/21-09_Oslo_K-300x200.jpg\" alt=\"\" width=\"300\" height=\"200\" srcset=\"https:\/\/www.pr-neu.de\/newsroom\/wordpress\/wp-content\/uploads\/2021\/05\/21-09_Oslo_K-300x200.jpg 300w, https:\/\/www.pr-neu.de\/newsroom\/wordpress\/wp-content\/uploads\/2021\/05\/21-09_Oslo_K-1024x683.jpg 1024w, https:\/\/www.pr-neu.de\/newsroom\/wordpress\/wp-content\/uploads\/2021\/05\/21-09_Oslo_K-768x512.jpg 768w, https:\/\/www.pr-neu.de\/newsroom\/wordpress\/wp-content\/uploads\/2021\/05\/21-09_Oslo_K-1536x1024.jpg 1536w, https:\/\/www.pr-neu.de\/newsroom\/wordpress\/wp-content\/uploads\/2021\/05\/21-09_Oslo_K-2048x1365.jpg 2048w, https:\/\/www.pr-neu.de\/newsroom\/wordpress\/wp-content\/uploads\/2021\/05\/21-09_Oslo_K-110x73.jpg 110w, https:\/\/www.pr-neu.de\/newsroom\/wordpress\/wp-content\/uploads\/2021\/05\/21-09_Oslo_K-420x280.jpg 420w, https:\/\/www.pr-neu.de\/newsroom\/wordpress\/wp-content\/uploads\/2021\/05\/21-09_Oslo_K-645x430.jpg 645w\" sizes=\"auto, (max-width: 300px) 100vw, 300px\" \/><\/a><\/p>\n<p style=\"text-align: center;\">Das System ist extrem wetterbest\u00e4ndig und trotzt auch vielen mechanischen Einwirkungen wie hier beim Sogno g Fjordane Museum (CF M\u00f8ller, Oslo) im norwegischen Forde.<\/p>\n<p style=\"text-align: center;\">Foto: Jiri Havran \/ Sto SE &amp; Co. KGaA<\/p>\n<p>&nbsp;<\/p>\n<hr \/>\n<p>&nbsp;<\/p>\n<p>Abdruck honorarfrei, Belegexemplar erbeten.<\/p>\n","protected":false},"excerpt":{"rendered":"<p>StoVentec Glass A: nichtbrennbare Glas-VHF Mit der jetzt vorliegenden Zertifizierung als nichtbrennbares System erweitert sich das Einsatzspektrum von StoVentec Glass. Das bew\u00e4hrte VHF-System liefert ausgezeichnete bauphysikalische Eigenschaften und eine herausragende architektonische Gestaltbarkeit. Passivhauszertifizierte Unterkonstruktion und widerstandsf\u00e4hig gegen Schl\u00e4ge, Erdbeben und Explosion: Das VHF-Paneel-System StoVentec bew\u00e4hrt sich seit langer Zeit als besonders robuste Fassadenkonstruktion, Schall- und [&hellip;]<\/p>\n","protected":false},"author":6,"featured_media":14197,"comment_status":"closed","ping_status":"open","sticky":false,"template":"","format":"standard","meta":{"footnotes":""},"categories":[15],"tags":[],"class_list":["post-14195","post","type-post","status-publish","format-standard","has-post-thumbnail","hentry","category-sto"],"_links":{"self":[{"href":"https:\/\/www.pr-neu.de\/newsroom\/wp-json\/wp\/v2\/posts\/14195","targetHints":{"allow":["GET"]}}],"collection":[{"href":"https:\/\/www.pr-neu.de\/newsroom\/wp-json\/wp\/v2\/posts"}],"about":[{"href":"https:\/\/www.pr-neu.de\/newsroom\/wp-json\/wp\/v2\/types\/post"}],"author":[{"embeddable":true,"href":"https:\/\/www.pr-neu.de\/newsroom\/wp-json\/wp\/v2\/users\/6"}],"replies":[{"embeddable":true,"href":"https:\/\/www.pr-neu.de\/newsroom\/wp-json\/wp\/v2\/comments?post=14195"}],"version-history":[{"count":3,"href":"https:\/\/www.pr-neu.de\/newsroom\/wp-json\/wp\/v2\/posts\/14195\/revisions"}],"predecessor-version":[{"id":14201,"href":"https:\/\/www.pr-neu.de\/newsroom\/wp-json\/wp\/v2\/posts\/14195\/revisions\/14201"}],"wp:featuredmedia":[{"embeddable":true,"href":"https:\/\/www.pr-neu.de\/newsroom\/wp-json\/wp\/v2\/media\/14197"}],"wp:attachment":[{"href":"https:\/\/www.pr-neu.de\/newsroom\/wp-json\/wp\/v2\/media?parent=14195"}],"wp:term":[{"taxonomy":"category","embeddable":true,"href":"https:\/\/www.pr-neu.de\/newsroom\/wp-json\/wp\/v2\/categories?post=14195"},{"taxonomy":"post_tag","embeddable":true,"href":"https:\/\/www.pr-neu.de\/newsroom\/wp-json\/wp\/v2\/tags?post=14195"}],"curies":[{"name":"wp","href":"https:\/\/api.w.org\/{rel}","templated":true}]}}