{"id":14191,"date":"2021-05-25T11:36:04","date_gmt":"2021-05-25T09:36:04","guid":{"rendered":"https:\/\/www.pr-neu.de\/newsroom\/?p=14191"},"modified":"2021-12-22T12:20:25","modified_gmt":"2021-12-22T11:20:25","slug":"flach-flacher-serie-flachdach","status":"publish","type":"post","link":"https:\/\/www.pr-neu.de\/newsroom\/flach-flacher-serie-flachdach\/","title":{"rendered":"Flach, flacher, \u201eSerie Flachdach\u201c"},"content":{"rendered":"<p><u>TS-Aluminium stellt\u00a0neue Terrassen\u00fcberdachung vor<\/u><\/p>\n<p><strong>Intelligentes Zusammenspiel von Technik und Design: Mit der neuen Terrassen\u00fcberdachung \u201eSerie Flachdach\u201c pr\u00e4sentiert der Dachprofil-Spezialist TS-Aluminium eine leicht zu montierende und optisch ansprechende Konstruktion.<\/strong><\/p>\n<p>Innovative Terrassen\u00fcberdachung: Die \u201eSerie Flachdach\u201c vom Profil-Spezialisten TS-Aluminium (Gro\u00dfefehn) bietet ausgereifte Systeme, die sich aufgrund der flachen Neigung harmonisch in ein modernes Ambiente einf\u00fcgen. So lassen sich sowohl mit der Wand verbundene als auch freitragende Konstruktionen realisieren.<\/p>\n<p><strong>Clever mitgedacht, Montageaufwand reduziert<\/strong><\/p>\n<p>Das Rahmenprofil dient als Tragprofil, Blende, Tr\u00e4gerauflage und Rinnenaufnahme. Aufgrund seiner guten Statik muss es nicht mit Stahl verst\u00e4rkt werden. Das System wird in Lagerl\u00e4ngen oder vorkonfektioniert geliefert. Der Montageaufwand wird minimiert, beispielsweise durch die geringe Anzahl an Verschraubungen. Auch f\u00fcr Sonderformen bei Flachd\u00e4chern bietet TS-Aluminium innovative L\u00f6sungen, beispielsweise Konstruktionen ohne Seitenelemente oder die Ausf\u00fchrung einer variablen Eckst\u00fctze mit vorhandenen Profilen und bauseitigen Kantblechen. F\u00fcr alle Varianten des neuen Terrassen-Flachdachs gilt: Verbindungen sind von au\u00dfen nicht erkennbar.<\/p>\n<p>Hinter dem puristischen \u00c4u\u00dferen steckt ein Zusammenspiel filigraner Technik, durch das trotz des optisch nicht wahrnehmbaren Gef\u00e4lles sichergestellt ist, dass Niederschlag immer zuverl\u00e4ssig abgef\u00fchrt wird. \u201eTechnik schl\u00e4gt Auge: Das Wasser flie\u00dft auch bei starken Regenf\u00e4llen sicher vom Flachdach, die Hauswand ist nicht betroffen\u201c, erkl\u00e4rt Rainer Trauernicht, Gesch\u00e4ftsf\u00fchrer von TS-Aluminium. Das Regenfallrohr ist in eine Eckst\u00fctze integriert, also ebenfalls nicht sichtbar. Beleuchtungsprofile, Unterglas- oder Senkrechtmarkisen erweitern die M\u00f6glichkeiten und lassen sich (auch nachtr\u00e4glich) erg\u00e4nzen.<\/p>\n<p>&nbsp;<\/p>\n<hr \/>\n<p>&nbsp;<\/p>\n<p><a href=\"http:\/\/www.pr-neu.de\/newsroom\/wordpress\/wp-content\/uploads\/2021\/05\/21-02_TS-Alu_Flachdach_01_K.jpg\" target=\"_blank\" rel=\"noopener\"><img loading=\"lazy\" decoding=\"async\" class=\"aligncenter wp-image-14193 size-medium\" src=\"http:\/\/www.pr-neu.de\/newsroom\/wordpress\/wp-content\/uploads\/2021\/05\/21-02_TS-Alu_Flachdach_01_K-300x192.jpg\" alt=\"\" width=\"300\" height=\"192\" srcset=\"https:\/\/www.pr-neu.de\/newsroom\/wordpress\/wp-content\/uploads\/2021\/05\/21-02_TS-Alu_Flachdach_01_K-300x192.jpg 300w, https:\/\/www.pr-neu.de\/newsroom\/wordpress\/wp-content\/uploads\/2021\/05\/21-02_TS-Alu_Flachdach_01_K-1024x655.jpg 1024w, https:\/\/www.pr-neu.de\/newsroom\/wordpress\/wp-content\/uploads\/2021\/05\/21-02_TS-Alu_Flachdach_01_K-768x492.jpg 768w, https:\/\/www.pr-neu.de\/newsroom\/wordpress\/wp-content\/uploads\/2021\/05\/21-02_TS-Alu_Flachdach_01_K-1536x983.jpg 1536w, https:\/\/www.pr-neu.de\/newsroom\/wordpress\/wp-content\/uploads\/2021\/05\/21-02_TS-Alu_Flachdach_01_K-2048x1311.jpg 2048w, https:\/\/www.pr-neu.de\/newsroom\/wordpress\/wp-content\/uploads\/2021\/05\/21-02_TS-Alu_Flachdach_01_K-110x70.jpg 110w, https:\/\/www.pr-neu.de\/newsroom\/wordpress\/wp-content\/uploads\/2021\/05\/21-02_TS-Alu_Flachdach_01_K-420x269.jpg 420w, https:\/\/www.pr-neu.de\/newsroom\/wordpress\/wp-content\/uploads\/2021\/05\/21-02_TS-Alu_Flachdach_01_K-672x430.jpg 672w\" sizes=\"auto, (max-width: 300px) 100vw, 300px\" \/><\/a><\/p>\n<p style=\"text-align: center;\">Puristisch und modern: Mit \u00e4sthetisch-zur\u00fcckhaltender Optik setzt die Serie Flachdach von TS-Aluminium architektonische Highlights.<\/p>\n<p>&nbsp;<\/p>\n<p><a href=\"http:\/\/www.pr-neu.de\/newsroom\/wordpress\/wp-content\/uploads\/2021\/05\/21-02_TS-Alu_Flachdach_02_K.jpg\" target=\"_blank\" rel=\"noopener\"><img loading=\"lazy\" decoding=\"async\" class=\"aligncenter wp-image-14192 size-medium\" src=\"http:\/\/www.pr-neu.de\/newsroom\/wordpress\/wp-content\/uploads\/2021\/05\/21-02_TS-Alu_Flachdach_02_K-300x300.jpg\" alt=\"\" width=\"300\" height=\"300\" srcset=\"https:\/\/www.pr-neu.de\/newsroom\/wordpress\/wp-content\/uploads\/2021\/05\/21-02_TS-Alu_Flachdach_02_K-300x300.jpg 300w, https:\/\/www.pr-neu.de\/newsroom\/wordpress\/wp-content\/uploads\/2021\/05\/21-02_TS-Alu_Flachdach_02_K-1024x1024.jpg 1024w, https:\/\/www.pr-neu.de\/newsroom\/wordpress\/wp-content\/uploads\/2021\/05\/21-02_TS-Alu_Flachdach_02_K-150x150.jpg 150w, https:\/\/www.pr-neu.de\/newsroom\/wordpress\/wp-content\/uploads\/2021\/05\/21-02_TS-Alu_Flachdach_02_K-768x768.jpg 768w, https:\/\/www.pr-neu.de\/newsroom\/wordpress\/wp-content\/uploads\/2021\/05\/21-02_TS-Alu_Flachdach_02_K-1536x1536.jpg 1536w, https:\/\/www.pr-neu.de\/newsroom\/wordpress\/wp-content\/uploads\/2021\/05\/21-02_TS-Alu_Flachdach_02_K-2048x2048.jpg 2048w, https:\/\/www.pr-neu.de\/newsroom\/wordpress\/wp-content\/uploads\/2021\/05\/21-02_TS-Alu_Flachdach_02_K-250x250.jpg 250w, https:\/\/www.pr-neu.de\/newsroom\/wordpress\/wp-content\/uploads\/2021\/05\/21-02_TS-Alu_Flachdach_02_K-125x125.jpg 125w, https:\/\/www.pr-neu.de\/newsroom\/wordpress\/wp-content\/uploads\/2021\/05\/21-02_TS-Alu_Flachdach_02_K-110x110.jpg 110w, https:\/\/www.pr-neu.de\/newsroom\/wordpress\/wp-content\/uploads\/2021\/05\/21-02_TS-Alu_Flachdach_02_K-420x420.jpg 420w, https:\/\/www.pr-neu.de\/newsroom\/wordpress\/wp-content\/uploads\/2021\/05\/21-02_TS-Alu_Flachdach_02_K-430x430.jpg 430w\" sizes=\"auto, (max-width: 300px) 100vw, 300px\" \/><\/a><\/p>\n<p style=\"text-align: center;\">Das neue Profilsystem von TS-Aluminium ist funktional und filigran.<\/p>\n<p style=\"text-align: center;\">Bilder: TS-Aluminium-Profilsysteme GmbH &amp; Co. KG<\/p>\n<p>&nbsp;<\/p>\n<hr \/>\n<p>&nbsp;<\/p>\n<p>Abdruck honorarfrei, Belegexemplar erbeten.<\/p>\n","protected":false},"excerpt":{"rendered":"<p>TS-Aluminium stellt\u00a0neue Terrassen\u00fcberdachung vor Intelligentes Zusammenspiel von Technik und Design: Mit der neuen Terrassen\u00fcberdachung \u201eSerie Flachdach\u201c pr\u00e4sentiert der Dachprofil-Spezialist TS-Aluminium eine leicht zu montierende und optisch ansprechende Konstruktion. Innovative Terrassen\u00fcberdachung: Die \u201eSerie Flachdach\u201c vom Profil-Spezialisten TS-Aluminium (Gro\u00dfefehn) bietet ausgereifte Systeme, die sich aufgrund der flachen Neigung harmonisch in ein modernes Ambiente einf\u00fcgen. So lassen sich [&hellip;]<\/p>\n","protected":false},"author":6,"featured_media":14193,"comment_status":"closed","ping_status":"open","sticky":false,"template":"","format":"standard","meta":{"footnotes":""},"categories":[1761],"tags":[],"class_list":["post-14191","post","type-post","status-publish","format-standard","has-post-thumbnail","hentry","category-ts-aluminium"],"_links":{"self":[{"href":"https:\/\/www.pr-neu.de\/newsroom\/wp-json\/wp\/v2\/posts\/14191","targetHints":{"allow":["GET"]}}],"collection":[{"href":"https:\/\/www.pr-neu.de\/newsroom\/wp-json\/wp\/v2\/posts"}],"about":[{"href":"https:\/\/www.pr-neu.de\/newsroom\/wp-json\/wp\/v2\/types\/post"}],"author":[{"embeddable":true,"href":"https:\/\/www.pr-neu.de\/newsroom\/wp-json\/wp\/v2\/users\/6"}],"replies":[{"embeddable":true,"href":"https:\/\/www.pr-neu.de\/newsroom\/wp-json\/wp\/v2\/comments?post=14191"}],"version-history":[{"count":1,"href":"https:\/\/www.pr-neu.de\/newsroom\/wp-json\/wp\/v2\/posts\/14191\/revisions"}],"predecessor-version":[{"id":14194,"href":"https:\/\/www.pr-neu.de\/newsroom\/wp-json\/wp\/v2\/posts\/14191\/revisions\/14194"}],"wp:featuredmedia":[{"embeddable":true,"href":"https:\/\/www.pr-neu.de\/newsroom\/wp-json\/wp\/v2\/media\/14193"}],"wp:attachment":[{"href":"https:\/\/www.pr-neu.de\/newsroom\/wp-json\/wp\/v2\/media?parent=14191"}],"wp:term":[{"taxonomy":"category","embeddable":true,"href":"https:\/\/www.pr-neu.de\/newsroom\/wp-json\/wp\/v2\/categories?post=14191"},{"taxonomy":"post_tag","embeddable":true,"href":"https:\/\/www.pr-neu.de\/newsroom\/wp-json\/wp\/v2\/tags?post=14191"}],"curies":[{"name":"wp","href":"https:\/\/api.w.org\/{rel}","templated":true}]}}