{"id":14184,"date":"2021-05-20T11:27:26","date_gmt":"2021-05-20T09:27:26","guid":{"rendered":"https:\/\/www.pr-neu.de\/newsroom\/?p=14184"},"modified":"2021-05-20T11:27:52","modified_gmt":"2021-05-20T09:27:52","slug":"kanalsanierung-am-altstadtmarkt-startet","status":"publish","type":"post","link":"https:\/\/www.pr-neu.de\/newsroom\/kanalsanierung-am-altstadtmarkt-startet\/","title":{"rendered":"Kanalsanierung am Altstadtmarkt startet"},"content":{"rendered":"<p><!--MBNHE--><\/p>\n<p align=\"left\"><strong><u>Braunschweig, 20. Mai 2021<\/u><\/strong><\/p>\n<p align=\"left\">Am 31. Mai beginnt die Stadtentw\u00e4sserung Braunschweig GmbH (SE|BS) mit der Erneuerung der Abwasserkan\u00e4le rund um den Altstadtmarkt. Die aufwendigen und umfangreichen Tiefbauarbeiten sind bis in den Sommer 2022 geplant und in mehrere Bauabschnitte gegliedert, um die Verkehrsbehinderungen so gering wie m\u00f6glich zu halten. Um Synergien durch bestehende Baustellenabsicherungen bestm\u00f6glich zu nutzen, finden zudem an der Martinikirche sowie in der Heydenstra\u00dfe, Breite Stra\u00dfe und Sonnenstra\u00dfe koordinierte Wasser-, Gas- und Fernw\u00e4rmearbeiten von BS|NETZ sowie Stra\u00dfenbauarbeiten zum Umbau der Bushaltestellen am Altstadtmarkt statt. Insgesamt erneuert BS|NETZ in diesem Bereich \u00fcber 600 Meter Leitungen.<\/p>\n<p align=\"left\">Trotz aller Bem\u00fchungen, die Einschr\u00e4nkungen f\u00fcr Verkehr und Anwohner zu begrenzen, ist es dennoch notwendig, im Verlauf der Bauma\u00dfnahmen Teilstrecken voll zu sperren. Zu jedem Bauabschnitt informiert die SE|BS jeweils rechtzeitig \u00fcber die ver\u00e4nderten Verkehrssituationen. F\u00fcr den Kraftfahrzeugverkehr und f\u00fcr Radfahrer werden Umleitungen ausgewiesen. Die Braunschweiger Verkehrs GmbH wird in einer gesonderten Pressemitteilung \u00fcber die Fahrplan\u00e4nderungen informieren. Der Wochenmarkt auf dem Altstadtmarkt findet auch w\u00e4hrend der Bauarbeiten wie gewohnt statt.<\/p>\n<p align=\"left\">Der erste Bauabschnitt betrifft die Sonnenstra\u00dfe, die voraussichtlich ab Mitte Juni bis Mitte August zwischen G\u00fcldenstra\u00dfe und Scharrnstra\u00dfe vollst\u00e4ndig f\u00fcr den Verkehr gesperrt wird.<\/p>\n<p align=\"left\">Insgesamt werden allein im Rahmen dieses Projekts rund 4,7 Millionen Euro in die Infrastruktur Braunschweigs investiert und etwa 1.900 Meter Schmutz- und Regenwasserkan\u00e4le erneuert.<\/p>\n<p align=\"left\">\n<hr \/>\n<p align=\"left\">\n<p><strong>SE|BS-Pressestelle<\/strong><br \/>\npr neu &#8211; gedacht<\/p>\n<p>Telefon: 05307 80093 \u2013 80<br \/>\nFax: 05307 80093 \u2013 69<br \/>\nE-Mail: &#x69;&#x6e;&#102;&#111;&#64;&#x70;&#x72;&#x2d;&#110;&#101;u&#x2e;&#x64;&#x65;<br \/>\nInternet: www.pr-neu.de<\/p>\n","protected":false},"excerpt":{"rendered":"<p>Braunschweig, 20. Mai 2021 Am 31. Mai beginnt die Stadtentw\u00e4sserung Braunschweig GmbH (SE|BS) mit der Erneuerung der Abwasserkan\u00e4le rund um den Altstadtmarkt. Die aufwendigen und umfangreichen Tiefbauarbeiten sind bis in den Sommer 2022 geplant und in mehrere Bauabschnitte gegliedert, um die Verkehrsbehinderungen so gering wie m\u00f6glich zu halten. Um Synergien durch bestehende Baustellenabsicherungen bestm\u00f6glich zu [&hellip;]<\/p>\n","protected":false},"author":6,"featured_media":8697,"comment_status":"closed","ping_status":"open","sticky":false,"template":"","format":"standard","meta":{"footnotes":""},"categories":[1517],"tags":[],"class_list":["post-14184","post","type-post","status-publish","format-standard","has-post-thumbnail","hentry","category-sebs"],"_links":{"self":[{"href":"https:\/\/www.pr-neu.de\/newsroom\/wp-json\/wp\/v2\/posts\/14184","targetHints":{"allow":["GET"]}}],"collection":[{"href":"https:\/\/www.pr-neu.de\/newsroom\/wp-json\/wp\/v2\/posts"}],"about":[{"href":"https:\/\/www.pr-neu.de\/newsroom\/wp-json\/wp\/v2\/types\/post"}],"author":[{"embeddable":true,"href":"https:\/\/www.pr-neu.de\/newsroom\/wp-json\/wp\/v2\/users\/6"}],"replies":[{"embeddable":true,"href":"https:\/\/www.pr-neu.de\/newsroom\/wp-json\/wp\/v2\/comments?post=14184"}],"version-history":[{"count":2,"href":"https:\/\/www.pr-neu.de\/newsroom\/wp-json\/wp\/v2\/posts\/14184\/revisions"}],"predecessor-version":[{"id":14186,"href":"https:\/\/www.pr-neu.de\/newsroom\/wp-json\/wp\/v2\/posts\/14184\/revisions\/14186"}],"wp:featuredmedia":[{"embeddable":true,"href":"https:\/\/www.pr-neu.de\/newsroom\/wp-json\/wp\/v2\/media\/8697"}],"wp:attachment":[{"href":"https:\/\/www.pr-neu.de\/newsroom\/wp-json\/wp\/v2\/media?parent=14184"}],"wp:term":[{"taxonomy":"category","embeddable":true,"href":"https:\/\/www.pr-neu.de\/newsroom\/wp-json\/wp\/v2\/categories?post=14184"},{"taxonomy":"post_tag","embeddable":true,"href":"https:\/\/www.pr-neu.de\/newsroom\/wp-json\/wp\/v2\/tags?post=14184"}],"curies":[{"name":"wp","href":"https:\/\/api.w.org\/{rel}","templated":true}]}}