{"id":14181,"date":"2021-05-19T10:34:06","date_gmt":"2021-05-19T08:34:06","guid":{"rendered":"https:\/\/www.pr-neu.de\/newsroom\/?p=14181"},"modified":"2021-05-19T10:34:06","modified_gmt":"2021-05-19T08:34:06","slug":"baustoffe-aus-recycling-und-vulkanglas","status":"publish","type":"post","link":"https:\/\/www.pr-neu.de\/newsroom\/baustoffe-aus-recycling-und-vulkanglas\/","title":{"rendered":"Baustoffe aus Recycling- und Vulkanglas"},"content":{"rendered":"<p>Versorgungssicher und umweltfreundlich<\/p>\n<p><strong>Recycling hat sich als besonders umweltfreundliche Baustoffquelle etabliert: Ohne den Verbrauch von endlichen und knappen Rohstoffen entstehen mit speziell entwickelten Verfahren hochwertige Materialien f\u00fcr den Bau.<\/strong><\/p>\n<p>Ein Beispiel sind Bauplatten aus Bl\u00e4hglas: Basis ist Glasgranulat \u2013 gewonnen aus der Wiederverwertung von Einweg-Flaschen und \u00dcbersch\u00fcssen der industriellen Glasherstellung. Die ressourcenschonenden Baustoffe sind weitgehend unabh\u00e4ngig von derzeit knapper werdenden Rohstoffquellen. Zudem zeichnen sie sich durch ihre bautechnischen Eigenschaften aus: hochstabil und dennoch flexibel, leicht im Gewicht und leicht zu verarbeiten, diffusionsoffen, schimmelhemmend, nicht-brennbar. Bl\u00e4hglas-Leichtbauplatten bew\u00e4hren sich in Innenr\u00e4umen, Feuchtr\u00e4umen und im Au\u00dfenbereich \u2013 und sind sogar in einer akustisch wirksamen Version verf\u00fcgbar.<\/p>\n<p>Mit Blick auf die Versorgungssicherheit stehen aktuell auch Baustoffe auf Basis von vulkanischem Glasgestein im Fokus. Das weltweit vorkommende Ursprungsmaterial ist ohne drohende Verknappung verf\u00fcgbar. In einem speziellen Herstellungsverfahren entstehen leichte, rein mineralische Microhohlkugeln (Verolith von Verotec), die zur Herstellung von Leichtbauplatten und dreidimensional gestaltbaren Bauelementen f\u00fcr den Fassadenbau und den exklusiven Innenausbau im Yachtbau verwendet werden. Weitere Infos: <a href=\"https:\/\/www.verotec.de\/\" target=\"_blank\" rel=\"noopener\">verotec.de<\/a><\/p>\n<p>&nbsp;<\/p>\n<hr \/>\n<p>&nbsp;<\/p>\n<p><a href=\"http:\/\/www.pr-neu.de\/newsroom\/wordpress\/wp-content\/uploads\/2021\/05\/21_03_Glas_und_Verolith_K.jpg\" target=\"_blank\" rel=\"noopener\"><img loading=\"lazy\" decoding=\"async\" class=\"wp-image-14182 size-medium aligncenter\" src=\"http:\/\/www.pr-neu.de\/newsroom\/wordpress\/wp-content\/uploads\/2021\/05\/21_03_Glas_und_Verolith_K-300x200.jpg\" alt=\"\" width=\"300\" height=\"200\" srcset=\"https:\/\/www.pr-neu.de\/newsroom\/wordpress\/wp-content\/uploads\/2021\/05\/21_03_Glas_und_Verolith_K-300x200.jpg 300w, https:\/\/www.pr-neu.de\/newsroom\/wordpress\/wp-content\/uploads\/2021\/05\/21_03_Glas_und_Verolith_K-1024x682.jpg 1024w, https:\/\/www.pr-neu.de\/newsroom\/wordpress\/wp-content\/uploads\/2021\/05\/21_03_Glas_und_Verolith_K-768x511.jpg 768w, https:\/\/www.pr-neu.de\/newsroom\/wordpress\/wp-content\/uploads\/2021\/05\/21_03_Glas_und_Verolith_K-1536x1023.jpg 1536w, https:\/\/www.pr-neu.de\/newsroom\/wordpress\/wp-content\/uploads\/2021\/05\/21_03_Glas_und_Verolith_K-2048x1364.jpg 2048w, https:\/\/www.pr-neu.de\/newsroom\/wordpress\/wp-content\/uploads\/2021\/05\/21_03_Glas_und_Verolith_K-110x73.jpg 110w, https:\/\/www.pr-neu.de\/newsroom\/wordpress\/wp-content\/uploads\/2021\/05\/21_03_Glas_und_Verolith_K-420x280.jpg 420w, https:\/\/www.pr-neu.de\/newsroom\/wordpress\/wp-content\/uploads\/2021\/05\/21_03_Glas_und_Verolith_K-646x430.jpg 646w\" sizes=\"auto, (max-width: 300px) 100vw, 300px\" \/><\/a><\/p>\n<p style=\"text-align: center;\">Leichtbauplatten aus Verolith (links) und aus Bl\u00e4hglas (rechts)<br \/>\nFoto: Verotec<\/p>\n<p style=\"text-align: center;\">\n<hr \/>\n<p>&nbsp;<\/p>\n<p><strong>Hintergrund:<\/strong><\/p>\n<p>Verotec ist Hersteller und Entwickler von Systemen f\u00fcr vorgeh\u00e4ngte, hinterl\u00fcftete Fassaden, Akustik und Fassadenelemente. Als Mitglied der Sto Group, agiert der Leichtbauspezialist seit 2014 eigenst\u00e4ndig \u2013 mit eigenem Vertrieb, in neuen M\u00e4rkten. Die hochwertigen Leichtbauplatten aus Bl\u00e4hglas und Verolith sind im Industrievertrieb und \u00fcber den Baustoff-Fach- und Einzelhandel erh\u00e4ltlich. Weitere Infos unter <a href=\"https:\/\/www.verotec.de\/\" target=\"_blank\" rel=\"noopener\">verotec.de<\/a>.<\/p>\n<p>&nbsp;<\/p>\n<hr \/>\n<p>&nbsp;<\/p>\n<p>Abdruck honorarfrei, Belegexemplar erbeten.<\/p>\n","protected":false},"excerpt":{"rendered":"<p>Versorgungssicher und umweltfreundlich Recycling hat sich als besonders umweltfreundliche Baustoffquelle etabliert: Ohne den Verbrauch von endlichen und knappen Rohstoffen entstehen mit speziell entwickelten Verfahren hochwertige Materialien f\u00fcr den Bau. Ein Beispiel sind Bauplatten aus Bl\u00e4hglas: Basis ist Glasgranulat \u2013 gewonnen aus der Wiederverwertung von Einweg-Flaschen und \u00dcbersch\u00fcssen der industriellen Glasherstellung. Die ressourcenschonenden Baustoffe sind weitgehend [&hellip;]<\/p>\n","protected":false},"author":6,"featured_media":14182,"comment_status":"closed","ping_status":"open","sticky":false,"template":"","format":"standard","meta":{"footnotes":""},"categories":[22],"tags":[],"class_list":["post-14181","post","type-post","status-publish","format-standard","has-post-thumbnail","hentry","category-verotec"],"_links":{"self":[{"href":"https:\/\/www.pr-neu.de\/newsroom\/wp-json\/wp\/v2\/posts\/14181","targetHints":{"allow":["GET"]}}],"collection":[{"href":"https:\/\/www.pr-neu.de\/newsroom\/wp-json\/wp\/v2\/posts"}],"about":[{"href":"https:\/\/www.pr-neu.de\/newsroom\/wp-json\/wp\/v2\/types\/post"}],"author":[{"embeddable":true,"href":"https:\/\/www.pr-neu.de\/newsroom\/wp-json\/wp\/v2\/users\/6"}],"replies":[{"embeddable":true,"href":"https:\/\/www.pr-neu.de\/newsroom\/wp-json\/wp\/v2\/comments?post=14181"}],"version-history":[{"count":1,"href":"https:\/\/www.pr-neu.de\/newsroom\/wp-json\/wp\/v2\/posts\/14181\/revisions"}],"predecessor-version":[{"id":14183,"href":"https:\/\/www.pr-neu.de\/newsroom\/wp-json\/wp\/v2\/posts\/14181\/revisions\/14183"}],"wp:featuredmedia":[{"embeddable":true,"href":"https:\/\/www.pr-neu.de\/newsroom\/wp-json\/wp\/v2\/media\/14182"}],"wp:attachment":[{"href":"https:\/\/www.pr-neu.de\/newsroom\/wp-json\/wp\/v2\/media?parent=14181"}],"wp:term":[{"taxonomy":"category","embeddable":true,"href":"https:\/\/www.pr-neu.de\/newsroom\/wp-json\/wp\/v2\/categories?post=14181"},{"taxonomy":"post_tag","embeddable":true,"href":"https:\/\/www.pr-neu.de\/newsroom\/wp-json\/wp\/v2\/tags?post=14181"}],"curies":[{"name":"wp","href":"https:\/\/api.w.org\/{rel}","templated":true}]}}