{"id":14165,"date":"2021-05-06T09:33:32","date_gmt":"2021-05-06T07:33:32","guid":{"rendered":"https:\/\/www.pr-neu.de\/newsroom\/?p=14165"},"modified":"2021-05-06T09:33:32","modified_gmt":"2021-05-06T07:33:32","slug":"digitale-tools-fuer-entwurf-und-planung","status":"publish","type":"post","link":"https:\/\/www.pr-neu.de\/newsroom\/digitale-tools-fuer-entwurf-und-planung\/","title":{"rendered":"Digitale Tools f\u00fcr Entwurf und Planung"},"content":{"rendered":"<p><u>18. Mai: Webinar Sanierungskompass Geb\u00e4udeh\u00fclle<\/u><\/p>\n<p>Am 18. Mai von 16 bis 18 Uhr informiert ein Webinar Architektinnen und Architekten \u00fcber sechs digitale Instrumente f\u00fcr Entwurf und Planung. Die kostenfreie Veranstaltung ist Teil der Reihe \u201eSanierungskompass Geb\u00e4udeh\u00fclle\u201c, organisiert von Bauder, Nelskamp, Sto und Velux. Die Anerkennung als Fortbildungsveranstaltung bei den Architektenkammern ist beantragt.<\/p>\n<p>Digitale Tools sind \u00fcberall. Auch in der Planung. Welche Apps und Softwares machen im Berufsalltag wirklich Sinn? Und wie bleiben Planer auf dem aktuellen Stand? In dem Seminar geben Experten aus Architektur und Unternehmen eine Orientierung \u00fcber sechs digitale Instrumente: \u201eDigitales Skizzenbuch\u201c, \u201eDigitale Sanierungsplanung\u201c, \u201eGeb\u00e4udescan mit oder ohne Drohne\u201c, \u201eSteildachnavigator, \u201eSolarauslegungstool\u201c, und \u201eDaylight Visualizer\u201c. Im Anschluss an die Impulsvortr\u00e4ge k\u00f6nnen Fragen zu den Tools \u2013 gerne auch konkret, projektspezifisch \u2013 gestellt werden. So wird rasch deutlich, welches Tool zu welchen Bauaufgaben passt. Eine Anmeldung ist (bis 17. Mai 2021) erforderlich.<\/p>\n<p><a href=\"https:\/\/attendee.gotowebinar.com\/register\/6632597600682785038?source=Sto\">https:\/\/attendee.gotowebinar.com\/register\/6632597600682785038?source=Sto<\/a><\/p>\n<p>&nbsp;<\/p>\n<hr \/>\n<p>&nbsp;<\/p>\n<p><a href=\"http:\/\/www.pr-neu.de\/newsroom\/wordpress\/wp-content\/uploads\/2021\/05\/21-12_Tankturm_Heidelberg_K.jpg\" target=\"_blank\" rel=\"noopener\"><img loading=\"lazy\" decoding=\"async\" class=\"aligncenter wp-image-14166 size-medium\" src=\"http:\/\/www.pr-neu.de\/newsroom\/wordpress\/wp-content\/uploads\/2021\/05\/21-12_Tankturm_Heidelberg_K-300x200.jpg\" alt=\"\" width=\"300\" height=\"200\" srcset=\"https:\/\/www.pr-neu.de\/newsroom\/wordpress\/wp-content\/uploads\/2021\/05\/21-12_Tankturm_Heidelberg_K-300x200.jpg 300w, https:\/\/www.pr-neu.de\/newsroom\/wordpress\/wp-content\/uploads\/2021\/05\/21-12_Tankturm_Heidelberg_K-1024x683.jpg 1024w, https:\/\/www.pr-neu.de\/newsroom\/wordpress\/wp-content\/uploads\/2021\/05\/21-12_Tankturm_Heidelberg_K-768x512.jpg 768w, https:\/\/www.pr-neu.de\/newsroom\/wordpress\/wp-content\/uploads\/2021\/05\/21-12_Tankturm_Heidelberg_K-1536x1024.jpg 1536w, https:\/\/www.pr-neu.de\/newsroom\/wordpress\/wp-content\/uploads\/2021\/05\/21-12_Tankturm_Heidelberg_K-2048x1365.jpg 2048w, https:\/\/www.pr-neu.de\/newsroom\/wordpress\/wp-content\/uploads\/2021\/05\/21-12_Tankturm_Heidelberg_K-110x73.jpg 110w, https:\/\/www.pr-neu.de\/newsroom\/wordpress\/wp-content\/uploads\/2021\/05\/21-12_Tankturm_Heidelberg_K-420x280.jpg 420w, https:\/\/www.pr-neu.de\/newsroom\/wordpress\/wp-content\/uploads\/2021\/05\/21-12_Tankturm_Heidelberg_K-645x430.jpg 645w\" sizes=\"auto, (max-width: 300px) 100vw, 300px\" \/><\/a><\/p>\n<p style=\"text-align: center;\">Livestream aus dem Betriebswerk \/\/ Tankturm Heidelberg, Heidelberg, Architekten: LoebnerSch\u00e4ferWeber, Heidelberg<\/p>\n<p style=\"text-align: center;\">Foto: Tankturm Betriebsgesellschaft GbR<\/p>\n<p>&nbsp;<\/p>\n<p><a href=\"http:\/\/www.pr-neu.de\/newsroom\/wordpress\/wp-content\/uploads\/2021\/05\/21-12_Sanierungskompass_K.jpg\" target=\"_blank\" rel=\"noopener\"><img loading=\"lazy\" decoding=\"async\" class=\"aligncenter wp-image-14167 size-medium\" src=\"http:\/\/www.pr-neu.de\/newsroom\/wordpress\/wp-content\/uploads\/2021\/05\/21-12_Sanierungskompass_K-300x100.jpg\" alt=\"\" width=\"300\" height=\"100\" srcset=\"https:\/\/www.pr-neu.de\/newsroom\/wordpress\/wp-content\/uploads\/2021\/05\/21-12_Sanierungskompass_K-300x100.jpg 300w, https:\/\/www.pr-neu.de\/newsroom\/wordpress\/wp-content\/uploads\/2021\/05\/21-12_Sanierungskompass_K-1024x341.jpg 1024w, https:\/\/www.pr-neu.de\/newsroom\/wordpress\/wp-content\/uploads\/2021\/05\/21-12_Sanierungskompass_K-768x256.jpg 768w, https:\/\/www.pr-neu.de\/newsroom\/wordpress\/wp-content\/uploads\/2021\/05\/21-12_Sanierungskompass_K-1536x512.jpg 1536w, https:\/\/www.pr-neu.de\/newsroom\/wordpress\/wp-content\/uploads\/2021\/05\/21-12_Sanierungskompass_K-2048x683.jpg 2048w, https:\/\/www.pr-neu.de\/newsroom\/wordpress\/wp-content\/uploads\/2021\/05\/21-12_Sanierungskompass_K-110x37.jpg 110w, https:\/\/www.pr-neu.de\/newsroom\/wordpress\/wp-content\/uploads\/2021\/05\/21-12_Sanierungskompass_K-420x140.jpg 420w, https:\/\/www.pr-neu.de\/newsroom\/wordpress\/wp-content\/uploads\/2021\/05\/21-12_Sanierungskompass_K-770x257.jpg 770w\" sizes=\"auto, (max-width: 300px) 100vw, 300px\" \/><\/a><\/p>\n<p style=\"text-align: center;\">Foto: Veranstalter<\/p>\n<p>&nbsp;<\/p>\n<hr \/>\n<p>&nbsp;<\/p>\n<p>Abdruck honorarfrei, Belegexemplar erbeten.<\/p>\n","protected":false},"excerpt":{"rendered":"<p>18. Mai: Webinar Sanierungskompass Geb\u00e4udeh\u00fclle Am 18. Mai von 16 bis 18 Uhr informiert ein Webinar Architektinnen und Architekten \u00fcber sechs digitale Instrumente f\u00fcr Entwurf und Planung. Die kostenfreie Veranstaltung ist Teil der Reihe \u201eSanierungskompass Geb\u00e4udeh\u00fclle\u201c, organisiert von Bauder, Nelskamp, Sto und Velux. Die Anerkennung als Fortbildungsveranstaltung bei den Architektenkammern ist beantragt. Digitale Tools sind [&hellip;]<\/p>\n","protected":false},"author":6,"featured_media":14166,"comment_status":"closed","ping_status":"open","sticky":false,"template":"","format":"standard","meta":{"footnotes":""},"categories":[15],"tags":[],"class_list":["post-14165","post","type-post","status-publish","format-standard","has-post-thumbnail","hentry","category-sto"],"_links":{"self":[{"href":"https:\/\/www.pr-neu.de\/newsroom\/wp-json\/wp\/v2\/posts\/14165","targetHints":{"allow":["GET"]}}],"collection":[{"href":"https:\/\/www.pr-neu.de\/newsroom\/wp-json\/wp\/v2\/posts"}],"about":[{"href":"https:\/\/www.pr-neu.de\/newsroom\/wp-json\/wp\/v2\/types\/post"}],"author":[{"embeddable":true,"href":"https:\/\/www.pr-neu.de\/newsroom\/wp-json\/wp\/v2\/users\/6"}],"replies":[{"embeddable":true,"href":"https:\/\/www.pr-neu.de\/newsroom\/wp-json\/wp\/v2\/comments?post=14165"}],"version-history":[{"count":1,"href":"https:\/\/www.pr-neu.de\/newsroom\/wp-json\/wp\/v2\/posts\/14165\/revisions"}],"predecessor-version":[{"id":14168,"href":"https:\/\/www.pr-neu.de\/newsroom\/wp-json\/wp\/v2\/posts\/14165\/revisions\/14168"}],"wp:featuredmedia":[{"embeddable":true,"href":"https:\/\/www.pr-neu.de\/newsroom\/wp-json\/wp\/v2\/media\/14166"}],"wp:attachment":[{"href":"https:\/\/www.pr-neu.de\/newsroom\/wp-json\/wp\/v2\/media?parent=14165"}],"wp:term":[{"taxonomy":"category","embeddable":true,"href":"https:\/\/www.pr-neu.de\/newsroom\/wp-json\/wp\/v2\/categories?post=14165"},{"taxonomy":"post_tag","embeddable":true,"href":"https:\/\/www.pr-neu.de\/newsroom\/wp-json\/wp\/v2\/tags?post=14165"}],"curies":[{"name":"wp","href":"https:\/\/api.w.org\/{rel}","templated":true}]}}