{"id":14160,"date":"2021-05-05T09:55:51","date_gmt":"2021-05-05T07:55:51","guid":{"rendered":"https:\/\/www.pr-neu.de\/newsroom\/?p=14160"},"modified":"2021-05-05T09:55:51","modified_gmt":"2021-05-05T07:55:51","slug":"garagentore-fuer-die-hosentasche","status":"publish","type":"post","link":"https:\/\/www.pr-neu.de\/newsroom\/garagentore-fuer-die-hosentasche\/","title":{"rendered":"Garagentore f\u00fcr die Hosentasche"},"content":{"rendered":"<p><u>Tore visualisieren: \u201eDoor Designer\u201c-App von Teckentrup<\/u><\/p>\n<p><strong>Einfach, schnell, visuell: Mit der neuen \u201eDoor Designer\u201c-App von Teckentrup (Verl) lassen sich Garagentore nach den eigenen Vorlieben zusammenstellen und digital abbilden, \u00fcber Smartphone, Tablet oder PC. F\u00fcr die optimale Beratung am Point of Sale oder vor Ort beim Kunden k\u00f6nnen Fachh\u00e4ndler nun bequem auf die App zugreifen.<\/strong><\/p>\n<p>Die Herausforderung, eine realistische \u201eVorschau\u201c auf ein geplantes Garagentor zu geben, stellt sich bei jeder Beratung. Schon aufgrund der Gr\u00f6\u00dfe ist ein Showroom nicht \u00fcberall umsetzbar, beim Interessenten direkt vor Ort wird es erst recht schwierig. Eine einfache und komfortable L\u00f6sung bietet die App \u201eTeckentrup Door Designer\u201c. Mit ihr lassen sich Garagentore an jedem Ort visualisieren. Spielend einfach und mit nur wenigen Klicks k\u00f6nnen die zahlreichen Gestaltungsvarianten durchgetestet werden.<\/p>\n<p>Besonders praktisch: Schnell ist ein Bild vom echten Bauobjekt mit dem Smartphone aufgenommen und in die App geladen. M\u00fchelos passt der Anwender Gr\u00f6\u00dfe, Farbe, Struktur und Verglasung an \u2013 ganz nach den individuellen Vorstellungen des Auftraggebers. Ist kein Objektfoto vorhanden, helfen individualisierbare Beispielbilder aus der Galerie. So wird das Wunschtor virtuell eingebaut, bevor die reale Montage beginnt. Der Favorit wird gespeichert, so kann auch sp\u00e4ter immer wieder darauf zugegriffen werden. Datenschutz ist inklusive, die Daten werden nur auf dem Endger\u00e4t gespeichert, kein Fremdnutzer erh\u00e4lt Zugang.<\/p>\n<p><strong>Informativ und interaktiv<\/strong><\/p>\n<p>In der App lassen sich auch alle Teckentrup-Prospekte digital durchbl\u00e4ttern. Zudem zeigen Videos anschaulich Hintergrundinformationen, beispielsweise \u00fcber Zubeh\u00f6r f\u00fcr CarTeck-Tore. Damit vereint die \u201eTeckentrup Door Designer\u201c-App alle Tools f\u00fcr eine erfolgreiche Privatkunden-Beratung. Die Anwendung kann auch auf Bildschirmen am Point of Sale zur Visualisierung eingesetzt werden. So sind Fachh\u00e4ndler immer bestens f\u00fcr das Kundengespr\u00e4ch ger\u00fcstet. Fachh\u00e4ndler und Verarbeiter haben bei der Entwicklung der App von Beginn an mitgewirkt. Das Ergebnis ist damit ein weiteres Beispiel f\u00fcr Teckentrups Produktentwicklung in \u201eCo-Creation\u201c. Auch die Idee zur App entstand in Kunden-Interviews.<\/p>\n<p>&nbsp;<\/p>\n<hr \/>\n<p>&nbsp;<\/p>\n<p>K A S T E N<\/p>\n<p>Teckentrup Door Designer<br \/>\nApp, kostenlos im Google Play Store und im Apple App Store<\/p>\n<ul>\n<li>Gr\u00f6\u00dfe: ca. 630 MB (zip-Datei)<\/li>\n<li>Voraussetzungen:\n<ul>\n<li>Android 7 oder h\u00f6her<\/li>\n<li>Windows 10 (64 bit) oder h\u00f6her<\/li>\n<li>iOS 10 oder h\u00f6her<\/li>\n<\/ul>\n<\/li>\n<\/ul>\n<p>Die Desktop-Variante stellt Teckentrup seinen Kunden \u00fcber das Profi-Portal zur Verf\u00fcgung. Dort finden interessierte H\u00e4ndler alle wichtigen Informationen zur Installation und den vorhandenen Funktionen. Anfragen hierzu bitte an: &#x6d;&#x61;&#x72;&#107;&#101;ti&#x6e;&#x67;&#x40;&#116;&#101;ck&#x65;&#x6e;&#x74;&#114;&#117;p&#46;&#x62;&#x69;&#x7a;<\/p>\n<p>&nbsp;<\/p>\n<hr \/>\n<p>&nbsp;<\/p>\n<p><a href=\"http:\/\/www.pr-neu.de\/newsroom\/wordpress\/wp-content\/uploads\/2021\/05\/21-08_DoorDesigner_Hauptmenue_K.jpg\" target=\"_blank\" rel=\"noopener\"><img loading=\"lazy\" decoding=\"async\" class=\"aligncenter wp-image-14162 size-medium\" src=\"http:\/\/www.pr-neu.de\/newsroom\/wordpress\/wp-content\/uploads\/2021\/05\/21-08_DoorDesigner_Hauptmenue_K-300x218.jpg\" alt=\"\" width=\"300\" height=\"218\" srcset=\"https:\/\/www.pr-neu.de\/newsroom\/wordpress\/wp-content\/uploads\/2021\/05\/21-08_DoorDesigner_Hauptmenue_K-300x218.jpg 300w, https:\/\/www.pr-neu.de\/newsroom\/wordpress\/wp-content\/uploads\/2021\/05\/21-08_DoorDesigner_Hauptmenue_K-1024x745.jpg 1024w, https:\/\/www.pr-neu.de\/newsroom\/wordpress\/wp-content\/uploads\/2021\/05\/21-08_DoorDesigner_Hauptmenue_K-768x558.jpg 768w, https:\/\/www.pr-neu.de\/newsroom\/wordpress\/wp-content\/uploads\/2021\/05\/21-08_DoorDesigner_Hauptmenue_K-1536x1117.jpg 1536w, https:\/\/www.pr-neu.de\/newsroom\/wordpress\/wp-content\/uploads\/2021\/05\/21-08_DoorDesigner_Hauptmenue_K-2048x1489.jpg 2048w, https:\/\/www.pr-neu.de\/newsroom\/wordpress\/wp-content\/uploads\/2021\/05\/21-08_DoorDesigner_Hauptmenue_K-110x80.jpg 110w, https:\/\/www.pr-neu.de\/newsroom\/wordpress\/wp-content\/uploads\/2021\/05\/21-08_DoorDesigner_Hauptmenue_K-420x305.jpg 420w, https:\/\/www.pr-neu.de\/newsroom\/wordpress\/wp-content\/uploads\/2021\/05\/21-08_DoorDesigner_Hauptmenue_K-591x430.jpg 591w\" sizes=\"auto, (max-width: 300px) 100vw, 300px\" \/><\/a><\/p>\n<p><a href=\"http:\/\/www.pr-neu.de\/newsroom\/wordpress\/wp-content\/uploads\/2021\/05\/21-08_DoorDesigner_Farbwahl_K.jpg\" target=\"_blank\" rel=\"noopener\"><img loading=\"lazy\" decoding=\"async\" class=\"aligncenter wp-image-14161 size-medium\" src=\"http:\/\/www.pr-neu.de\/newsroom\/wordpress\/wp-content\/uploads\/2021\/05\/21-08_DoorDesigner_Farbwahl_K-300x218.jpg\" alt=\"\" width=\"300\" height=\"218\" srcset=\"https:\/\/www.pr-neu.de\/newsroom\/wordpress\/wp-content\/uploads\/2021\/05\/21-08_DoorDesigner_Farbwahl_K-300x218.jpg 300w, https:\/\/www.pr-neu.de\/newsroom\/wordpress\/wp-content\/uploads\/2021\/05\/21-08_DoorDesigner_Farbwahl_K-1024x745.jpg 1024w, https:\/\/www.pr-neu.de\/newsroom\/wordpress\/wp-content\/uploads\/2021\/05\/21-08_DoorDesigner_Farbwahl_K-768x558.jpg 768w, https:\/\/www.pr-neu.de\/newsroom\/wordpress\/wp-content\/uploads\/2021\/05\/21-08_DoorDesigner_Farbwahl_K-1536x1117.jpg 1536w, https:\/\/www.pr-neu.de\/newsroom\/wordpress\/wp-content\/uploads\/2021\/05\/21-08_DoorDesigner_Farbwahl_K-2048x1489.jpg 2048w, https:\/\/www.pr-neu.de\/newsroom\/wordpress\/wp-content\/uploads\/2021\/05\/21-08_DoorDesigner_Farbwahl_K-110x80.jpg 110w, https:\/\/www.pr-neu.de\/newsroom\/wordpress\/wp-content\/uploads\/2021\/05\/21-08_DoorDesigner_Farbwahl_K-420x305.jpg 420w, https:\/\/www.pr-neu.de\/newsroom\/wordpress\/wp-content\/uploads\/2021\/05\/21-08_DoorDesigner_Farbwahl_K-591x430.jpg 591w\" sizes=\"auto, (max-width: 300px) 100vw, 300px\" \/><\/a><\/p>\n<p style=\"text-align: center;\">Die neue App \u201eTeckentrup Door Designer\u201c l\u00e4sst Garagentore virtuell entstehen \u2013 zuhause oder im Gesch\u00e4ft, mit allen Details. Ein wichtiger Punkt f\u00fcr (private) Kunden ist die Farbwahl f\u00fcr das Tor.<\/p>\n<p style=\"text-align: center;\">Bilder: Teckentrup<\/p>\n<p>&nbsp;<\/p>\n<hr \/>\n<p>&nbsp;<\/p>\n<p>Abdruck honorarfrei, Belegexemplar erbeten<\/p>\n<p>&nbsp;<\/p>\n<hr \/>\n<p>&nbsp;<\/p>\n<p><strong>Teckentrup: Door Solutions<\/strong><br \/>\nTeckentrup z\u00e4hlt mit den Produktionswerken in Verl-S\u00fcrenheide (Hauptsitz, NRW) und Gro\u00dfz\u00f6beritz (Sachsen-Anhalt) sowie seinen 900 Mitarbeitern zu den gr\u00f6\u00dften Herstellern von T\u00fcren und Toren in Europa.<br \/>\nDas in dritter Generation inhabergef\u00fchrte mittelst\u00e4ndische Familienunternehmen hat sich insbesondere den Werten Qualit\u00e4t, Design und Service verpflichtet. St\u00e4ndige Verbesserungen der Produkte und die Entwicklung neuer Technologien sind f\u00fcr Teckentrup selbstverst\u00e4ndlich. F\u00fcr die kontinuierliche Weiterentwicklung wurde im gesamten Unternehmen eine kundenzentrierte Ausrichtung (Customer Centricity) implementiert. So sorgt das Unternehmen daf\u00fcr, dass gemeinsam mit den Partnern stets die beste L\u00f6sung gefunden wird \u2013 hinsichtlich Design, Sicherheit und Service. Das Angebot umfasst Produktl\u00f6sungen aus den Bereichen HOME (Garagentore), PROFESSIONAL (Funktionst\u00fcren), INDUSTRIAL (Industrietore).<br \/>\nHeute verbindet das 1932 gegr\u00fcndete Unternehmen Tradition mit Fortschritt und das stets \u201emade in Germany\u201c. Zahlreiche internationale Zertifizierungen sind die Basis f\u00fcr einen weltweit erfolgreichen Vertrieb der Produkte. Gesellschaftliche Verantwortung \u00fcbernimmt Teckentrup unter anderem durch die Erf\u00fcllung der \u201eCharta der Vielfalt\u201c.<\/p>\n","protected":false},"excerpt":{"rendered":"<p>Tore visualisieren: \u201eDoor Designer\u201c-App von Teckentrup Einfach, schnell, visuell: Mit der neuen \u201eDoor Designer\u201c-App von Teckentrup (Verl) lassen sich Garagentore nach den eigenen Vorlieben zusammenstellen und digital abbilden, \u00fcber Smartphone, Tablet oder PC. F\u00fcr die optimale Beratung am Point of Sale oder vor Ort beim Kunden k\u00f6nnen Fachh\u00e4ndler nun bequem auf die App zugreifen. Die [&hellip;]<\/p>\n","protected":false},"author":6,"featured_media":14162,"comment_status":"closed","ping_status":"open","sticky":false,"template":"","format":"standard","meta":{"footnotes":""},"categories":[18],"tags":[],"class_list":["post-14160","post","type-post","status-publish","format-standard","has-post-thumbnail","hentry","category-teckentrup"],"_links":{"self":[{"href":"https:\/\/www.pr-neu.de\/newsroom\/wp-json\/wp\/v2\/posts\/14160","targetHints":{"allow":["GET"]}}],"collection":[{"href":"https:\/\/www.pr-neu.de\/newsroom\/wp-json\/wp\/v2\/posts"}],"about":[{"href":"https:\/\/www.pr-neu.de\/newsroom\/wp-json\/wp\/v2\/types\/post"}],"author":[{"embeddable":true,"href":"https:\/\/www.pr-neu.de\/newsroom\/wp-json\/wp\/v2\/users\/6"}],"replies":[{"embeddable":true,"href":"https:\/\/www.pr-neu.de\/newsroom\/wp-json\/wp\/v2\/comments?post=14160"}],"version-history":[{"count":1,"href":"https:\/\/www.pr-neu.de\/newsroom\/wp-json\/wp\/v2\/posts\/14160\/revisions"}],"predecessor-version":[{"id":14163,"href":"https:\/\/www.pr-neu.de\/newsroom\/wp-json\/wp\/v2\/posts\/14160\/revisions\/14163"}],"wp:featuredmedia":[{"embeddable":true,"href":"https:\/\/www.pr-neu.de\/newsroom\/wp-json\/wp\/v2\/media\/14162"}],"wp:attachment":[{"href":"https:\/\/www.pr-neu.de\/newsroom\/wp-json\/wp\/v2\/media?parent=14160"}],"wp:term":[{"taxonomy":"category","embeddable":true,"href":"https:\/\/www.pr-neu.de\/newsroom\/wp-json\/wp\/v2\/categories?post=14160"},{"taxonomy":"post_tag","embeddable":true,"href":"https:\/\/www.pr-neu.de\/newsroom\/wp-json\/wp\/v2\/tags?post=14160"}],"curies":[{"name":"wp","href":"https:\/\/api.w.org\/{rel}","templated":true}]}}