{"id":14135,"date":"2021-04-22T12:35:38","date_gmt":"2021-04-22T10:35:38","guid":{"rendered":"https:\/\/www.pr-neu.de\/newsroom\/?p=14135"},"modified":"2021-04-22T12:36:44","modified_gmt":"2021-04-22T10:36:44","slug":"muell-in-der-oker-sebs-reinigt-oker-und-appelliert","status":"publish","type":"post","link":"https:\/\/www.pr-neu.de\/newsroom\/muell-in-der-oker-sebs-reinigt-oker-und-appelliert\/","title":{"rendered":"M\u00fcll in der Oker: SE|BS reinigt Oker \u2013 und appelliert"},"content":{"rendered":"<p><u>Braunschweig, 22. April 2021<\/u><\/p>\n<p>Der abgesenkte Wasserstand der Oker zeigt es besonders deutlich: Immer wieder landet Abfall im Gew\u00e4sser. Einkaufswagen, Kanister, Elektroschrott, Fahrr\u00e4der und selbst ganze Baustelleneinrichtungen sind regelm\u00e4\u00dfig zu finden, und neuerdings auch E-Roller. Den tiefen Wasserstand nutzt die Stadtentw\u00e4sserung Braunschweig GmbH (SE|BS) derzeit, um den M\u00fcll einzusammeln. Das Herausholen ist nicht nur harte Arbeit f\u00fcr die Teams der SE|BS \u2013 die Fundst\u00fccke machen ihnen zunehmend Sorge: &#8222;Mitunter ist nicht immer gleich erkennbar, inwieweit es sich um wasser- und umweltgef\u00e4hrdenden Abfall handelt. Was ist der Inhalt eines gefundenen Kanisters? Wie verh\u00e4lt es sich mit den Batterien von E-Scootern? Das ist nicht nur ein \u00c4rgernis, man muss auch davon ausgehen, dass diese Art von Zivilisationsm\u00fcll nachhaltig den \u201aLebensraum Oker\u2018 gef\u00e4hrden kann\u201c, sagt J\u00f6rg Walther, Leiter des Gew\u00e4sserdienstes der SE|BS.<\/p>\n<p>Der unsachgem\u00e4\u00df (und strafbar) beseitigte Unrat wird am Eisenb\u00fctteler Wehr gesammelt und von dort aus sachgerecht entsorgt. \u201cBei niedrigem Wasserstand h\u00e4ufen sich Hinweise von B\u00fcrgerinnen und B\u00fcrgern. Da herrscht oft dasselbe Unverst\u00e4ndnis wie bei uns. Man kann sich schon sehr wundern, wie manche Menschen mit unserer Umwelt umgehen\u201c, meint Heiko Haas, Teamleiter der SE|BS. \u201eWir k\u00fcmmern uns gern um den Schutz der Gew\u00e4sser \u2013 nur der viele Schrott, das muss nicht sein.\u201d<\/p>\n<p>Wegen des Ausma\u00dfes der Gew\u00e4sserverunreinigung wendet sich die SE|BS mit einem Appell an die Braunschweiger B\u00fcrger: \u201eDie Oker verdient einen anderen Umgang. Wir alle sind verantwortlich f\u00fcr deren Erhalt als wichtiges Biotop und auch als ansprechendes Naherholungsgebiet.\u201c Dazu geh\u00f6rt selbstverst\u00e4ndlich auch, Abf\u00e4lle umweltgerecht zu entsorgen \u2013 Umweltschutz beginnt vor der eigenen Haust\u00fcr.\u201c<\/p>\n<p>&nbsp;<\/p>\n<p><strong>Hintergrund<\/strong><br \/>\nDas Petriwehr erh\u00e4lt derzeit eine Fischaufstiegstreppe und einen Kanupass. F\u00fcr die Bauarbeiten wird der Wasserstand der Oker immer wieder zweitweise abgesenkt \u2013 wodurch M\u00fcll auftaucht, der auf dem Grund der Oker liegt. Die SE|BS \u00fcbernimmt zus\u00e4tzlich zu ihren Kernaufgaben auch dessen Beseitigung \u2013 das reicht von Autoreifen bis zu Kinderbetten und jeder Menge Plastik.<\/p>\n<p>&nbsp;<\/p>\n<hr \/>\n<p>&nbsp;<\/p>\n<p><a href=\"http:\/\/www.pr-neu.de\/newsroom\/wordpress\/wp-content\/uploads\/2021\/04\/21_07_Oker_1_K.jpg\" target=\"_blank\" rel=\"noopener\"><img loading=\"lazy\" decoding=\"async\" class=\"aligncenter wp-image-14136 size-medium\" src=\"http:\/\/www.pr-neu.de\/newsroom\/wordpress\/wp-content\/uploads\/2021\/04\/21_07_Oker_1_K-225x300.jpg\" alt=\"\" width=\"225\" height=\"300\" srcset=\"https:\/\/www.pr-neu.de\/newsroom\/wordpress\/wp-content\/uploads\/2021\/04\/21_07_Oker_1_K-225x300.jpg 225w, https:\/\/www.pr-neu.de\/newsroom\/wordpress\/wp-content\/uploads\/2021\/04\/21_07_Oker_1_K-768x1024.jpg 768w, https:\/\/www.pr-neu.de\/newsroom\/wordpress\/wp-content\/uploads\/2021\/04\/21_07_Oker_1_K-1152x1536.jpg 1152w, https:\/\/www.pr-neu.de\/newsroom\/wordpress\/wp-content\/uploads\/2021\/04\/21_07_Oker_1_K-1536x2048.jpg 1536w, https:\/\/www.pr-neu.de\/newsroom\/wordpress\/wp-content\/uploads\/2021\/04\/21_07_Oker_1_K-83x110.jpg 83w, https:\/\/www.pr-neu.de\/newsroom\/wordpress\/wp-content\/uploads\/2021\/04\/21_07_Oker_1_K-315x420.jpg 315w, https:\/\/www.pr-neu.de\/newsroom\/wordpress\/wp-content\/uploads\/2021\/04\/21_07_Oker_1_K-323x430.jpg 323w, https:\/\/www.pr-neu.de\/newsroom\/wordpress\/wp-content\/uploads\/2021\/04\/21_07_Oker_1_K.jpg 1800w\" sizes=\"auto, (max-width: 225px) 100vw, 225px\" \/><\/a><\/p>\n<p style=\"text-align: center;\">Angeln einmal anders: Einkaufswagen geh\u00f6ren leider zu den regelm\u00e4\u00dfigen \u201eF\u00e4ngen\u201c, wenn die Teams der SE|BS die Oker vom M\u00fcll befreien.<\/p>\n<p>&nbsp;<\/p>\n<p><a href=\"http:\/\/www.pr-neu.de\/newsroom\/wordpress\/wp-content\/uploads\/2021\/04\/21_07_Oker_2_K.jpg\" target=\"_blank\" rel=\"noopener\"><img loading=\"lazy\" decoding=\"async\" class=\"aligncenter wp-image-14137 size-medium\" src=\"http:\/\/www.pr-neu.de\/newsroom\/wordpress\/wp-content\/uploads\/2021\/04\/21_07_Oker_2_K-225x300.jpg\" alt=\"\" width=\"225\" height=\"300\" srcset=\"https:\/\/www.pr-neu.de\/newsroom\/wordpress\/wp-content\/uploads\/2021\/04\/21_07_Oker_2_K-225x300.jpg 225w, https:\/\/www.pr-neu.de\/newsroom\/wordpress\/wp-content\/uploads\/2021\/04\/21_07_Oker_2_K-768x1024.jpg 768w, https:\/\/www.pr-neu.de\/newsroom\/wordpress\/wp-content\/uploads\/2021\/04\/21_07_Oker_2_K-1152x1536.jpg 1152w, https:\/\/www.pr-neu.de\/newsroom\/wordpress\/wp-content\/uploads\/2021\/04\/21_07_Oker_2_K-1536x2048.jpg 1536w, https:\/\/www.pr-neu.de\/newsroom\/wordpress\/wp-content\/uploads\/2021\/04\/21_07_Oker_2_K-83x110.jpg 83w, https:\/\/www.pr-neu.de\/newsroom\/wordpress\/wp-content\/uploads\/2021\/04\/21_07_Oker_2_K-315x420.jpg 315w, https:\/\/www.pr-neu.de\/newsroom\/wordpress\/wp-content\/uploads\/2021\/04\/21_07_Oker_2_K-323x430.jpg 323w, https:\/\/www.pr-neu.de\/newsroom\/wordpress\/wp-content\/uploads\/2021\/04\/21_07_Oker_2_K.jpg 1800w\" sizes=\"auto, (max-width: 225px) 100vw, 225px\" \/><\/a><\/p>\n<p style=\"text-align: center;\">Das Ergebnis einer einzigen Reinigungs-Aktion: Fahrr\u00e4der, Einkaufswagen und weiterer Schrott landet immer wieder in der Oker. Leider kommen mittlerweile auch h\u00e4ufiger E-Scooter hinzu. Sie k\u00f6nnen durch ihre Batterien die Umwelt besonders gef\u00e4hrden.<\/p>\n<p style=\"text-align: center;\">Bilder: SE|BS<\/p>\n<p>&nbsp;<\/p>\n<hr \/>\n<p>&nbsp;<\/p>\n<p><strong>SE|BS-Pressestelle<\/strong><br \/>\npr neu &#8211; gedacht<\/p>\n<p>Telefon: 05307 80093 \u2013 80<br \/>\nFax: 05307 80093 \u2013 69<br \/>\nE-Mail: &#x69;&#x6e;&#x66;&#x6f;&#x40;&#x70;&#x72;&#x2d;&#x6e;&#x65;&#x75;&#x2e;&#x64;&#x65;<br \/>\nInternet: www.pr-neu.de<\/p>\n","protected":false},"excerpt":{"rendered":"<p>Braunschweig, 22. April 2021 Der abgesenkte Wasserstand der Oker zeigt es besonders deutlich: Immer wieder landet Abfall im Gew\u00e4sser. Einkaufswagen, Kanister, Elektroschrott, Fahrr\u00e4der und selbst ganze Baustelleneinrichtungen sind regelm\u00e4\u00dfig zu finden, und neuerdings auch E-Roller. Den tiefen Wasserstand nutzt die Stadtentw\u00e4sserung Braunschweig GmbH (SE|BS) derzeit, um den M\u00fcll einzusammeln. Das Herausholen ist nicht nur harte [&hellip;]<\/p>\n","protected":false},"author":6,"featured_media":14138,"comment_status":"closed","ping_status":"open","sticky":false,"template":"","format":"standard","meta":{"footnotes":""},"categories":[1517],"tags":[],"class_list":["post-14135","post","type-post","status-publish","format-standard","has-post-thumbnail","hentry","category-sebs"],"_links":{"self":[{"href":"https:\/\/www.pr-neu.de\/newsroom\/wp-json\/wp\/v2\/posts\/14135","targetHints":{"allow":["GET"]}}],"collection":[{"href":"https:\/\/www.pr-neu.de\/newsroom\/wp-json\/wp\/v2\/posts"}],"about":[{"href":"https:\/\/www.pr-neu.de\/newsroom\/wp-json\/wp\/v2\/types\/post"}],"author":[{"embeddable":true,"href":"https:\/\/www.pr-neu.de\/newsroom\/wp-json\/wp\/v2\/users\/6"}],"replies":[{"embeddable":true,"href":"https:\/\/www.pr-neu.de\/newsroom\/wp-json\/wp\/v2\/comments?post=14135"}],"version-history":[{"count":3,"href":"https:\/\/www.pr-neu.de\/newsroom\/wp-json\/wp\/v2\/posts\/14135\/revisions"}],"predecessor-version":[{"id":14141,"href":"https:\/\/www.pr-neu.de\/newsroom\/wp-json\/wp\/v2\/posts\/14135\/revisions\/14141"}],"wp:featuredmedia":[{"embeddable":true,"href":"https:\/\/www.pr-neu.de\/newsroom\/wp-json\/wp\/v2\/media\/14138"}],"wp:attachment":[{"href":"https:\/\/www.pr-neu.de\/newsroom\/wp-json\/wp\/v2\/media?parent=14135"}],"wp:term":[{"taxonomy":"category","embeddable":true,"href":"https:\/\/www.pr-neu.de\/newsroom\/wp-json\/wp\/v2\/categories?post=14135"},{"taxonomy":"post_tag","embeddable":true,"href":"https:\/\/www.pr-neu.de\/newsroom\/wp-json\/wp\/v2\/tags?post=14135"}],"curies":[{"name":"wp","href":"https:\/\/api.w.org\/{rel}","templated":true}]}}