{"id":14124,"date":"2021-04-21T09:32:46","date_gmt":"2021-04-21T07:32:46","guid":{"rendered":"https:\/\/www.pr-neu.de\/newsroom\/?p=14124"},"modified":"2021-04-19T16:23:40","modified_gmt":"2021-04-19T14:23:40","slug":"suedwest-ist-erneut-top-arbeitgeber-im-mittelstand","status":"publish","type":"post","link":"https:\/\/www.pr-neu.de\/newsroom\/suedwest-ist-erneut-top-arbeitgeber-im-mittelstand\/","title":{"rendered":"S\u00fcdwest ist erneut \u201eTop-Arbeitgeber im Mittelstand\u201c"},"content":{"rendered":"<p><u>Zwei Jahre in Folge ausgezeichnet<\/u><\/p>\n<p>Auch 2021 z\u00e4hlt der Farbenhersteller S\u00fcdwest zu den \u201eTop-Arbeitgebern im Mittelstand\u201c: Die Mittelstands-Online-Jobb\u00f6rse \u201eyourfirm.de\u201c zeichnete das Unternehmen aus B\u00f6hl-Iggelheim jetzt wiederholt aus. \u201e\u00dcber die erneute Auszeichnung freuen wir uns noch etwas mehr als bei der Premiere 2020\u201c, meint S\u00fcdwest-Gesch\u00e4ftsf\u00fchrer Hans-J\u00f6rg von Rhade, \u201edenn sie belegt, dass das Siegel kein Zufallsprodukt war, sondern \u2013 bei aller wirtschaftlichen Notwendigkeit \u2013 durch unsere Ausrichtung an Mitarbeiterbed\u00fcrfnissen und Arbeitsumfeld erreicht wird\u201c.<\/p>\n<p>Als attraktiver Arbeitgeber in der Metropolregion Rhein-Neckar bietet S\u00fcdwest zum Beispiel ein breites Angebot innerbetrieb\u00adlicher Ausbildungen, das die IHK Pfalz bereits mit dem Siegel \u201eAusbildungsbetrieb 2020\u201c w\u00fcrdigte. \u201eJungen Menschen eine Perspektive zu geben und durch diese gef\u00f6rdert aber auch gefordert zu werden, ist f\u00fcr uns alle ein Ansporn\u201c, so von Rhade weiter. Damit unterstreicht er den Willen des Unternehmens, weiter an optimalen Arbeitsbedingungen f\u00fcr die gesamte Belegschaft zu arbeiten.<\/p>\n<p>&nbsp;<\/p>\n<hr \/>\n<p>&nbsp;<\/p>\n<p><a href=\"http:\/\/www.pr-neu.de\/newsroom\/wordpress\/wp-content\/uploads\/2021\/04\/21-06_Top-Arbeitgeber-2021_K.jpg\" target=\"_blank\" rel=\"noopener\"><img loading=\"lazy\" decoding=\"async\" class=\"aligncenter wp-image-14125 size-medium\" src=\"http:\/\/www.pr-neu.de\/newsroom\/wordpress\/wp-content\/uploads\/2021\/04\/21-06_Top-Arbeitgeber-2021_K-300x300.jpg\" alt=\"\" width=\"300\" height=\"300\" srcset=\"https:\/\/www.pr-neu.de\/newsroom\/wordpress\/wp-content\/uploads\/2021\/04\/21-06_Top-Arbeitgeber-2021_K-300x300.jpg 300w, https:\/\/www.pr-neu.de\/newsroom\/wordpress\/wp-content\/uploads\/2021\/04\/21-06_Top-Arbeitgeber-2021_K-1024x1024.jpg 1024w, https:\/\/www.pr-neu.de\/newsroom\/wordpress\/wp-content\/uploads\/2021\/04\/21-06_Top-Arbeitgeber-2021_K-150x150.jpg 150w, https:\/\/www.pr-neu.de\/newsroom\/wordpress\/wp-content\/uploads\/2021\/04\/21-06_Top-Arbeitgeber-2021_K-768x768.jpg 768w, https:\/\/www.pr-neu.de\/newsroom\/wordpress\/wp-content\/uploads\/2021\/04\/21-06_Top-Arbeitgeber-2021_K-1536x1536.jpg 1536w, https:\/\/www.pr-neu.de\/newsroom\/wordpress\/wp-content\/uploads\/2021\/04\/21-06_Top-Arbeitgeber-2021_K-2048x2048.jpg 2048w, https:\/\/www.pr-neu.de\/newsroom\/wordpress\/wp-content\/uploads\/2021\/04\/21-06_Top-Arbeitgeber-2021_K-250x250.jpg 250w, https:\/\/www.pr-neu.de\/newsroom\/wordpress\/wp-content\/uploads\/2021\/04\/21-06_Top-Arbeitgeber-2021_K-125x125.jpg 125w, https:\/\/www.pr-neu.de\/newsroom\/wordpress\/wp-content\/uploads\/2021\/04\/21-06_Top-Arbeitgeber-2021_K-110x110.jpg 110w, https:\/\/www.pr-neu.de\/newsroom\/wordpress\/wp-content\/uploads\/2021\/04\/21-06_Top-Arbeitgeber-2021_K-420x420.jpg 420w, https:\/\/www.pr-neu.de\/newsroom\/wordpress\/wp-content\/uploads\/2021\/04\/21-06_Top-Arbeitgeber-2021_K-430x430.jpg 430w\" sizes=\"auto, (max-width: 300px) 100vw, 300px\" \/><\/a><\/p>\n<p style=\"text-align: center;\">Nach 2020 erhielt S\u00fcdwest auch 2021 die Auszeichnung \u201eTop-Arbeitgeber im Mittelstand\u201c von der neutralen Plattform \u201eYourfirm\u201c.<\/p>\n<p style=\"text-align: center;\">Bild: Yourfirm<\/p>\n<p>&nbsp;<\/p>\n<hr \/>\n<p>&nbsp;<\/p>\n<p>Abdruck honorarfrei, Belegexemplar erbeten<\/p>\n","protected":false},"excerpt":{"rendered":"<p>Zwei Jahre in Folge ausgezeichnet Auch 2021 z\u00e4hlt der Farbenhersteller S\u00fcdwest zu den \u201eTop-Arbeitgebern im Mittelstand\u201c: Die Mittelstands-Online-Jobb\u00f6rse \u201eyourfirm.de\u201c zeichnete das Unternehmen aus B\u00f6hl-Iggelheim jetzt wiederholt aus. \u201e\u00dcber die erneute Auszeichnung freuen wir uns noch etwas mehr als bei der Premiere 2020\u201c, meint S\u00fcdwest-Gesch\u00e4ftsf\u00fchrer Hans-J\u00f6rg von Rhade, \u201edenn sie belegt, dass das Siegel kein Zufallsprodukt [&hellip;]<\/p>\n","protected":false},"author":6,"featured_media":14125,"comment_status":"closed","ping_status":"open","sticky":false,"template":"","format":"standard","meta":{"footnotes":""},"categories":[17],"tags":[],"class_list":["post-14124","post","type-post","status-publish","format-standard","has-post-thumbnail","hentry","category-sudwest"],"_links":{"self":[{"href":"https:\/\/www.pr-neu.de\/newsroom\/wp-json\/wp\/v2\/posts\/14124","targetHints":{"allow":["GET"]}}],"collection":[{"href":"https:\/\/www.pr-neu.de\/newsroom\/wp-json\/wp\/v2\/posts"}],"about":[{"href":"https:\/\/www.pr-neu.de\/newsroom\/wp-json\/wp\/v2\/types\/post"}],"author":[{"embeddable":true,"href":"https:\/\/www.pr-neu.de\/newsroom\/wp-json\/wp\/v2\/users\/6"}],"replies":[{"embeddable":true,"href":"https:\/\/www.pr-neu.de\/newsroom\/wp-json\/wp\/v2\/comments?post=14124"}],"version-history":[{"count":2,"href":"https:\/\/www.pr-neu.de\/newsroom\/wp-json\/wp\/v2\/posts\/14124\/revisions"}],"predecessor-version":[{"id":14127,"href":"https:\/\/www.pr-neu.de\/newsroom\/wp-json\/wp\/v2\/posts\/14124\/revisions\/14127"}],"wp:featuredmedia":[{"embeddable":true,"href":"https:\/\/www.pr-neu.de\/newsroom\/wp-json\/wp\/v2\/media\/14125"}],"wp:attachment":[{"href":"https:\/\/www.pr-neu.de\/newsroom\/wp-json\/wp\/v2\/media?parent=14124"}],"wp:term":[{"taxonomy":"category","embeddable":true,"href":"https:\/\/www.pr-neu.de\/newsroom\/wp-json\/wp\/v2\/categories?post=14124"},{"taxonomy":"post_tag","embeddable":true,"href":"https:\/\/www.pr-neu.de\/newsroom\/wp-json\/wp\/v2\/tags?post=14124"}],"curies":[{"name":"wp","href":"https:\/\/api.w.org\/{rel}","templated":true}]}}