{"id":1412,"date":"2012-10-16T09:19:01","date_gmt":"2012-10-16T09:19:01","guid":{"rendered":"http:\/\/www.pr-nord.de\/newsroom\/?p=1412"},"modified":"2020-05-29T09:08:18","modified_gmt":"2020-05-29T07:08:18","slug":"kraftwerk-fassade","status":"publish","type":"post","link":"https:\/\/www.pr-neu.de\/newsroom\/kraftwerk-fassade\/","title":{"rendered":"Kraftwerk Fassade"},"content":{"rendered":"<p><span style=\"text-decoration: underline;\">StoVentec ARTline: Photovoltaic-VHF von Sto auf der BAU2013<\/span><\/p>\n<p><strong>Integrierte Photovoltaik-Module verwandeln vorgeh\u00e4ngte hinterl\u00fcftete Fassaden in ertragreiche Stromlieferanten. StoVentec ARTline bietet moderne D\u00e4mmstandards und aktive Energieerzeugung in zwei gestalterisch anspruchsvollen Systemvarianten: nicht sichtbar befestigt und schienenfixiert.<\/strong><\/p>\n<p>Nur energieeffiziente Geb\u00e4ude k\u00f6nnen die f\u00fcr Heizung, Warmwasser und sonstige Haustechnik ben\u00f6tigte Energie zu einem gro\u00dfen Teil von der Sonne beziehen. Eine Schl\u00fcsseltechnologie daf\u00fcr ist die Photovoltaik. Die Zukunft geh\u00f6rt jedoch nicht der additiven Montage aufgest\u00e4nderter Solarmodule, sondern der Integration. Das vorgeh\u00e4ngte hinterl\u00fcftete Fassadensystem StoVentec ARTline integriert die umweltfreundliche Energiegewinnung in die Fassade. Sowohl die nicht sichtbar befestigte Variante (Invisible) als auch die mit Halteschienen versehene Version (Inlay) k\u00f6nnen mit weiteren Fassadenfl\u00e4chen (Glas, Naturstein, Putz, Metall oder Keramik) kombiniert werden.<\/p>\n<p>\u00d6l und Gas werden unaufhaltsam teurer. Beim Benzinpreis sorgt das f\u00fcr Schlagzeilen (\u201eDie teuerste Tankf\u00fcllung aller Zeiten\u201c, S\u00fcddeutsche Zeitung vom 20. August 2012), aber auch die Preise f\u00fcr Heiz\u00f6l, Erdgas und Fernw\u00e4rme steigen unaufh\u00f6rlich. Erneuerbare Energien r\u00fccken in den Fokus, darunter \u2013 neben Biomasse, Wind- und Wasserkraft \u2013 vor allem Sonnenenergie, die nahezu unbegrenzt zur Verf\u00fcgung steht. Schlie\u00dflich \u00fcbertrifft die Menge solarer Energie, die auf der Erde auftrifft, den gesamten Prim\u00e4renergieverbrauch der Menschheit um mehr als das Zehntausendfache. Die Nutzung dieses gewaltigen Potenzials gilt es in Einklang zu bringen mit architektonischen und \u00e4sthetischen Erfordernissen. Photovoltaik sollte integraler Bestandteil moderner Niedrigstenergie-, Passiv- und Plusenergieh\u00e4user sein. Diesen Anspruch erf\u00fcllen StoVentec ARTline Invisible und Inlay. Die beiden gemeinsam von Sto und W\u00fcrth Solar entwickelten vorgeh\u00e4ngten hinterl\u00fcfteten Fassadensysteme tragen gleicherma\u00dfen zur Energieeffizienz (Mineralwolled\u00e4mmung) wie auch zur direkten Energiegewinnung (PV-Modul) und zur \u00e4sthetischen Gestaltung bei.<\/p>\n<p><strong>Nicht sichtbar oder mit Schienen befestigt<\/strong><\/p>\n<p>Die Photovoltaik-Module des nicht sichtbar befestigten Systems sind ab Werk mit einer Tr\u00e4gerplatte aus Bl\u00e4hglas zu einem Sandwich-Element verbunden. Das Eigengewicht der 20 Millimeter d\u00fcnnen Platte ist sehr gering (10 kg\/qm), da Bl\u00e4hglas einen hohen Luftporengehalt besitzt. R\u00fcckseitige Agraffenhalterungen an der Tr\u00e4gerplatte erlauben eine verdeckte Befestigung der 1.200 x 600 Millimeter gro\u00dfen Module, was eine homogene Fassadenoberfl\u00e4che schafft. Das System StoVentec ARTline Inlay arbeitet mit gerahmten Elementen, die in schwarze, auf der Unterkonstruktion befestigte Schienen eingestellt werden. Ihr Ma\u00df betr\u00e4gt 1.205 x 605 Millimeter. Bei beiden Systemen k\u00f6nnen die Module f\u00fcr Wartungs- und Reparaturarbeiten einzeln ausgetauscht werden.<\/p>\n<p>Die auf d\u00fcnnschichtiger CIS-Technologie (Kupfer-Indium-Diselenid) basierenden Fassadenpaneele sind in sechs Farbt\u00f6nen (Blau, Rot, Gelb, Gr\u00fcn, Schwarz, Wei\u00df) erh\u00e4ltlich, wobei sich Schwarz als die effektivste Variante mit Blick auf die Energieausbeute erweist. Bei den farbigen Gl\u00e4sern m\u00fcssen wegen der h\u00f6heren Lichtreflexion Wirkungsgradeinbu\u00dfen hingenommen werden. Alle aktiven PV-Module der beiden Systemvarianten k\u00f6nnen im Rahmen des StoVentec-Systems mit Glas, Glasmosaik, Naturwerkstein, Metall, Keramik und Putz kombiniert werden.<\/p>\n<p>Umfangreiche Tests belegen die Wirtschaftlichkeit der PV-Fassade auch bei Abweichungen von bis zu 30 Grad von der S\u00fcdausrichtung, was nur geringe Leistungsverluste zur Folge hatte (max. 3{ab9cb22b1639c68dfef7c1751c9d63405358944ce3964465eb35eb6b5b6beaaa} bei 90 Grad Neigung). Im Rahmen komplexer Life-Cycle-Analysen lieferten selbst S\u00fcdost- beziehungsweise S\u00fcdwestfassaden (+\/- 60 Grad Abweichung) an sonnenreichen Standorten S\u00fcddeutschlands positive Ergebnisse. Je nach Farbigkeit l\u00e4sst sich ein j\u00e4hrlicher Stromertrag von 55 bis 80 kWh pro Quadratmeter PV-Modul erzielen. Der durchschnittliche Jahresstromverbrauch einer vierk\u00f6pfigen Familie in Mitteleuropa von 4.500 kWh\/a kann also rein rechnerisch durch 82 bis 57 Quadratmeter integrierte Photovoltaikfassade erzeugt werden.<\/p>\n<p>&nbsp;<\/p>\n<hr noshade=\"noshade\" size=\"1\" \/>\n<p>&nbsp;<\/p>\n<p><strong>Vorgeh\u00e4ngte hinterl\u00fcftete Fassaden (VHF) <\/strong><\/p>\n<p>\u2026 erfreuen sich nicht zuletzt wegen ihrer enormen Gestaltungsfreiheit (Putz, Glas, Glasmosaik, Metall, Naturwerkstein, Keramik \u2013 und inzwischen auch Solarmodule) \u2013 einer wachsenden Beliebtheit. Die konstruktive Trennung von W\u00e4rmeschutz und Witterungsschutz verleiht dem System eine hohe Langlebigkeit mit gro\u00dfen Instandhaltungsintervallen und darum eine hohe Wirtschaftlichkeit. Individuell bemessene D\u00e4mmstoffdicken erm\u00f6glichen sowohl im Neubau wie in der Sanierung Energieeinsparungen bis zum Passivhausniveau. Das Luftpolster zwischen D\u00e4mmung und Bekleidung f\u00fchrt mit der aufsteigenden Luft Feuchte ab und verbessert den Schallschutz. Bei der Integration von Photovoltaik-Paneelen erlaubt der L\u00fcftungsspalt au\u00dferdem einfache elektrische Anschlussl\u00f6sungen im nicht sichtbaren Bereich. Wegen der Befestigung auf einer Unterkonstruktion eignet sich die VHF auch f\u00fcr unebene oder nicht klebef\u00e4hige Untergr\u00fcnde und l\u00f6st so auch schwierige Sanierungsf\u00e4lle.<\/p>\n<p>&nbsp;<\/p>\n<hr noshade=\"noshade\" size=\"1\" \/>\n<p>&nbsp;<\/p>\n<table style=\"height: 1887px;\" border=\"0\" width=\"674\" cellspacing=\"0\" cellpadding=\"0\">\n<tbody>\n<tr>\n<td valign=\"top\" width=\"370\" height=\"25\"><a href=\"http:\/\/www.pr-neu.de\/newsroom\/wordpress\/wp-content\/uploads\/2012\/10\/12-40-Oberstetten_G.jpg\"><img loading=\"lazy\" decoding=\"async\" class=\"size-medium wp-image-13329\" src=\"http:\/\/www.pr-neu.de\/newsroom\/wordpress\/wp-content\/uploads\/2012\/10\/12-40-Oberstetten_G-300x201.jpg\" alt=\"\" width=\"300\" height=\"201\" srcset=\"https:\/\/www.pr-neu.de\/newsroom\/wordpress\/wp-content\/uploads\/2012\/10\/12-40-Oberstetten_G-300x201.jpg 300w, https:\/\/www.pr-neu.de\/newsroom\/wordpress\/wp-content\/uploads\/2012\/10\/12-40-Oberstetten_G-1024x687.jpg 1024w, https:\/\/www.pr-neu.de\/newsroom\/wordpress\/wp-content\/uploads\/2012\/10\/12-40-Oberstetten_G-768x516.jpg 768w, https:\/\/www.pr-neu.de\/newsroom\/wordpress\/wp-content\/uploads\/2012\/10\/12-40-Oberstetten_G-1536x1031.jpg 1536w, https:\/\/www.pr-neu.de\/newsroom\/wordpress\/wp-content\/uploads\/2012\/10\/12-40-Oberstetten_G-110x74.jpg 110w, https:\/\/www.pr-neu.de\/newsroom\/wordpress\/wp-content\/uploads\/2012\/10\/12-40-Oberstetten_G-420x282.jpg 420w, https:\/\/www.pr-neu.de\/newsroom\/wordpress\/wp-content\/uploads\/2012\/10\/12-40-Oberstetten_G-641x430.jpg 641w, https:\/\/www.pr-neu.de\/newsroom\/wordpress\/wp-content\/uploads\/2012\/10\/12-40-Oberstetten_G.jpg 1795w\" sizes=\"auto, (max-width: 300px) 100vw, 300px\" \/><\/a><\/td>\n<td>Lohmann Architekten entwarfen dieses \u201eEinfamilienhaus der n\u00e4chsten Generation\u201c f\u00fcr Sch\u00f6ner Wohnen. Die nach S\u00fcden und Westen ausgerichteten PV-Module sorgen f\u00fcr 6,4 kWp.<\/p>\n<p>Bild: J\u00fcrgen Lippert, Wannweil<\/td>\n<\/tr>\n<tr>\n<td valign=\"top\" width=\"370\" height=\"25\"><a href=\"http:\/\/www.pr-neu.de\/newsroom\/wordpress\/wp-content\/uploads\/2012\/10\/12-40-AIG-Gotha_G.jpg\"><img loading=\"lazy\" decoding=\"async\" class=\"size-medium wp-image-13330\" src=\"http:\/\/www.pr-neu.de\/newsroom\/wordpress\/wp-content\/uploads\/2012\/10\/12-40-AIG-Gotha_G-201x300.jpg\" alt=\"\" width=\"201\" height=\"300\" srcset=\"https:\/\/www.pr-neu.de\/newsroom\/wordpress\/wp-content\/uploads\/2012\/10\/12-40-AIG-Gotha_G-201x300.jpg 201w, https:\/\/www.pr-neu.de\/newsroom\/wordpress\/wp-content\/uploads\/2012\/10\/12-40-AIG-Gotha_G-687x1024.jpg 687w, https:\/\/www.pr-neu.de\/newsroom\/wordpress\/wp-content\/uploads\/2012\/10\/12-40-AIG-Gotha_G-768x1144.jpg 768w, https:\/\/www.pr-neu.de\/newsroom\/wordpress\/wp-content\/uploads\/2012\/10\/12-40-AIG-Gotha_G-1031x1536.jpg 1031w, https:\/\/www.pr-neu.de\/newsroom\/wordpress\/wp-content\/uploads\/2012\/10\/12-40-AIG-Gotha_G-74x110.jpg 74w, https:\/\/www.pr-neu.de\/newsroom\/wordpress\/wp-content\/uploads\/2012\/10\/12-40-AIG-Gotha_G-282x420.jpg 282w, https:\/\/www.pr-neu.de\/newsroom\/wordpress\/wp-content\/uploads\/2012\/10\/12-40-AIG-Gotha_G-289x430.jpg 289w, https:\/\/www.pr-neu.de\/newsroom\/wordpress\/wp-content\/uploads\/2012\/10\/12-40-AIG-Gotha_G.jpg 1205w\" sizes=\"auto, (max-width: 201px) 100vw, 201px\" \/><\/a><\/td>\n<td>Das im Zuge einer Sanierung von AIG Gotha neu konzipierte Treppenhaus an einem Geb\u00e4ude der Universit\u00e4t Erfurt ist mit 352 Solarmodulen best\u00fcckt, die 28,16 kWp leisten.<\/p>\n<p>Bild: Matthias Frank Schmidt, Erfurt<\/td>\n<\/tr>\n<tr>\n<td valign=\"top\" width=\"370\" height=\"25\"><a href=\"http:\/\/www.pr-neu.de\/newsroom\/wordpress\/wp-content\/uploads\/2012\/10\/12-40-Kaco_G-1.jpg\"><img loading=\"lazy\" decoding=\"async\" class=\"size-medium wp-image-13331\" src=\"http:\/\/www.pr-neu.de\/newsroom\/wordpress\/wp-content\/uploads\/2012\/10\/12-40-Kaco_G-1-300x239.jpg\" alt=\"\" width=\"300\" height=\"239\" srcset=\"https:\/\/www.pr-neu.de\/newsroom\/wordpress\/wp-content\/uploads\/2012\/10\/12-40-Kaco_G-1-300x239.jpg 300w, https:\/\/www.pr-neu.de\/newsroom\/wordpress\/wp-content\/uploads\/2012\/10\/12-40-Kaco_G-1-1024x817.jpg 1024w, https:\/\/www.pr-neu.de\/newsroom\/wordpress\/wp-content\/uploads\/2012\/10\/12-40-Kaco_G-1-768x613.jpg 768w, https:\/\/www.pr-neu.de\/newsroom\/wordpress\/wp-content\/uploads\/2012\/10\/12-40-Kaco_G-1-1536x1226.jpg 1536w, https:\/\/www.pr-neu.de\/newsroom\/wordpress\/wp-content\/uploads\/2012\/10\/12-40-Kaco_G-1-110x88.jpg 110w, https:\/\/www.pr-neu.de\/newsroom\/wordpress\/wp-content\/uploads\/2012\/10\/12-40-Kaco_G-1-420x335.jpg 420w, https:\/\/www.pr-neu.de\/newsroom\/wordpress\/wp-content\/uploads\/2012\/10\/12-40-Kaco_G-1-539x430.jpg 539w, https:\/\/www.pr-neu.de\/newsroom\/wordpress\/wp-content\/uploads\/2012\/10\/12-40-Kaco_G-1.jpg 1795w\" sizes=\"auto, (max-width: 300px) 100vw, 300px\" \/><\/a><\/td>\n<td>StoVentec ARTline kam bei einem Neubau der KACO new energy in Neckarsulm auf 1.500 Quadratmetern zum Einsatz (148 kWp). Schleifenheimer Architekten aus Coburg entschieden sich f\u00fcr die schienenbefestigte Systemvariante \u201eInlay\u201c.<\/p>\n<p>Bild: Andi Schmid, M\u00fcnchen<\/td>\n<\/tr>\n<tr>\n<td valign=\"top\" width=\"370\" height=\"25\"><a href=\"http:\/\/www.pr-neu.de\/newsroom\/wordpress\/wp-content\/uploads\/2012\/10\/12-40-Plusenergiehaus_G.jpg\"><img loading=\"lazy\" decoding=\"async\" class=\"size-medium wp-image-13332\" src=\"http:\/\/www.pr-neu.de\/newsroom\/wordpress\/wp-content\/uploads\/2012\/10\/12-40-Plusenergiehaus_G-300x201.jpg\" alt=\"\" width=\"300\" height=\"201\" srcset=\"https:\/\/www.pr-neu.de\/newsroom\/wordpress\/wp-content\/uploads\/2012\/10\/12-40-Plusenergiehaus_G-300x201.jpg 300w, https:\/\/www.pr-neu.de\/newsroom\/wordpress\/wp-content\/uploads\/2012\/10\/12-40-Plusenergiehaus_G-1024x687.jpg 1024w, https:\/\/www.pr-neu.de\/newsroom\/wordpress\/wp-content\/uploads\/2012\/10\/12-40-Plusenergiehaus_G-768x516.jpg 768w, https:\/\/www.pr-neu.de\/newsroom\/wordpress\/wp-content\/uploads\/2012\/10\/12-40-Plusenergiehaus_G-1536x1031.jpg 1536w, https:\/\/www.pr-neu.de\/newsroom\/wordpress\/wp-content\/uploads\/2012\/10\/12-40-Plusenergiehaus_G-110x74.jpg 110w, https:\/\/www.pr-neu.de\/newsroom\/wordpress\/wp-content\/uploads\/2012\/10\/12-40-Plusenergiehaus_G-420x282.jpg 420w, https:\/\/www.pr-neu.de\/newsroom\/wordpress\/wp-content\/uploads\/2012\/10\/12-40-Plusenergiehaus_G-641x430.jpg 641w, https:\/\/www.pr-neu.de\/newsroom\/wordpress\/wp-content\/uploads\/2012\/10\/12-40-Plusenergiehaus_G.jpg 1795w\" sizes=\"auto, (max-width: 300px) 100vw, 300px\" \/><\/a><\/td>\n<td>Werner Sobek entwarf das Berliner Effizienzhaus Plus im Auf-trag des Bundesbauministeriums. Auf der Nordseite erg\u00e4nzen schwarze Paneele des VHF-Systems StoVentec Glas die auf der S\u00fcdfassade (rechts im Bild) montierten CIS-Module.<\/p>\n<p>Bild: Matthias Koslik, Berlin<\/td>\n<\/tr>\n<tr>\n<td valign=\"top\" width=\"370\" height=\"25\"><a href=\"http:\/\/www.pr-neu.de\/newsroom\/wordpress\/wp-content\/uploads\/2012\/10\/12-40-Systemaufbau-Invisible_G.jpg\"><img loading=\"lazy\" decoding=\"async\" class=\"size-medium wp-image-13333\" src=\"http:\/\/www.pr-neu.de\/newsroom\/wordpress\/wp-content\/uploads\/2012\/10\/12-40-Systemaufbau-Invisible_G-300x201.jpg\" alt=\"\" width=\"300\" height=\"201\" srcset=\"https:\/\/www.pr-neu.de\/newsroom\/wordpress\/wp-content\/uploads\/2012\/10\/12-40-Systemaufbau-Invisible_G-300x201.jpg 300w, https:\/\/www.pr-neu.de\/newsroom\/wordpress\/wp-content\/uploads\/2012\/10\/12-40-Systemaufbau-Invisible_G-1024x687.jpg 1024w, https:\/\/www.pr-neu.de\/newsroom\/wordpress\/wp-content\/uploads\/2012\/10\/12-40-Systemaufbau-Invisible_G-768x516.jpg 768w, https:\/\/www.pr-neu.de\/newsroom\/wordpress\/wp-content\/uploads\/2012\/10\/12-40-Systemaufbau-Invisible_G-1536x1031.jpg 1536w, https:\/\/www.pr-neu.de\/newsroom\/wordpress\/wp-content\/uploads\/2012\/10\/12-40-Systemaufbau-Invisible_G-110x74.jpg 110w, https:\/\/www.pr-neu.de\/newsroom\/wordpress\/wp-content\/uploads\/2012\/10\/12-40-Systemaufbau-Invisible_G-420x282.jpg 420w, https:\/\/www.pr-neu.de\/newsroom\/wordpress\/wp-content\/uploads\/2012\/10\/12-40-Systemaufbau-Invisible_G-641x430.jpg 641w, https:\/\/www.pr-neu.de\/newsroom\/wordpress\/wp-content\/uploads\/2012\/10\/12-40-Systemaufbau-Invisible_G.jpg 1795w\" sizes=\"auto, (max-width: 300px) 100vw, 300px\" \/><\/a><\/td>\n<td>Systemaufbau StoVentec ARTline Invisible.<\/p>\n<p>Bild: Sto AG<\/td>\n<\/tr>\n<tr>\n<td valign=\"top\" width=\"370\" height=\"25\"><a href=\"http:\/\/www.pr-neu.de\/newsroom\/wordpress\/wp-content\/uploads\/2012\/10\/12-40-Systemaufbau-Inlay_G.jpg\"><img loading=\"lazy\" decoding=\"async\" class=\"size-medium wp-image-13334\" src=\"http:\/\/www.pr-neu.de\/newsroom\/wordpress\/wp-content\/uploads\/2012\/10\/12-40-Systemaufbau-Inlay_G-300x201.jpg\" alt=\"\" width=\"300\" height=\"201\" srcset=\"https:\/\/www.pr-neu.de\/newsroom\/wordpress\/wp-content\/uploads\/2012\/10\/12-40-Systemaufbau-Inlay_G-300x201.jpg 300w, https:\/\/www.pr-neu.de\/newsroom\/wordpress\/wp-content\/uploads\/2012\/10\/12-40-Systemaufbau-Inlay_G-1024x687.jpg 1024w, https:\/\/www.pr-neu.de\/newsroom\/wordpress\/wp-content\/uploads\/2012\/10\/12-40-Systemaufbau-Inlay_G-768x516.jpg 768w, https:\/\/www.pr-neu.de\/newsroom\/wordpress\/wp-content\/uploads\/2012\/10\/12-40-Systemaufbau-Inlay_G-1536x1031.jpg 1536w, https:\/\/www.pr-neu.de\/newsroom\/wordpress\/wp-content\/uploads\/2012\/10\/12-40-Systemaufbau-Inlay_G-110x74.jpg 110w, https:\/\/www.pr-neu.de\/newsroom\/wordpress\/wp-content\/uploads\/2012\/10\/12-40-Systemaufbau-Inlay_G-420x282.jpg 420w, https:\/\/www.pr-neu.de\/newsroom\/wordpress\/wp-content\/uploads\/2012\/10\/12-40-Systemaufbau-Inlay_G-641x430.jpg 641w, https:\/\/www.pr-neu.de\/newsroom\/wordpress\/wp-content\/uploads\/2012\/10\/12-40-Systemaufbau-Inlay_G.jpg 1795w\" sizes=\"auto, (max-width: 300px) 100vw, 300px\" \/><\/a><\/td>\n<td>Systemaufbau StoVentec ARTline Inlay.<\/p>\n<p>Bild: Sto AG<\/td>\n<\/tr>\n<\/tbody>\n<\/table>\n<p>&nbsp;<\/p>\n<hr noshade=\"noshade\" size=\"1\" \/>\n<p>&nbsp;<\/p>\n<p>Abdruck honorarfrei, Belegexemplar erbeten<\/p>\n<p>&nbsp;<\/p>\n","protected":false},"excerpt":{"rendered":"<p>StoVentec ARTline: Photovoltaic-VHF von Sto auf der BAU2013 Integrierte Photovoltaik-Module verwandeln vorgeh\u00e4ngte hinterl\u00fcftete Fassaden in ertragreiche Stromlieferanten. StoVentec ARTline bietet moderne D\u00e4mmstandards und aktive Energieerzeugung in zwei gestalterisch anspruchsvollen Systemvarianten: nicht sichtbar befestigt und schienenfixiert. Nur energieeffiziente Geb\u00e4ude k\u00f6nnen die f\u00fcr Heizung, Warmwasser und sonstige Haustechnik ben\u00f6tigte Energie zu einem gro\u00dfen Teil von der Sonne [&hellip;]<\/p>\n","protected":false},"author":6,"featured_media":8237,"comment_status":"closed","ping_status":"open","sticky":false,"template":"","format":"standard","meta":{"footnotes":""},"categories":[3,6,15],"tags":[64,73,538],"class_list":["post-1412","post","type-post","status-publish","format-standard","has-post-thumbnail","hentry","category-kundenmeldungen","category-messen","category-sto","tag-artline","tag-bau","tag-stoventec"],"_links":{"self":[{"href":"https:\/\/www.pr-neu.de\/newsroom\/wp-json\/wp\/v2\/posts\/1412","targetHints":{"allow":["GET"]}}],"collection":[{"href":"https:\/\/www.pr-neu.de\/newsroom\/wp-json\/wp\/v2\/posts"}],"about":[{"href":"https:\/\/www.pr-neu.de\/newsroom\/wp-json\/wp\/v2\/types\/post"}],"author":[{"embeddable":true,"href":"https:\/\/www.pr-neu.de\/newsroom\/wp-json\/wp\/v2\/users\/6"}],"replies":[{"embeddable":true,"href":"https:\/\/www.pr-neu.de\/newsroom\/wp-json\/wp\/v2\/comments?post=1412"}],"version-history":[{"count":5,"href":"https:\/\/www.pr-neu.de\/newsroom\/wp-json\/wp\/v2\/posts\/1412\/revisions"}],"predecessor-version":[{"id":13336,"href":"https:\/\/www.pr-neu.de\/newsroom\/wp-json\/wp\/v2\/posts\/1412\/revisions\/13336"}],"wp:featuredmedia":[{"embeddable":true,"href":"https:\/\/www.pr-neu.de\/newsroom\/wp-json\/wp\/v2\/media\/8237"}],"wp:attachment":[{"href":"https:\/\/www.pr-neu.de\/newsroom\/wp-json\/wp\/v2\/media?parent=1412"}],"wp:term":[{"taxonomy":"category","embeddable":true,"href":"https:\/\/www.pr-neu.de\/newsroom\/wp-json\/wp\/v2\/categories?post=1412"},{"taxonomy":"post_tag","embeddable":true,"href":"https:\/\/www.pr-neu.de\/newsroom\/wp-json\/wp\/v2\/tags?post=1412"}],"curies":[{"name":"wp","href":"https:\/\/api.w.org\/{rel}","templated":true}]}}