{"id":14118,"date":"2021-04-19T09:24:08","date_gmt":"2021-04-19T07:24:08","guid":{"rendered":"https:\/\/www.pr-neu.de\/newsroom\/?p=14118"},"modified":"2021-04-19T09:24:50","modified_gmt":"2021-04-19T07:24:50","slug":"mehr-als-eine-laube","status":"publish","type":"post","link":"https:\/\/www.pr-neu.de\/newsroom\/mehr-als-eine-laube\/","title":{"rendered":"Mehr als eine Laube"},"content":{"rendered":"<p><u>DIY-Trend: Gartenhaus de luxe<\/u><\/p>\n<p>Zieht uns die Sonne in den Garten, steigt die Sehnsucht, Zeit drau\u00dfen zu verbringen. Ein H\u00e4uschen kann den Tag im Garten verl\u00e4ngern (oder als Stauraum f\u00fcr Werkzeug und Sportger\u00e4te dienen). Ge\u00fcbte Heimwerker erf\u00fcllen sich diesen Wunsch selbst. Wichtig dabei: die Wahl von Baustoffen, die Wind und Wetter widerstehen.<\/p>\n<p>Beim Gedanke an die Gartenlaube steigt zun\u00e4chst das Bild einer Holzh\u00fctte vor das geistige Auge. Der Werkstoff bietet sich gerade f\u00fcr Heimwerker an: Die meisten sind im Umgang mit Holz versiert, Spezial-Werkzeug wird nicht gebraucht. Hoch\u00adwertiger \u2013 aber nicht schwieriger zu bauen \u2013 wird das Garten\u00adhaus, wenn das Holztragwerk mit widerstandsf\u00e4higen Bl\u00e4hglas-Platten verkleidet und so zum stabilen, wartungsarmen \u201eTiny-House\u201c mit exzellenter Aufenthaltsqualit\u00e4t wird. Besonders eignet sich \u201eVeroBoard Rapid\u201c: Die Platte vereint einfache Verarbeitung, Dauerhaftigkeit und hohe Wetterbest\u00e4ndigkeit, sie widersteht Frost, Wind und Regen. Hinzu kommt die ideale Putzhaftung: So entstehen Fassaden wie bei einem Wohnhaus.<\/p>\n<p>Die Platte wird einfach direkt auf die Tragkonstruktion verschraubt, nachfolgende Arbeitsschritte wie das Verputzen sind ebenso einfach auszuf\u00fchren. Mit \u201eVeroBoard Rapid Silikat Spachtel\u201c gibt es zudem einen optimal auf die Leichtbauplatte abgestimmten Innenraum-Spachtel, der verarbeitungsfertig aus dem Eimer kommt und mit einer Farbe als Finish frei gestaltbar ist.<\/p>\n<p>Die umweltfreundliche Platte besteht zu 96 Prozent aus Bl\u00e4h\u00adglas (Recyclingglas) und enth\u00e4lt keine gesundheitssch\u00e4dlichen Zusatzstoffe. Oft gen\u00fcgt es, das St\u00e4nderwerk innen und au\u00dfen einlagig zu beplanken: Bleibt das Gartenhaus unbeheizt, muss es nicht unbedingt ged\u00e4mmt werden. Je \u00f6fter das Gartenhaus zum Aufenthaltsraum wird, desto eher empfiehlt sich eine Kern-D\u00e4mmung, um die W\u00e4rme l\u00e4nger zu halten. Schadstofffrei und schimmelhemmend sorgt die Leichtbauplatte zudem f\u00fcr gesundes Raumklima. So wird aus dem einfachen Gartenhaus ein hochwertiges Mini-Haus f\u00fcr gem\u00fctliche Abende.<\/p>\n<p>Tipp: Je mehr aus dem urspr\u00fcnglichen Schuppen ein kleines Haus wird, desto wahrscheinlicher wird eine Baugenehmigung erforderlich sein. Fragen Sie sicherheitshalber vorher bei einem Architekten oder beim Bauamt.<\/p>\n<p>&nbsp;<\/p>\n<hr \/>\n<p>&nbsp;<\/p>\n<p>Ab Fr\u00fchsommer geht es raus in den Garten. Um dies auch bei schlechtem Wetter genie\u00dfen zu k\u00f6nnen, bauen sich viele Eigent\u00fcmer ein Gartenhaus \u2013 eine Holzh\u00fctte oder gar ein Mini-Wohnhaus. Drei Beispiele:<\/p>\n<p>&nbsp;<\/p>\n<p><a href=\"http:\/\/www.pr-neu.de\/newsroom\/wordpress\/wp-content\/uploads\/2021\/04\/21-02_Gartenhaus_01_K.jpg\" target=\"_blank\" rel=\"noopener\"><img loading=\"lazy\" decoding=\"async\" class=\"aligncenter wp-image-14119 size-medium\" src=\"http:\/\/www.pr-neu.de\/newsroom\/wordpress\/wp-content\/uploads\/2021\/04\/21-02_Gartenhaus_01_K-300x200.jpg\" alt=\"\" width=\"300\" height=\"200\" srcset=\"https:\/\/www.pr-neu.de\/newsroom\/wordpress\/wp-content\/uploads\/2021\/04\/21-02_Gartenhaus_01_K-300x200.jpg 300w, https:\/\/www.pr-neu.de\/newsroom\/wordpress\/wp-content\/uploads\/2021\/04\/21-02_Gartenhaus_01_K-1024x683.jpg 1024w, https:\/\/www.pr-neu.de\/newsroom\/wordpress\/wp-content\/uploads\/2021\/04\/21-02_Gartenhaus_01_K-768x512.jpg 768w, https:\/\/www.pr-neu.de\/newsroom\/wordpress\/wp-content\/uploads\/2021\/04\/21-02_Gartenhaus_01_K-1536x1024.jpg 1536w, https:\/\/www.pr-neu.de\/newsroom\/wordpress\/wp-content\/uploads\/2021\/04\/21-02_Gartenhaus_01_K-2048x1365.jpg 2048w, https:\/\/www.pr-neu.de\/newsroom\/wordpress\/wp-content\/uploads\/2021\/04\/21-02_Gartenhaus_01_K-110x73.jpg 110w, https:\/\/www.pr-neu.de\/newsroom\/wordpress\/wp-content\/uploads\/2021\/04\/21-02_Gartenhaus_01_K-420x280.jpg 420w, https:\/\/www.pr-neu.de\/newsroom\/wordpress\/wp-content\/uploads\/2021\/04\/21-02_Gartenhaus_01_K-645x430.jpg 645w\" sizes=\"auto, (max-width: 300px) 100vw, 300px\" \/><\/a><\/p>\n<p style=\"text-align: center;\">Gartenh\u00e4uschen der Familie D. im Donautal: Gem\u00fctlicher Platz f\u00fcr gesellige Abende mit Freunden.<\/p>\n<p style=\"text-align: center;\">Foto: Eckhart Matthaeus \/ Verotec<\/p>\n<p>&nbsp;<\/p>\n<p><a href=\"http:\/\/www.pr-neu.de\/newsroom\/wordpress\/wp-content\/uploads\/2021\/04\/21-02_Gartenhaus_02_K.jpg\" target=\"_blank\" rel=\"noopener\"><img loading=\"lazy\" decoding=\"async\" class=\"aligncenter wp-image-14120 size-medium\" src=\"http:\/\/www.pr-neu.de\/newsroom\/wordpress\/wp-content\/uploads\/2021\/04\/21-02_Gartenhaus_02_K-300x251.jpg\" alt=\"\" width=\"300\" height=\"251\" srcset=\"https:\/\/www.pr-neu.de\/newsroom\/wordpress\/wp-content\/uploads\/2021\/04\/21-02_Gartenhaus_02_K-300x250.jpg 300w, https:\/\/www.pr-neu.de\/newsroom\/wordpress\/wp-content\/uploads\/2021\/04\/21-02_Gartenhaus_02_K-1024x858.jpg 1024w, https:\/\/www.pr-neu.de\/newsroom\/wordpress\/wp-content\/uploads\/2021\/04\/21-02_Gartenhaus_02_K-768x643.jpg 768w, https:\/\/www.pr-neu.de\/newsroom\/wordpress\/wp-content\/uploads\/2021\/04\/21-02_Gartenhaus_02_K-1536x1286.jpg 1536w, https:\/\/www.pr-neu.de\/newsroom\/wordpress\/wp-content\/uploads\/2021\/04\/21-02_Gartenhaus_02_K-2048x1715.jpg 2048w, https:\/\/www.pr-neu.de\/newsroom\/wordpress\/wp-content\/uploads\/2021\/04\/21-02_Gartenhaus_02_K-110x92.jpg 110w, https:\/\/www.pr-neu.de\/newsroom\/wordpress\/wp-content\/uploads\/2021\/04\/21-02_Gartenhaus_02_K-420x352.jpg 420w, https:\/\/www.pr-neu.de\/newsroom\/wordpress\/wp-content\/uploads\/2021\/04\/21-02_Gartenhaus_02_K-513x430.jpg 513w\" sizes=\"auto, (max-width: 300px) 100vw, 300px\" \/><\/a><\/p>\n<p style=\"text-align: center;\">Urspr\u00fcnglich als Schuppen geplant, realisierte Familie B. aus Aichach ein hochwertiges Gartenh\u00e4uschen mit W\u00e4nden aus VeroBoard Rapid \u2013 nicht nur f\u00fcr Werkzeug und Ger\u00e4t.<\/p>\n<p style=\"text-align: center;\">Foto: Reinhold Bader \/ Verotec<\/p>\n<p>&nbsp;<\/p>\n<p><a href=\"http:\/\/www.pr-neu.de\/newsroom\/wordpress\/wp-content\/uploads\/2021\/04\/21-02_Gartenhaus_03_K.jpg\" target=\"_blank\" rel=\"noopener\"><img loading=\"lazy\" decoding=\"async\" class=\"aligncenter wp-image-14121 size-medium\" src=\"http:\/\/www.pr-neu.de\/newsroom\/wordpress\/wp-content\/uploads\/2021\/04\/21-02_Gartenhaus_03_K-300x196.jpg\" alt=\"\" width=\"300\" height=\"196\" srcset=\"https:\/\/www.pr-neu.de\/newsroom\/wordpress\/wp-content\/uploads\/2021\/04\/21-02_Gartenhaus_03_K-300x196.jpg 300w, https:\/\/www.pr-neu.de\/newsroom\/wordpress\/wp-content\/uploads\/2021\/04\/21-02_Gartenhaus_03_K-1024x670.jpg 1024w, https:\/\/www.pr-neu.de\/newsroom\/wordpress\/wp-content\/uploads\/2021\/04\/21-02_Gartenhaus_03_K-768x503.jpg 768w, https:\/\/www.pr-neu.de\/newsroom\/wordpress\/wp-content\/uploads\/2021\/04\/21-02_Gartenhaus_03_K-1536x1005.jpg 1536w, https:\/\/www.pr-neu.de\/newsroom\/wordpress\/wp-content\/uploads\/2021\/04\/21-02_Gartenhaus_03_K-2048x1341.jpg 2048w, https:\/\/www.pr-neu.de\/newsroom\/wordpress\/wp-content\/uploads\/2021\/04\/21-02_Gartenhaus_03_K-110x72.jpg 110w, https:\/\/www.pr-neu.de\/newsroom\/wordpress\/wp-content\/uploads\/2021\/04\/21-02_Gartenhaus_03_K-420x275.jpg 420w, https:\/\/www.pr-neu.de\/newsroom\/wordpress\/wp-content\/uploads\/2021\/04\/21-02_Gartenhaus_03_K-657x430.jpg 657w\" sizes=\"auto, (max-width: 300px) 100vw, 300px\" \/><\/a><\/p>\n<p style=\"text-align: center;\">Seine neue Terrasse mit Pool erg\u00e4nzte Gerhard S. mit diesem modernen, selbst gebauten Gartenhaus, das sich harmonisch an die hochwertige Optik des Haupthauses anpasst.<\/p>\n<p style=\"text-align: center;\">Foto: Verotec<\/p>\n<p>&nbsp;<\/p>\n<hr \/>\n<p>&nbsp;<\/p>\n<p><strong>Hintergrund:<\/strong><\/p>\n<p><strong>Verotec<\/strong> (Lauingen\/Donau), bekannt als Hersteller von Systemen f\u00fcr vorgeh\u00e4ngte, hinterl\u00fcftete Fassaden und Akustik, ist Teil der Sto Group, agiert seit 2014 eigenst\u00e4ndig \u2013 mit eigenem Vertrieb, in neuen M\u00e4rkten. Die hochwertigen Leichtbauplatten aus Bl\u00e4hglas sind ausschlie\u00dflich \u00fcber den Fach- und Einzelhandel erh\u00e4ltlich. Weitere Verotec-Produkte und Infos \u00fcber Verotec unter www.verotec.de.<\/p>\n<p><strong>VeroBoard<\/strong><sup>\u00ae<\/sup><strong> Rapid<\/strong> ist die Verotec-Eigenmarke f\u00fcr Leichtbauprodukte im DIY. Sie basiert auf der dimensionsstabilen Leichtbauplatte, die mehr kann als herk\u00f6mmliche Bauplatten in Trockenbausystemen: Sie ist besonders leicht (5 kg\/m\u00b2), schnell und einfach zu verarbeiten, in Innenr\u00e4umen, Feuchtr\u00e4umen und auch au\u00dfen einsetzbar und deshalb besonders bei Heimwerkern beliebt. Schadstofffrei und diffusionsoffen tr\u00e4gt sie zu einem guten Wohlf\u00fchlklima im Raum bei. Zudem ist sie ein umwelt\u00adfreundliches Recycling-Produkt: VeroBoard<sup>\u00ae<\/sup> Rapid besteht zu 96 Pro\u00adzent aus Altglas (Bl\u00e4hglas). Formate: Handliche 80 x 120 cm, f\u00fcr den gro\u00df\u00adfl\u00e4chigen Einsatz 120 x 240 cm. Als Erg\u00e4nzungsprodukt unterst\u00fctzt der mineralische und schadstoffarme Silikat-Spachtel das Raumklima in sensiblen Wohnumgebungen, hemmt die Bildung von Schimmel und ist ideal zum Gl\u00e4tten von Untergr\u00fcnden f\u00fcr VeroBoard Rapid Leichtbaukonstruktionen.<\/p>\n<p><a href=\"http:\/\/www.veroboard-rapid.de\">www.veroboard-rapid.de<\/a><\/p>\n<p>&nbsp;<\/p>\n<p>Abdruck honorarfrei, Belegexemplar erbeten.<\/p>\n","protected":false},"excerpt":{"rendered":"<p>DIY-Trend: Gartenhaus de luxe Zieht uns die Sonne in den Garten, steigt die Sehnsucht, Zeit drau\u00dfen zu verbringen. Ein H\u00e4uschen kann den Tag im Garten verl\u00e4ngern (oder als Stauraum f\u00fcr Werkzeug und Sportger\u00e4te dienen). Ge\u00fcbte Heimwerker erf\u00fcllen sich diesen Wunsch selbst. Wichtig dabei: die Wahl von Baustoffen, die Wind und Wetter widerstehen. Beim Gedanke an [&hellip;]<\/p>\n","protected":false},"author":6,"featured_media":14119,"comment_status":"closed","ping_status":"open","sticky":false,"template":"","format":"standard","meta":{"footnotes":""},"categories":[22],"tags":[],"class_list":["post-14118","post","type-post","status-publish","format-standard","has-post-thumbnail","hentry","category-verotec"],"_links":{"self":[{"href":"https:\/\/www.pr-neu.de\/newsroom\/wp-json\/wp\/v2\/posts\/14118","targetHints":{"allow":["GET"]}}],"collection":[{"href":"https:\/\/www.pr-neu.de\/newsroom\/wp-json\/wp\/v2\/posts"}],"about":[{"href":"https:\/\/www.pr-neu.de\/newsroom\/wp-json\/wp\/v2\/types\/post"}],"author":[{"embeddable":true,"href":"https:\/\/www.pr-neu.de\/newsroom\/wp-json\/wp\/v2\/users\/6"}],"replies":[{"embeddable":true,"href":"https:\/\/www.pr-neu.de\/newsroom\/wp-json\/wp\/v2\/comments?post=14118"}],"version-history":[{"count":2,"href":"https:\/\/www.pr-neu.de\/newsroom\/wp-json\/wp\/v2\/posts\/14118\/revisions"}],"predecessor-version":[{"id":14123,"href":"https:\/\/www.pr-neu.de\/newsroom\/wp-json\/wp\/v2\/posts\/14118\/revisions\/14123"}],"wp:featuredmedia":[{"embeddable":true,"href":"https:\/\/www.pr-neu.de\/newsroom\/wp-json\/wp\/v2\/media\/14119"}],"wp:attachment":[{"href":"https:\/\/www.pr-neu.de\/newsroom\/wp-json\/wp\/v2\/media?parent=14118"}],"wp:term":[{"taxonomy":"category","embeddable":true,"href":"https:\/\/www.pr-neu.de\/newsroom\/wp-json\/wp\/v2\/categories?post=14118"},{"taxonomy":"post_tag","embeddable":true,"href":"https:\/\/www.pr-neu.de\/newsroom\/wp-json\/wp\/v2\/tags?post=14118"}],"curies":[{"name":"wp","href":"https:\/\/api.w.org\/{rel}","templated":true}]}}