{"id":14099,"date":"2021-04-15T09:06:44","date_gmt":"2021-04-15T07:06:44","guid":{"rendered":"https:\/\/www.pr-neu.de\/newsroom\/?p=14099"},"modified":"2021-04-15T09:15:58","modified_gmt":"2021-04-15T07:15:58","slug":"fassadendaemmung-kiefernoel-in-putzen-und-farben","status":"publish","type":"post","link":"https:\/\/www.pr-neu.de\/newsroom\/fassadendaemmung-kiefernoel-in-putzen-und-farben\/","title":{"rendered":"Fassadend\u00e4mmung: Kiefern\u00f6l in Putzen und Farben (EV)"},"content":{"rendered":"<p><u>StoTherm AimS \u2013 Mehr Gr\u00fcn im gelben Eimer<\/u><\/p>\n<p><strong>Das erste Fassadend\u00e4mmsystem, dessen Beschichtungen teilweise auf nachwachsenden Rohstoffen basieren, hei\u00dft StoTherm AimS. Es besteht aus umweltfreundlichen Unter- und Oberputzen, einer bionischen Fassadenfarbe sowie einem mineralischen D\u00e4mmstoff und ist somit doppelt umweltfreundlich: Zum einen spart es bereits bei der Herstellung Erd\u00f6l, zum anderen reduziert es w\u00e4hrend seiner Nutzung den Verbrauch von Heizenergie und die Freisetzung von CO2.<\/strong><\/p>\n<p>Leider ist unser Planet nicht \u201eunkaputtbar\u201c. Und kein Werbespruch hilft gegen die globale Erderw\u00e4rmung. Darum werden auch an Baumaterialien zunehmend strengere Ma\u00dfst\u00e4be angelegt. Aber wir brauchen Produkte und Systeme, die nicht nur oberfl\u00e4chlich \u201e\u00f6kologisch\u201c sind, sondern auch einem zweiten, kritischen Blick standhalten. Glasklar dabei: Es darf dabei keine Kompromisse bei der Qualit\u00e4t geben: Standsicherheit, Brandschutz, Energieeffizienz m\u00fcssen gew\u00e4hrleistet bleiben. Darum kennzeichnet Sto k\u00fcnftig besonders umweltfreundliche Bauprodukte, die zugleich 100-prozentig anwendungsorientiert sind, mit dem neuen Namenszusatz \u201eAimS\u201c (Aim Sustainability = Ziel Nachhaltigkeit).<\/p>\n<p><strong>Die NawaRos kommen<\/strong><\/p>\n<p>Beim Entwicklungsstart der neuen AimS-Produktwelt ging es darum, endliche Ressourcen so weit wie aktuell m\u00f6glich durch nachwachsende oder ausreichend verf\u00fcgbare Rohstoffe zu ersetzen. Ansatzpunkt war das Bindemittel, das in allen Putzen, Farben, M\u00f6rteln enthalten ist. Das neue StoTherm AimS ist ein nichtbrennbares W\u00e4rmed\u00e4mm-Verbundsystem. Es besteht aus einem mineralischen D\u00e4mmstoff und organischen Putzen. Mit der bionischen Fassadenfarbe StoColor Lotusan AimS kommt auf Wunsch ein hochfunktionaler Systemabschluss mit Lotus-Effect Technology hinzu. Bei den Beschichtungen ist es gelungen, jeweils etwa ein Drittel des Bindemittels durch einen nachwachsenden Rohstoff (NawaRo) auf der Grundlage von Kiefern\u00f6l zu ersetzen. Die Vorteile: Weniger Erd\u00f6lverbrauch und ein Ersatzstoff, der aus Resten der Holzverarbeitung gewonnen wird und nicht in Fl\u00e4chenkonkurrenz zur Lebensmittelproduktion steht. \u201eErd\u00f6lbasierte Bindemittel sind endlich. Wenn wir heute m\u00f6glichst viel davon durch Bindemittel aus nachwachsenden Rohstoffen ersetzen, sichern wir damit die Zukunft\u201c, bekr\u00e4ftigt die Ingenieurin f\u00fcr Farbe, Lack, Kunststoff, Gabriele Egle, die f\u00fcr die neuartigen Produkte mitverantwortlich war. StoTherm AimS ist mit dem Umweltzeichen \u201eDer Blauen Engel\u201c (RAL-UZ 140) zertifiziert, ist riss- und schlagsicher.<\/p>\n<p><strong>Ehrlich w\u00e4hrt am l\u00e4ngsten<\/strong><\/p>\n<p>Bleibt die Frage, warum nur 30 Prozent des Erd\u00f6ls im Bindemittel durch das Kiefern\u00f6l ersetzt wurden. Warum nicht mehr? Das Ergebnis liegt deshalb nicht bei 100 Prozent, da gleichzeitig keine Kompromisse bei der Qualit\u00e4t gemacht wurden. W\u00e4re der Anteil der nachwachsenden Rohstoffe gr\u00f6\u00dfer, m\u00fcssten nachteilig ver\u00e4nderte Eigenschaften (Aufziehverhalten, Vergilbungsneigung etc.) in Kauf genommen werden. Und weniger Produkte sind bekanntlich weniger nachhaltig. Darum hat Sto nachhaltige Produktentwicklungen mit dem Gebot der Praxistauglichkeit verkn\u00fcpft. Die neuen Produkte und Systeme der AimS-Familie enthalten nachpr\u00fcfbar \u2013 und nicht nur rechnerisch \u2013 das biologische Kiefern\u00f6l und bieten gleichzeitig die gewohnte Produktqualit\u00e4t von Sto-Profibaustoffen. Sie erlauben es der Bauherrschaft, eine klare Entscheidung beim Klima- und Ressourcenschutz zu treffen: Bei einem Einfamilienhaus mit etwa 200 Quadratmetern Fassadenfl\u00e4che verringert der Einsatz des weiterentwickelten Bindemittels den Erd\u00f6lverbrauch um rund 43 Liter. StoTherm AimS ist aktuell das einzige Fassadend\u00e4mmsystem mit Unter- beziehungsweise Oberputzen und einer Fassadenfarbe, die zum Teil auf nachwachsenden Rohstoffen basieren.<\/p>\n<p>&nbsp;<\/p>\n<hr \/>\n<p>&nbsp;<\/p>\n<p><em>Info-Kasten<\/em><br \/>\n<strong>Was ist eigentlich \u201enachhaltig\u201c?<\/strong><br \/>\nNachhaltig produzierte Produkte d\u00fcrfen nicht schon heute die Ressourcen (Rohstoffe, Luft, Wasser etc.) k\u00fcnftiger Generationen verbrauchen. Doch welche Entscheidungen und Handlungen hierzu beitragen, ist nicht immer leicht zu entscheiden. Mit der Nachhaltigkeit ist es manchmal so wie mit Lebensmittelverpackungen: In den am buntesten bedruckten Kartons steckt nicht zwangsl\u00e4ufig das beste Erzeugnis. Soll also ein bestehendes Produkt im Sinne der Nachhaltigkeit verbessert werden, muss ein m\u00f6glichst gro\u00dfer Teil der ben\u00f6tigten Ausgangsmaterialien durch nachwachsende (CO2-neutrale) oder wiederverwendete (recycelte) Rohstoffe ersetzt werden. Dazu kommt: Wir brauchen Produkte und Systeme, deren Qualit\u00e4t nicht unter den \u201eVerbesserungen\u201c leiden. Denn weniger praxisgerechte Produkte erfordern zus\u00e4tzliche Arbeit, verk\u00fcrzen Wartungsintervalle und m\u00fcssen fr\u00fcher ersetzt werden \u2013 kurzum: Sie scheinen nur nachhaltig zu sein. Sie sind es aber nicht.<\/p>\n<p>&nbsp;<\/p>\n<hr \/>\n<p>&nbsp;<\/p>\n<p><a href=\"http:\/\/www.pr-neu.de\/newsroom\/wordpress\/wp-content\/uploads\/2021\/04\/21-08_AimS_Systemskizze_K.jpg\" target=\"_blank\" rel=\"noopener\"><img loading=\"lazy\" decoding=\"async\" class=\"aligncenter wp-image-14088 size-medium\" src=\"http:\/\/www.pr-neu.de\/newsroom\/wordpress\/wp-content\/uploads\/2021\/04\/21-08_AimS_Systemskizze_K-200x300.jpg\" alt=\"\" width=\"200\" height=\"300\" srcset=\"https:\/\/www.pr-neu.de\/newsroom\/wordpress\/wp-content\/uploads\/2021\/04\/21-08_AimS_Systemskizze_K-200x300.jpg 200w, https:\/\/www.pr-neu.de\/newsroom\/wordpress\/wp-content\/uploads\/2021\/04\/21-08_AimS_Systemskizze_K-683x1024.jpg 683w, https:\/\/www.pr-neu.de\/newsroom\/wordpress\/wp-content\/uploads\/2021\/04\/21-08_AimS_Systemskizze_K-768x1152.jpg 768w, https:\/\/www.pr-neu.de\/newsroom\/wordpress\/wp-content\/uploads\/2021\/04\/21-08_AimS_Systemskizze_K-1024x1536.jpg 1024w, https:\/\/www.pr-neu.de\/newsroom\/wordpress\/wp-content\/uploads\/2021\/04\/21-08_AimS_Systemskizze_K-1365x2048.jpg 1365w, https:\/\/www.pr-neu.de\/newsroom\/wordpress\/wp-content\/uploads\/2021\/04\/21-08_AimS_Systemskizze_K-73x110.jpg 73w, https:\/\/www.pr-neu.de\/newsroom\/wordpress\/wp-content\/uploads\/2021\/04\/21-08_AimS_Systemskizze_K-280x420.jpg 280w, https:\/\/www.pr-neu.de\/newsroom\/wordpress\/wp-content\/uploads\/2021\/04\/21-08_AimS_Systemskizze_K-287x430.jpg 287w, https:\/\/www.pr-neu.de\/newsroom\/wordpress\/wp-content\/uploads\/2021\/04\/21-08_AimS_Systemskizze_K.jpg 1600w\" sizes=\"auto, (max-width: 200px) 100vw, 200px\" \/><\/a><\/p>\n<p style=\"text-align: center;\">Systemaufbau StoTherm AimS<\/p>\n<p style=\"text-align: center;\">Bild: Sto SE &amp; Co. KGaA<\/p>\n<p>&nbsp;<\/p>\n<p><a href=\"http:\/\/www.pr-neu.de\/newsroom\/wordpress\/wp-content\/uploads\/2021\/04\/21-08_Egle_K.jpg\" target=\"_blank\" rel=\"noopener\"><img loading=\"lazy\" decoding=\"async\" class=\"aligncenter wp-image-14100 size-medium\" src=\"http:\/\/www.pr-neu.de\/newsroom\/wordpress\/wp-content\/uploads\/2021\/04\/21-08_Egle_K-300x200.jpg\" alt=\"\" width=\"300\" height=\"200\" srcset=\"https:\/\/www.pr-neu.de\/newsroom\/wordpress\/wp-content\/uploads\/2021\/04\/21-08_Egle_K-300x200.jpg 300w, https:\/\/www.pr-neu.de\/newsroom\/wordpress\/wp-content\/uploads\/2021\/04\/21-08_Egle_K-1024x683.jpg 1024w, https:\/\/www.pr-neu.de\/newsroom\/wordpress\/wp-content\/uploads\/2021\/04\/21-08_Egle_K-768x512.jpg 768w, https:\/\/www.pr-neu.de\/newsroom\/wordpress\/wp-content\/uploads\/2021\/04\/21-08_Egle_K-1536x1024.jpg 1536w, https:\/\/www.pr-neu.de\/newsroom\/wordpress\/wp-content\/uploads\/2021\/04\/21-08_Egle_K-2048x1365.jpg 2048w, https:\/\/www.pr-neu.de\/newsroom\/wordpress\/wp-content\/uploads\/2021\/04\/21-08_Egle_K-110x73.jpg 110w, https:\/\/www.pr-neu.de\/newsroom\/wordpress\/wp-content\/uploads\/2021\/04\/21-08_Egle_K-420x280.jpg 420w, https:\/\/www.pr-neu.de\/newsroom\/wordpress\/wp-content\/uploads\/2021\/04\/21-08_Egle_K-645x430.jpg 645w\" sizes=\"auto, (max-width: 300px) 100vw, 300px\" \/><\/a><\/p>\n<p style=\"text-align: center;\">\u201eEs geht um Qualit\u00e4t, Klimaschutz und Ressourcen-schonung\u201c fasst die Ingenieurin Gabriele Egle, ihre Leitlinien bei der Entwicklung der neuen AimS-Produkte zusammen.<\/p>\n<p style=\"text-align: center;\">Bild: Martin Baitinger \/ Sto SE &amp; Co. KGaA<\/p>\n<p>&nbsp;<\/p>\n<p><a href=\"http:\/\/www.pr-neu.de\/newsroom\/wordpress\/wp-content\/uploads\/2021\/04\/21-08_AimS_AdobeStock_293116285_K.jpeg\" target=\"_blank\" rel=\"noopener\"><img loading=\"lazy\" decoding=\"async\" class=\"aligncenter wp-image-14089 size-medium\" src=\"http:\/\/www.pr-neu.de\/newsroom\/wordpress\/wp-content\/uploads\/2021\/04\/21-08_AimS_AdobeStock_293116285_K-300x200.jpeg\" alt=\"\" width=\"300\" height=\"200\" srcset=\"https:\/\/www.pr-neu.de\/newsroom\/wordpress\/wp-content\/uploads\/2021\/04\/21-08_AimS_AdobeStock_293116285_K-300x200.jpeg 300w, https:\/\/www.pr-neu.de\/newsroom\/wordpress\/wp-content\/uploads\/2021\/04\/21-08_AimS_AdobeStock_293116285_K-1024x683.jpeg 1024w, https:\/\/www.pr-neu.de\/newsroom\/wordpress\/wp-content\/uploads\/2021\/04\/21-08_AimS_AdobeStock_293116285_K-768x512.jpeg 768w, https:\/\/www.pr-neu.de\/newsroom\/wordpress\/wp-content\/uploads\/2021\/04\/21-08_AimS_AdobeStock_293116285_K-1536x1024.jpeg 1536w, https:\/\/www.pr-neu.de\/newsroom\/wordpress\/wp-content\/uploads\/2021\/04\/21-08_AimS_AdobeStock_293116285_K-2048x1365.jpeg 2048w, https:\/\/www.pr-neu.de\/newsroom\/wordpress\/wp-content\/uploads\/2021\/04\/21-08_AimS_AdobeStock_293116285_K-110x73.jpeg 110w, https:\/\/www.pr-neu.de\/newsroom\/wordpress\/wp-content\/uploads\/2021\/04\/21-08_AimS_AdobeStock_293116285_K-420x280.jpeg 420w, https:\/\/www.pr-neu.de\/newsroom\/wordpress\/wp-content\/uploads\/2021\/04\/21-08_AimS_AdobeStock_293116285_K-645x430.jpeg 645w\" sizes=\"auto, (max-width: 300px) 100vw, 300px\" \/><\/a><\/p>\n<p style=\"text-align: center;\">Bei den AimS-Produkten von Sto ersetzt Kiefern\u00f6l ein Drittel des \u00fcblicherweise im Bindemittel enthaltenen Erd\u00f6ls.<\/p>\n<p style=\"text-align: center;\">Bild: Parilov \/ stock.adobe.com<\/p>\n<p>&nbsp;<\/p>\n<p><a href=\"http:\/\/www.pr-neu.de\/newsroom\/wordpress\/wp-content\/uploads\/2021\/04\/21-08_AimS_EFH_K.jpg\" target=\"_blank\" rel=\"noopener\"><img loading=\"lazy\" decoding=\"async\" class=\"aligncenter wp-image-14101 size-medium\" src=\"http:\/\/www.pr-neu.de\/newsroom\/wordpress\/wp-content\/uploads\/2021\/04\/21-08_AimS_EFH_K-300x200.jpg\" alt=\"\" width=\"300\" height=\"200\" srcset=\"https:\/\/www.pr-neu.de\/newsroom\/wordpress\/wp-content\/uploads\/2021\/04\/21-08_AimS_EFH_K-300x200.jpg 300w, https:\/\/www.pr-neu.de\/newsroom\/wordpress\/wp-content\/uploads\/2021\/04\/21-08_AimS_EFH_K-1024x683.jpg 1024w, https:\/\/www.pr-neu.de\/newsroom\/wordpress\/wp-content\/uploads\/2021\/04\/21-08_AimS_EFH_K-768x512.jpg 768w, https:\/\/www.pr-neu.de\/newsroom\/wordpress\/wp-content\/uploads\/2021\/04\/21-08_AimS_EFH_K-1536x1024.jpg 1536w, https:\/\/www.pr-neu.de\/newsroom\/wordpress\/wp-content\/uploads\/2021\/04\/21-08_AimS_EFH_K-2048x1365.jpg 2048w, https:\/\/www.pr-neu.de\/newsroom\/wordpress\/wp-content\/uploads\/2021\/04\/21-08_AimS_EFH_K-110x73.jpg 110w, https:\/\/www.pr-neu.de\/newsroom\/wordpress\/wp-content\/uploads\/2021\/04\/21-08_AimS_EFH_K-420x280.jpg 420w, https:\/\/www.pr-neu.de\/newsroom\/wordpress\/wp-content\/uploads\/2021\/04\/21-08_AimS_EFH_K-645x430.jpg 645w\" sizes=\"auto, (max-width: 300px) 100vw, 300px\" \/><\/a><\/p>\n<p style=\"text-align: center;\">Die Beschichtungen des Fassadend\u00e4mmsystems StoTherm AimS basieren teilweise auf nachwachsenden Rohstoffen.<\/p>\n<p style=\"text-align: center;\">Bild: Johannes Vogt \/ Sto SE &amp; Co. KGaA<\/p>\n<p>&nbsp;<\/p>\n<hr \/>\n<p>&nbsp;<\/p>\n<p>Abdruck honorarfrei, Belegexemplar erbeten.<\/p>\n","protected":false},"excerpt":{"rendered":"<p>StoTherm AimS \u2013 Mehr Gr\u00fcn im gelben Eimer Das erste Fassadend\u00e4mmsystem, dessen Beschichtungen teilweise auf nachwachsenden Rohstoffen basieren, hei\u00dft StoTherm AimS. Es besteht aus umweltfreundlichen Unter- und Oberputzen, einer bionischen Fassadenfarbe sowie einem mineralischen D\u00e4mmstoff und ist somit doppelt umweltfreundlich: Zum einen spart es bereits bei der Herstellung Erd\u00f6l, zum anderen reduziert es w\u00e4hrend seiner [&hellip;]<\/p>\n","protected":false},"author":6,"featured_media":14101,"comment_status":"closed","ping_status":"open","sticky":false,"template":"","format":"standard","meta":{"footnotes":""},"categories":[15],"tags":[],"class_list":["post-14099","post","type-post","status-publish","format-standard","has-post-thumbnail","hentry","category-sto"],"_links":{"self":[{"href":"https:\/\/www.pr-neu.de\/newsroom\/wp-json\/wp\/v2\/posts\/14099","targetHints":{"allow":["GET"]}}],"collection":[{"href":"https:\/\/www.pr-neu.de\/newsroom\/wp-json\/wp\/v2\/posts"}],"about":[{"href":"https:\/\/www.pr-neu.de\/newsroom\/wp-json\/wp\/v2\/types\/post"}],"author":[{"embeddable":true,"href":"https:\/\/www.pr-neu.de\/newsroom\/wp-json\/wp\/v2\/users\/6"}],"replies":[{"embeddable":true,"href":"https:\/\/www.pr-neu.de\/newsroom\/wp-json\/wp\/v2\/comments?post=14099"}],"version-history":[{"count":2,"href":"https:\/\/www.pr-neu.de\/newsroom\/wp-json\/wp\/v2\/posts\/14099\/revisions"}],"predecessor-version":[{"id":14104,"href":"https:\/\/www.pr-neu.de\/newsroom\/wp-json\/wp\/v2\/posts\/14099\/revisions\/14104"}],"wp:featuredmedia":[{"embeddable":true,"href":"https:\/\/www.pr-neu.de\/newsroom\/wp-json\/wp\/v2\/media\/14101"}],"wp:attachment":[{"href":"https:\/\/www.pr-neu.de\/newsroom\/wp-json\/wp\/v2\/media?parent=14099"}],"wp:term":[{"taxonomy":"category","embeddable":true,"href":"https:\/\/www.pr-neu.de\/newsroom\/wp-json\/wp\/v2\/categories?post=14099"},{"taxonomy":"post_tag","embeddable":true,"href":"https:\/\/www.pr-neu.de\/newsroom\/wp-json\/wp\/v2\/tags?post=14099"}],"curies":[{"name":"wp","href":"https:\/\/api.w.org\/{rel}","templated":true}]}}