{"id":14078,"date":"2021-04-12T12:56:42","date_gmt":"2021-04-12T10:56:42","guid":{"rendered":"https:\/\/www.pr-neu.de\/newsroom\/?p=14078"},"modified":"2021-04-15T14:15:34","modified_gmt":"2021-04-15T12:15:34","slug":"berufswahl-nach-der-schule-erschwerte-suche-in-corona-zeiten","status":"publish","type":"post","link":"https:\/\/www.pr-neu.de\/newsroom\/berufswahl-nach-der-schule-erschwerte-suche-in-corona-zeiten\/","title":{"rendered":"Berufswahl nach der Schule: Erschwerte Suche in Corona-Zeiten"},"content":{"rendered":"<p><!--MBNHE--><u>Zukunftstag 2021 f\u00e4llt aus \/ Ausbildungen starten im Sommer<\/u><\/p>\n<p><strong>Braunschweig, 12.\u00a0April 2021<\/strong><br \/>\nKontaktbeschr\u00e4nkungen, Schule von zuhause, an Berufsmessen oder \u00e4hnliches ist nicht zu denken. Der Zukunftstag (22. April), an dem Sch\u00fcler potentielle Ausbildungsbetriebe besuchen konnten, entf\u00e4llt 2021 erneut. F\u00fcr die Abschlussklassen ist die Berufswahl so besonders schwierig. Umgekehrt tauchen weniger bekannte Lehren kaum im Bewusstsein auf. Dazu z\u00e4hlen sogar systemrelevante T\u00e4tigkeiten. Beispiel gef\u00e4llig? \u201eFachkraft f\u00fcr Rohr-, Kanal- und Industrieservice\u201c.<\/p>\n<p>Im Sommer beginnt das neue Ausbildungsjahr \u2013 und somit f\u00fcr viele Schulabg\u00e4nger die Suche nach dem richtigen Job. Auch f\u00fcr diejenigen, die lieber richtig mit anpacken wollen, gibt es ein breites Angebot, wie die (bau)handwerklichen Berufe. Hinzu kommen etliche weitere weniger bekannte, die genauso den Wunsch nach Abwechslung und aktiver T\u00e4tigkeit erf\u00fcllen \u2013 sogar sogenannten \u201esystemrelevante\u201c. Exemplarisch stellen wir hier die \u201eFachkraft f\u00fcr Rohr-, Kanal- und Industrieservice\u201c vor, eine dreij\u00e4hrige Lehre, die zum Beispiel die Stadtentw\u00e4sserung Braunschweig GmbH (SE|BS) bietet.<\/p>\n<p>&nbsp;<\/p>\n<p><strong>Nix f\u00fcr Stubenhocker: <\/strong><br \/>\n<strong>Fachkraft f\u00fcr Rohr-, Kanal- und Industrieservice<\/strong><\/p>\n<p>Wir sind so sehr daran gew\u00f6hnt, dass wir es f\u00fcr selbstverst\u00e4ndlich halten: ein st\u00f6rungsfrei funktionierendes Abwassersystem. Das l\u00e4uft aber nicht von selbst so perfekt, sondern nur, weil sich Spezialisten darum k\u00fcmmern \u2013 eben die Fachkr\u00e4fte f\u00fcr Rohr-, Kanal- und Industrieservice. Die stehen auch schon mal sieben Meter unter der Erde mit Kamera, Hochdruck-Schlauch und -reiniger \u2013 denn das z\u00e4hlt zu ihren Aufgaben, um unsere Abwasser-Kan\u00e4le sauber zu halten.<\/p>\n<p>Eine Besonderheit: F\u00fcr die Theorie geht es zur Berufsschule nach Gelsenkirchen. Drei oder viermal im Jahr stehen vierw\u00f6chige Unterrichtsbl\u00f6cke an. \u201eWir k\u00f6nnen uns so perfekt auf den Unterricht konzentrieren. Bei den Kosten f\u00fcr Fahrt und Unterkunft werden wir vom Betrieb unterst\u00fctzt\u201c, sagt Dominik von Zweydorff (19), der als erster diesen neuen Beruf ergriffen hat und im Sommer von der SE|BS \u00fcbernommen wird. Sein Weg zur SE|BS begann auf einer Berufsmesse. \u201eNach meinem Abschluss an der OBS Papenteich in Gro\u00df Schw\u00fclper habe ich mich informiert und dann direkt beworben\u201c.<\/p>\n<p>Mittlerweile ist auch Vivien Hasche (19) an Bord. Was die junge Technikerin besonders sch\u00e4tzt: Ab Tag eins wird in Gruppen zusammen gearbeitet. Die Teams k\u00fcmmern sich um unser Abwasser und erledigen daf\u00fcr viele Aufgaben: Pr\u00fcfen, ob die Kan\u00e4le noch dicht sind, Inspektion mit der Kamera, Entsorgung der Inhalte von Abscheidern \u2013 und Kundenberatung. Die Auftr\u00e4ge kommen aus dem Raum Braunschweig, aus Gifhorn, Peine und weiteren Orten im Radius von 40 Kilometer. Vivien Hasche findet das gut: \u201eNeben dem theoretischen und praktischen Wissen eignen wir uns ganz nebenbei auch Ortskunde an\u201c.<\/p>\n<p>&nbsp;<\/p>\n<p><strong>1.400 Kilometer Netz, 150 bar Druck, 200 Meter Schlauch<\/strong><\/p>\n<p>Meistens sind die Teams zu zweit unterwegs. Zur Reinigung von Kan\u00e4len setzen sie einen 200 Meter langen Hochdruck-Schlauch ein. Mit einer selbstfahrenden Maschine wird er durch den Kanal gef\u00fchrt und sp\u00fclt diesen \u00fcber spezielle D\u00fcsen mit bis zu 150 bar. \u201eBei 1.400 Kilometern Kanalnetz ist immer etwas zu tun\u201c, sagt Thomas Lampe, Leiter des Kanalnetzservice der SE|BS. Mit dem Saugwagen entleeren sie Abscheider von Gastst\u00e4tten, Kantinen, Kfz-Werkst\u00e4tten etc. Der Beh\u00e4lter wird anschlie\u00dfend gereinigt, der Inhalt zum Kl\u00e4rwerk nach Watenb\u00fcttel oder zu einer Behandlungsanlage in \u00d6lper transportiert. Zum Beruf geh\u00f6rt auch handwerkliches Geschick, beispielsweise bei der Instandsetzung von Fahrzeugen und Bauwerken. \u201eDa muss man schon mal flexibel sein\u201c, meint von Zweydorff \u2013 und Hasche erg\u00e4nzt: \u201eZum Gl\u00fcck wird im Team auf unsere W\u00fcnsche und St\u00e4rken R\u00fccksicht genommen, sodass wir viel Abwechslung haben.\u201c<\/p>\n<p>F\u00fcr die Bewerbung ist ein Haupt- oder Realschulabschluss wichtig sowie eine offene und ehrliche Art. Mit der \u00dcbernahmegarantie f\u00fcr 18 Monaten ist auch die Zeit nach der Ausbildung gesichert. Thomas Lampe erkl\u00e4rt: \u201eUnser Ziel ist es immer, dass die, die wir ausbilden, auch bei uns bleiben.\u201c<\/p>\n<p>&nbsp;<\/p>\n<hr \/>\n<p>&nbsp;<\/p>\n<p><em>Infokasten<\/em><\/p>\n<p>Ausbildungsberufe der SE|BS:<\/p>\n<ul>\n<li>Industriemechaniker\/in<\/li>\n<li>Elektroniker\/in f\u00fcr Betriebstechnik<\/li>\n<li>Fachkr\u00e4fte f\u00fcr Rohr-, Kanal- und Industrieservice<\/li>\n<li>Fachkraft f\u00fcr Abwassertechnik<\/li>\n<\/ul>\n<p>&nbsp;<\/p>\n<p>F\u00fcr Studieninteressierte eignet sich ein Duales Studium. Hier gibt es mehrere Studieng\u00e4nge, angeboten von BS|Netz oder SE|BS. Als Partner sind hier die Berufsakademie Sachsen, die Ostfalia Hochschule f\u00fcr angewandte Wissenschaft beziehungsweise die TU Braunschweig eingebunden.<\/p>\n<ul>\n<li>Bauingenieurwesen \u2013 Tiefbau<\/li>\n<li>Betriebswirtschaftslehre (BWL)<\/li>\n<li>Wirtschaftsinformatik<\/li>\n<li>Wirtschaftsingenieurwesen Elektro- und Informationstechnik<\/li>\n<li>Bachelor of Engineering, Energie- und Geb\u00e4udetechnik<\/li>\n<\/ul>\n<p>Auf Bewerbungen (Optimal: online \u00fcber die Website) freut sich<br \/>\nPia Henningsen<br \/>\n0531 \/ 383 \u2013 2479 | &#112;&#x69;a&#46;&#x68;&#101;&#x6e;n&#105;&#x6e;g&#x73;&#x65;&#110;&#x40;b&#115;&#x2d;n&#x65;&#x74;&#122;&#x2e;d&#101;<\/p>\n<p>&nbsp;<\/p>\n<hr \/>\n<p>&nbsp;<\/p>\n<p>K A S T E N<\/p>\n<p><strong>Vom Azubi zum Azubi-Pr\u00fcfer<\/strong><br \/>\nAzubi \u2013 und dann? Bastian Gent macht es vor: Er ist zur SE|BS gekommen, um zu bleiben. Nach bestandener Gesellenpr\u00fcfung zur Fachkraft f\u00fcr Abwassertechnik lernte er gleich weiter und ist mittlerweile Gepr\u00fcfter Meister f\u00fcr Rohr- Kanal- und Industrieservice. \u201eMich haben das tolle Betriebsklima und die berufliche Perspektive von Anfang an und bis heute begeistert\u201c, meint Gent, \u201edeshalb habe ich gerne hier im Betrieb die n\u00e4chsten Schritte gemacht\u201c. Mittlerweile will er selbst dazu beitragen, dass sich weiterhin junge Menschen f\u00fcr Ausbildungsberufe entscheiden. Deshalb arbeitet er ehrenamtlich im Pr\u00fcfungsausschuss der IHK mit.<\/p>\n<p>&nbsp;<\/p>\n<hr \/>\n<p>&nbsp;<\/p>\n<p><a href=\"http:\/\/www.pr-neu.de\/newsroom\/wordpress\/wp-content\/uploads\/2021\/04\/SE-BS_Fachkraft_2_K.jpg\" target=\"_blank\" rel=\"noopener\"><img loading=\"lazy\" decoding=\"async\" class=\"aligncenter wp-image-14081 size-medium\" src=\"http:\/\/www.pr-neu.de\/newsroom\/wordpress\/wp-content\/uploads\/2021\/04\/SE-BS_Fachkraft_2_K-300x200.jpg\" alt=\"\" width=\"300\" height=\"200\" srcset=\"https:\/\/www.pr-neu.de\/newsroom\/wordpress\/wp-content\/uploads\/2021\/04\/SE-BS_Fachkraft_2_K-300x200.jpg 300w, https:\/\/www.pr-neu.de\/newsroom\/wordpress\/wp-content\/uploads\/2021\/04\/SE-BS_Fachkraft_2_K-1024x683.jpg 1024w, https:\/\/www.pr-neu.de\/newsroom\/wordpress\/wp-content\/uploads\/2021\/04\/SE-BS_Fachkraft_2_K-768x512.jpg 768w, https:\/\/www.pr-neu.de\/newsroom\/wordpress\/wp-content\/uploads\/2021\/04\/SE-BS_Fachkraft_2_K-1536x1024.jpg 1536w, https:\/\/www.pr-neu.de\/newsroom\/wordpress\/wp-content\/uploads\/2021\/04\/SE-BS_Fachkraft_2_K-2048x1365.jpg 2048w, https:\/\/www.pr-neu.de\/newsroom\/wordpress\/wp-content\/uploads\/2021\/04\/SE-BS_Fachkraft_2_K-110x73.jpg 110w, https:\/\/www.pr-neu.de\/newsroom\/wordpress\/wp-content\/uploads\/2021\/04\/SE-BS_Fachkraft_2_K-420x280.jpg 420w, https:\/\/www.pr-neu.de\/newsroom\/wordpress\/wp-content\/uploads\/2021\/04\/SE-BS_Fachkraft_2_K-645x430.jpg 645w\" sizes=\"auto, (max-width: 300px) 100vw, 300px\" \/><\/a><\/p>\n<p><a href=\"http:\/\/www.pr-neu.de\/newsroom\/wordpress\/wp-content\/uploads\/2021\/04\/SE-BS_Fachkraft_3_K.jpg\" target=\"_blank\" rel=\"noopener\"><img loading=\"lazy\" decoding=\"async\" class=\"aligncenter wp-image-14079 size-medium\" src=\"http:\/\/www.pr-neu.de\/newsroom\/wordpress\/wp-content\/uploads\/2021\/04\/SE-BS_Fachkraft_3_K-200x300.jpg\" alt=\"\" width=\"200\" height=\"300\" srcset=\"https:\/\/www.pr-neu.de\/newsroom\/wordpress\/wp-content\/uploads\/2021\/04\/SE-BS_Fachkraft_3_K-200x300.jpg 200w, https:\/\/www.pr-neu.de\/newsroom\/wordpress\/wp-content\/uploads\/2021\/04\/SE-BS_Fachkraft_3_K-683x1024.jpg 683w, https:\/\/www.pr-neu.de\/newsroom\/wordpress\/wp-content\/uploads\/2021\/04\/SE-BS_Fachkraft_3_K-768x1152.jpg 768w, https:\/\/www.pr-neu.de\/newsroom\/wordpress\/wp-content\/uploads\/2021\/04\/SE-BS_Fachkraft_3_K-1024x1536.jpg 1024w, https:\/\/www.pr-neu.de\/newsroom\/wordpress\/wp-content\/uploads\/2021\/04\/SE-BS_Fachkraft_3_K-1365x2048.jpg 1365w, https:\/\/www.pr-neu.de\/newsroom\/wordpress\/wp-content\/uploads\/2021\/04\/SE-BS_Fachkraft_3_K-73x110.jpg 73w, https:\/\/www.pr-neu.de\/newsroom\/wordpress\/wp-content\/uploads\/2021\/04\/SE-BS_Fachkraft_3_K-280x420.jpg 280w, https:\/\/www.pr-neu.de\/newsroom\/wordpress\/wp-content\/uploads\/2021\/04\/SE-BS_Fachkraft_3_K-287x430.jpg 287w, https:\/\/www.pr-neu.de\/newsroom\/wordpress\/wp-content\/uploads\/2021\/04\/SE-BS_Fachkraft_3_K.jpg 1600w\" sizes=\"auto, (max-width: 200px) 100vw, 200px\" \/><\/a><\/p>\n<p style=\"text-align: center;\">Vivien Hasche und Dominik von Zweydorff haben ihre Entscheidung nicht bereut. Sie sind auf dem Weg zur \u201eFachkraft f\u00fcr Rohr- Kanal- und Industrieservice\u201c.<\/p>\n<p style=\"text-align: center;\">Bilder: SE|BS<\/p>\n<p>&nbsp;<\/p>\n<hr \/>\n<p>&nbsp;<\/p>\n<p><strong>SE|BS-Pressestelle<\/strong><br \/>\npr neu &#8211; gedacht<\/p>\n<p>Telefon: 05307 80093 \u2013 80<br \/>\nFax: 05307 80093 \u2013 69<br \/>\nE-Mail: &#105;&#x6e;&#x66;o&#64;&#x70;r&#45;&#x6e;e&#117;&#x2e;d&#101;<br \/>\nInternet: www.pr-neu.de<\/p>\n","protected":false},"excerpt":{"rendered":"<p>Zukunftstag 2021 f\u00e4llt aus \/ Ausbildungen starten im Sommer Braunschweig, 12.\u00a0April 2021 Kontaktbeschr\u00e4nkungen, Schule von zuhause, an Berufsmessen oder \u00e4hnliches ist nicht zu denken. Der Zukunftstag (22. April), an dem Sch\u00fcler potentielle Ausbildungsbetriebe besuchen konnten, entf\u00e4llt 2021 erneut. F\u00fcr die Abschlussklassen ist die Berufswahl so besonders schwierig. Umgekehrt tauchen weniger bekannte Lehren kaum im Bewusstsein [&hellip;]<\/p>\n","protected":false},"author":6,"featured_media":14081,"comment_status":"closed","ping_status":"open","sticky":false,"template":"","format":"standard","meta":{"footnotes":""},"categories":[1517],"tags":[],"class_list":["post-14078","post","type-post","status-publish","format-standard","has-post-thumbnail","hentry","category-sebs"],"_links":{"self":[{"href":"https:\/\/www.pr-neu.de\/newsroom\/wp-json\/wp\/v2\/posts\/14078","targetHints":{"allow":["GET"]}}],"collection":[{"href":"https:\/\/www.pr-neu.de\/newsroom\/wp-json\/wp\/v2\/posts"}],"about":[{"href":"https:\/\/www.pr-neu.de\/newsroom\/wp-json\/wp\/v2\/types\/post"}],"author":[{"embeddable":true,"href":"https:\/\/www.pr-neu.de\/newsroom\/wp-json\/wp\/v2\/users\/6"}],"replies":[{"embeddable":true,"href":"https:\/\/www.pr-neu.de\/newsroom\/wp-json\/wp\/v2\/comments?post=14078"}],"version-history":[{"count":6,"href":"https:\/\/www.pr-neu.de\/newsroom\/wp-json\/wp\/v2\/posts\/14078\/revisions"}],"predecessor-version":[{"id":14116,"href":"https:\/\/www.pr-neu.de\/newsroom\/wp-json\/wp\/v2\/posts\/14078\/revisions\/14116"}],"wp:featuredmedia":[{"embeddable":true,"href":"https:\/\/www.pr-neu.de\/newsroom\/wp-json\/wp\/v2\/media\/14081"}],"wp:attachment":[{"href":"https:\/\/www.pr-neu.de\/newsroom\/wp-json\/wp\/v2\/media?parent=14078"}],"wp:term":[{"taxonomy":"category","embeddable":true,"href":"https:\/\/www.pr-neu.de\/newsroom\/wp-json\/wp\/v2\/categories?post=14078"},{"taxonomy":"post_tag","embeddable":true,"href":"https:\/\/www.pr-neu.de\/newsroom\/wp-json\/wp\/v2\/tags?post=14078"}],"curies":[{"name":"wp","href":"https:\/\/api.w.org\/{rel}","templated":true}]}}