{"id":14073,"date":"2021-04-09T14:46:29","date_gmt":"2021-04-09T12:46:29","guid":{"rendered":"https:\/\/www.pr-neu.de\/newsroom\/?p=14073"},"modified":"2021-04-12T11:47:14","modified_gmt":"2021-04-12T09:47:14","slug":"brandschutz-am-laufenden-band","status":"publish","type":"post","link":"https:\/\/www.pr-neu.de\/newsroom\/brandschutz-am-laufenden-band\/","title":{"rendered":"Brandschutz am laufenden Band"},"content":{"rendered":"<p><u>Hohe Produktionssicherheit im Hanno-Werk<\/u><\/p>\n<p>&nbsp;<\/p>\n<p><strong>Vorsicht ist besser als Nachsicht \u2013 darauf setzt der Dicht- und D\u00e4mmspezialist Hanno mit innovativen Maschinen-brandschutz. Dieser l\u00f6scht im Ernstfall schon bevor es brennt. Damit investiert das Traditionsunternehmen in die eigene Produktionssicherheit.<\/strong><\/p>\n<p>&nbsp;<\/p>\n<p>Sicherheit und Qualit\u00e4t geh\u00f6ren zur Identit\u00e4t des Dicht- und D\u00e4mmspezialisten Hanno (Laatzen) \u2013 und das beginnt im Werk. Ob schlagregen- oder luftdicht, witterungsbest\u00e4ndig, schalld\u00e4mmend oder brandbest\u00e4ndig, leistungsf\u00e4hige Maschinen verleihen den Hanno-Produkten ihre zuverl\u00e4ssigen Eigenschaften. Damit die Produktion reibungslos l\u00e4uft, vertraut der Dicht- und D\u00e4mmspezialist auf moderne Brandschutztechnik.<\/p>\n<p>&nbsp;<\/p>\n<p><strong>B(r)andneu: Sicherheit f\u00fcr alle F\u00e4lle<\/strong><\/p>\n<p>&nbsp;<\/p>\n<p>Im Hanno-Werk geht es hei\u00df zu: Bis zu 100 Grad Celsius erreichen die Trommel- und Bandtrocknungsanlagen, daher achtet Hanno hier besonders auf Brandschutz: \u201eWir setzen uns und unseren Produkten hohe Ma\u00dfst\u00e4be\u201c, sagt Reinhard Vogelei, Leiter Technische Gro\u00dfprojekte bei Hanno, \u201ebei Sicherheit gehen wir keine Kompromisse ein\u201c. Dabei vertraut Hanno auf Brandschutz-L\u00f6sungen von Fagus GreCon: Das System erkennt Funken und Glimmnester innerhalb weniger Millisekunden und l\u00f6scht, bevor es zum Brand kommt. Ein unabh\u00e4ngiger Sachverst\u00e4ndiger hat die Brandschutzl\u00f6sung uneingeschr\u00e4nkt abgenommen. Das Ergebnis: Konstant sichere Produktion und im Brandfall nur geringer Stillstand.<\/p>\n<p>&nbsp;<\/p>\n<p>Mit dem neuen Maschinenschutz investiert das Traditionsunternehmen in die Sicherheit des eigenen Maschinenparks: \u201ePartner und Kunden vertrauen auf unsere Qualit\u00e4t und Zuverl\u00e4ssigkeit. Mit modernem Brandschutz sind wir f\u00fcr den Ernstfall gewappnet und halten unsere Produktion jederzeit aufrecht\u201c, res\u00fcmiert Vogelei. Weitere Trocknungsanlagen werden mit dem neuen System ausgestattet.<\/p>\n<p>&nbsp;<\/p>\n<hr \/>\n<p>&nbsp;<\/p>\n<figure id=\"attachment_14075\" aria-describedby=\"caption-attachment-14075\" style=\"width: 300px\" class=\"wp-caption aligncenter\"><a href=\"http:\/\/www.pr-neu.de\/newsroom\/wordpress\/wp-content\/uploads\/2021\/04\/21-06_Brandschutz_G-scaled.jpg\" target=\"_blank\" rel=\"noopener\"><img loading=\"lazy\" decoding=\"async\" class=\"wp-image-14075 size-medium\" src=\"http:\/\/www.pr-neu.de\/newsroom\/wordpress\/wp-content\/uploads\/2021\/04\/21-06_Brandschutz_G-300x200.jpg\" alt=\"\" width=\"300\" height=\"200\" srcset=\"https:\/\/www.pr-neu.de\/newsroom\/wordpress\/wp-content\/uploads\/2021\/04\/21-06_Brandschutz_G-300x200.jpg 300w, https:\/\/www.pr-neu.de\/newsroom\/wordpress\/wp-content\/uploads\/2021\/04\/21-06_Brandschutz_G-1024x683.jpg 1024w, https:\/\/www.pr-neu.de\/newsroom\/wordpress\/wp-content\/uploads\/2021\/04\/21-06_Brandschutz_G-768x512.jpg 768w, https:\/\/www.pr-neu.de\/newsroom\/wordpress\/wp-content\/uploads\/2021\/04\/21-06_Brandschutz_G-1536x1024.jpg 1536w, https:\/\/www.pr-neu.de\/newsroom\/wordpress\/wp-content\/uploads\/2021\/04\/21-06_Brandschutz_G-2048x1365.jpg 2048w, https:\/\/www.pr-neu.de\/newsroom\/wordpress\/wp-content\/uploads\/2021\/04\/21-06_Brandschutz_G-110x73.jpg 110w, https:\/\/www.pr-neu.de\/newsroom\/wordpress\/wp-content\/uploads\/2021\/04\/21-06_Brandschutz_G-420x280.jpg 420w, https:\/\/www.pr-neu.de\/newsroom\/wordpress\/wp-content\/uploads\/2021\/04\/21-06_Brandschutz_G-645x430.jpg 645w\" sizes=\"auto, (max-width: 300px) 100vw, 300px\" \/><\/a><figcaption id=\"caption-attachment-14075\" class=\"wp-caption-text\">Mit der Investition in neuen Maschinenbrandschutz sichert Hanno die eigene Produktion und st\u00e4rkt zugleich den regionalen Zusammenhalt.<\/figcaption><\/figure>\n<p style=\"text-align: center;\">Bild: Hanno Werk<\/p>\n<p>&nbsp;<\/p>\n<hr \/>\n<p>&nbsp;<\/p>\n<h5>R\u00fcckfragen beantwortet gern<\/h5>\n<table width=\"378\">\n<tbody>\n<tr>\n<td><strong>pr neu<\/strong> &#8211; gedacht<\/p>\n<p>Franziska Jaworek<\/p>\n<p>Tel.: 0531 \/ 80093 &#8211; 73 \/ Fax: -69<\/p>\n<p>E-Mail: &#x66;&#46;&#x6a;&#97;&#x77;&#111;r&#x65;k&#x40;&#112;&#x72;&#45;n&#x65;&#117;&#x2e;&#100;e<\/td>\n<\/tr>\n<\/tbody>\n<\/table>\n<p>Abdruck honorarfrei, Belegexemplar erbeten an:<br \/>\n<strong>pr neu<\/strong> &#8211; gedacht. Braunschweig<\/p>\n<p>&nbsp;<\/p>\n","protected":false},"excerpt":{"rendered":"<p>Hohe Produktionssicherheit im Hanno-Werk &nbsp; Vorsicht ist besser als Nachsicht \u2013 darauf setzt der Dicht- und D\u00e4mmspezialist Hanno mit innovativen Maschinen-brandschutz. Dieser l\u00f6scht im Ernstfall schon bevor es brennt. Damit investiert das Traditionsunternehmen in die eigene Produktionssicherheit. &nbsp; Sicherheit und Qualit\u00e4t geh\u00f6ren zur Identit\u00e4t des Dicht- und D\u00e4mmspezialisten Hanno (Laatzen) \u2013 und das beginnt im [&hellip;]<\/p>\n","protected":false},"author":6,"featured_media":14075,"comment_status":"closed","ping_status":"open","sticky":false,"template":"","format":"standard","meta":{"footnotes":""},"categories":[655],"tags":[],"class_list":["post-14073","post","type-post","status-publish","format-standard","has-post-thumbnail","hentry","category-hanno"],"_links":{"self":[{"href":"https:\/\/www.pr-neu.de\/newsroom\/wp-json\/wp\/v2\/posts\/14073","targetHints":{"allow":["GET"]}}],"collection":[{"href":"https:\/\/www.pr-neu.de\/newsroom\/wp-json\/wp\/v2\/posts"}],"about":[{"href":"https:\/\/www.pr-neu.de\/newsroom\/wp-json\/wp\/v2\/types\/post"}],"author":[{"embeddable":true,"href":"https:\/\/www.pr-neu.de\/newsroom\/wp-json\/wp\/v2\/users\/6"}],"replies":[{"embeddable":true,"href":"https:\/\/www.pr-neu.de\/newsroom\/wp-json\/wp\/v2\/comments?post=14073"}],"version-history":[{"count":3,"href":"https:\/\/www.pr-neu.de\/newsroom\/wp-json\/wp\/v2\/posts\/14073\/revisions"}],"predecessor-version":[{"id":14077,"href":"https:\/\/www.pr-neu.de\/newsroom\/wp-json\/wp\/v2\/posts\/14073\/revisions\/14077"}],"wp:featuredmedia":[{"embeddable":true,"href":"https:\/\/www.pr-neu.de\/newsroom\/wp-json\/wp\/v2\/media\/14075"}],"wp:attachment":[{"href":"https:\/\/www.pr-neu.de\/newsroom\/wp-json\/wp\/v2\/media?parent=14073"}],"wp:term":[{"taxonomy":"category","embeddable":true,"href":"https:\/\/www.pr-neu.de\/newsroom\/wp-json\/wp\/v2\/categories?post=14073"},{"taxonomy":"post_tag","embeddable":true,"href":"https:\/\/www.pr-neu.de\/newsroom\/wp-json\/wp\/v2\/tags?post=14073"}],"curies":[{"name":"wp","href":"https:\/\/api.w.org\/{rel}","templated":true}]}}