{"id":14060,"date":"2021-03-29T11:00:40","date_gmt":"2021-03-29T09:00:40","guid":{"rendered":"https:\/\/www.pr-neu.de\/newsroom\/?p=14060"},"modified":"2021-12-22T12:20:37","modified_gmt":"2021-12-22T11:20:37","slug":"neue-schiebefenster-fuers-terrassendach","status":"publish","type":"post","link":"https:\/\/www.pr-neu.de\/newsroom\/neue-schiebefenster-fuers-terrassendach\/","title":{"rendered":"Neue Schiebefenster f\u00fcrs Terrassendach"},"content":{"rendered":"<p><u>Terrassen einfach entl\u00fcften: Dachschiebefenster von TS-Aluminium<\/u><\/p>\n<p>&nbsp;<\/p>\n<p>Mit dem neuen Dachschiebefenster f\u00fcr Terrassend\u00e4cher von TS-Aluminium (Gro\u00dfefehn) l\u00e4sst sich ein Hitzestau einfach abl\u00fcften, ein Sommergarten wird l\u00e4nger nutzbar: Ein Vorteil, den Verarbeiter privaten Bauherren anbieten sollten. Die Schiebefenster zeichnen sich durch einfachen und sicheren Einbau aus, sind optimal auf die Alu-Profilsysteme abgestimmt und bis zu einer Gr\u00f6\u00dfe von 1,00 x 1,20 Meter f\u00fcr die Serien \u201eT\u201c und \u201eVeranda\u201c verf\u00fcgbar. Die Position ist in jedem Dachfeld m\u00f6glich und muss im oberen Teil liegen. Dort wird das Schiebefenster einfach zwischen den Dachtr\u00e4gern montiert. Auch bereits bestehende Terrassen lassen sich mit dem neuen Dachschiebefenster nachtr\u00e4glich ausr\u00fcsten. Ge\u00f6ffnet wird das Fenster manuell mit einem Schiebestab. So entsteht schnell und einfach eine effiziente Bel\u00fcftung in \u201eMade in Germany\u201c-Qualit\u00e4t \u2013 sowohl bei flach geneigten als auch bei steilen Glasd\u00e4chern. Aufgrund des flachen Rahmens l\u00e4sst sich zudem problemlos eine au\u00dfenliegende Markise erg\u00e4nzen. Der Werkstoff Aluminium vereint geringes Eigengewicht und Robustheit. TS-Dachschiebefenster sind daher besonders best\u00e4ndig und langlebig.<\/p>\n<p>&nbsp;<\/p>\n<hr \/>\n<p>&nbsp;<\/p>\n<p><a href=\"http:\/\/www.pr-neu.de\/newsroom\/wordpress\/wp-content\/uploads\/2021\/03\/21-04_TS-Dachschiebefenster_K.jpg\" target=\"_blank\" rel=\"noopener\"><img loading=\"lazy\" decoding=\"async\" class=\"aligncenter wp-image-14061 size-medium\" src=\"http:\/\/www.pr-neu.de\/newsroom\/wordpress\/wp-content\/uploads\/2021\/03\/21-04_TS-Dachschiebefenster_K-296x300.jpg\" alt=\"\" width=\"296\" height=\"300\" srcset=\"https:\/\/www.pr-neu.de\/newsroom\/wordpress\/wp-content\/uploads\/2021\/03\/21-04_TS-Dachschiebefenster_K-296x300.jpg 296w, https:\/\/www.pr-neu.de\/newsroom\/wordpress\/wp-content\/uploads\/2021\/03\/21-04_TS-Dachschiebefenster_K-1010x1024.jpg 1010w, https:\/\/www.pr-neu.de\/newsroom\/wordpress\/wp-content\/uploads\/2021\/03\/21-04_TS-Dachschiebefenster_K-768x779.jpg 768w, https:\/\/www.pr-neu.de\/newsroom\/wordpress\/wp-content\/uploads\/2021\/03\/21-04_TS-Dachschiebefenster_K-1515x1536.jpg 1515w, https:\/\/www.pr-neu.de\/newsroom\/wordpress\/wp-content\/uploads\/2021\/03\/21-04_TS-Dachschiebefenster_K-2020x2048.jpg 2020w, https:\/\/www.pr-neu.de\/newsroom\/wordpress\/wp-content\/uploads\/2021\/03\/21-04_TS-Dachschiebefenster_K-110x110.jpg 110w, https:\/\/www.pr-neu.de\/newsroom\/wordpress\/wp-content\/uploads\/2021\/03\/21-04_TS-Dachschiebefenster_K-108x110.jpg 108w, https:\/\/www.pr-neu.de\/newsroom\/wordpress\/wp-content\/uploads\/2021\/03\/21-04_TS-Dachschiebefenster_K-414x420.jpg 414w, https:\/\/www.pr-neu.de\/newsroom\/wordpress\/wp-content\/uploads\/2021\/03\/21-04_TS-Dachschiebefenster_K-424x430.jpg 424w\" sizes=\"auto, (max-width: 296px) 100vw, 296px\" \/><\/a><\/p>\n<p><a href=\"http:\/\/www.pr-neu.de\/newsroom\/wordpress\/wp-content\/uploads\/2021\/03\/21-04_TS-Dachschiebefenster_Querschnitt_K-2.jpg\" target=\"_blank\" rel=\"noopener\"><img loading=\"lazy\" decoding=\"async\" class=\"aligncenter wp-image-14064 size-medium\" src=\"http:\/\/www.pr-neu.de\/newsroom\/wordpress\/wp-content\/uploads\/2021\/03\/21-04_TS-Dachschiebefenster_Querschnitt_K-2-300x242.jpg\" alt=\"\" width=\"300\" height=\"242\" srcset=\"https:\/\/www.pr-neu.de\/newsroom\/wordpress\/wp-content\/uploads\/2021\/03\/21-04_TS-Dachschiebefenster_Querschnitt_K-2-300x242.jpg 300w, https:\/\/www.pr-neu.de\/newsroom\/wordpress\/wp-content\/uploads\/2021\/03\/21-04_TS-Dachschiebefenster_Querschnitt_K-2-1024x826.jpg 1024w, https:\/\/www.pr-neu.de\/newsroom\/wordpress\/wp-content\/uploads\/2021\/03\/21-04_TS-Dachschiebefenster_Querschnitt_K-2-768x620.jpg 768w, https:\/\/www.pr-neu.de\/newsroom\/wordpress\/wp-content\/uploads\/2021\/03\/21-04_TS-Dachschiebefenster_Querschnitt_K-2-1536x1239.jpg 1536w, https:\/\/www.pr-neu.de\/newsroom\/wordpress\/wp-content\/uploads\/2021\/03\/21-04_TS-Dachschiebefenster_Querschnitt_K-2-2048x1652.jpg 2048w, https:\/\/www.pr-neu.de\/newsroom\/wordpress\/wp-content\/uploads\/2021\/03\/21-04_TS-Dachschiebefenster_Querschnitt_K-2-110x89.jpg 110w, https:\/\/www.pr-neu.de\/newsroom\/wordpress\/wp-content\/uploads\/2021\/03\/21-04_TS-Dachschiebefenster_Querschnitt_K-2-420x339.jpg 420w, https:\/\/www.pr-neu.de\/newsroom\/wordpress\/wp-content\/uploads\/2021\/03\/21-04_TS-Dachschiebefenster_Querschnitt_K-2-533x430.jpg 533w\" sizes=\"auto, (max-width: 300px) 100vw, 300px\" \/><\/a><\/p>\n<p style=\"text-align: center;\">Elegante Optik, ausgereifte Technik, Made in Germany: Mit Schiebefenstern im Terrassendach werden Sommerg\u00e4rten optimal bel\u00fcftet.<\/p>\n<p style=\"text-align: center;\">Bilder: TS-Aluminium-Profilsysteme GmbH &amp; Co. KG<\/p>\n<p>&nbsp;<\/p>\n<hr \/>\n<p>&nbsp;<\/p>\n<p>Abdruck honorarfrei, Belegexemplar erbeten.<\/p>\n","protected":false},"excerpt":{"rendered":"<p>Terrassen einfach entl\u00fcften: Dachschiebefenster von TS-Aluminium &nbsp; Mit dem neuen Dachschiebefenster f\u00fcr Terrassend\u00e4cher von TS-Aluminium (Gro\u00dfefehn) l\u00e4sst sich ein Hitzestau einfach abl\u00fcften, ein Sommergarten wird l\u00e4nger nutzbar: Ein Vorteil, den Verarbeiter privaten Bauherren anbieten sollten. Die Schiebefenster zeichnen sich durch einfachen und sicheren Einbau aus, sind optimal auf die Alu-Profilsysteme abgestimmt und bis zu einer [&hellip;]<\/p>\n","protected":false},"author":6,"featured_media":14061,"comment_status":"closed","ping_status":"open","sticky":false,"template":"","format":"standard","meta":{"footnotes":""},"categories":[1761],"tags":[],"class_list":["post-14060","post","type-post","status-publish","format-standard","has-post-thumbnail","hentry","category-ts-aluminium"],"_links":{"self":[{"href":"https:\/\/www.pr-neu.de\/newsroom\/wp-json\/wp\/v2\/posts\/14060","targetHints":{"allow":["GET"]}}],"collection":[{"href":"https:\/\/www.pr-neu.de\/newsroom\/wp-json\/wp\/v2\/posts"}],"about":[{"href":"https:\/\/www.pr-neu.de\/newsroom\/wp-json\/wp\/v2\/types\/post"}],"author":[{"embeddable":true,"href":"https:\/\/www.pr-neu.de\/newsroom\/wp-json\/wp\/v2\/users\/6"}],"replies":[{"embeddable":true,"href":"https:\/\/www.pr-neu.de\/newsroom\/wp-json\/wp\/v2\/comments?post=14060"}],"version-history":[{"count":2,"href":"https:\/\/www.pr-neu.de\/newsroom\/wp-json\/wp\/v2\/posts\/14060\/revisions"}],"predecessor-version":[{"id":14066,"href":"https:\/\/www.pr-neu.de\/newsroom\/wp-json\/wp\/v2\/posts\/14060\/revisions\/14066"}],"wp:featuredmedia":[{"embeddable":true,"href":"https:\/\/www.pr-neu.de\/newsroom\/wp-json\/wp\/v2\/media\/14061"}],"wp:attachment":[{"href":"https:\/\/www.pr-neu.de\/newsroom\/wp-json\/wp\/v2\/media?parent=14060"}],"wp:term":[{"taxonomy":"category","embeddable":true,"href":"https:\/\/www.pr-neu.de\/newsroom\/wp-json\/wp\/v2\/categories?post=14060"},{"taxonomy":"post_tag","embeddable":true,"href":"https:\/\/www.pr-neu.de\/newsroom\/wp-json\/wp\/v2\/tags?post=14060"}],"curies":[{"name":"wp","href":"https:\/\/api.w.org\/{rel}","templated":true}]}}