{"id":14056,"date":"2021-03-29T09:04:36","date_gmt":"2021-03-29T07:04:36","guid":{"rendered":"https:\/\/www.pr-neu.de\/newsroom\/?p=14056"},"modified":"2021-03-29T09:04:56","modified_gmt":"2021-03-29T07:04:56","slug":"fuer-holz-plus-kunststoff-plus","status":"publish","type":"post","link":"https:\/\/www.pr-neu.de\/newsroom\/fuer-holz-plus-kunststoff-plus\/","title":{"rendered":"F\u00fcr Holz plus Kunststoff plus \u2026"},"content":{"rendered":"<p><u>Universeller Fensterlack: S\u00fcdwest \u201eVenti Plus\u201c<\/u><\/p>\n<p>&nbsp;<\/p>\n<p>Der neue Universal-Fensterlack \u201eVenti Plus\u201c von S\u00fcdwest eignet sich f\u00fcr Holz und Kunststoff gleicherma\u00dfen. Mit seiner hohen Elastizit\u00e4t ist er sogar zum Beschichten von begrenzt ma\u00dfhaltigen Holzbauteilen (Fensterl\u00e4den, Dachuntersichten, Holzfassaden) sowie auf grundiertem Metall geeignet. Selbst das schnelle, direkte \u00dcberarbeiten von Altanstrichen ist m\u00f6glich. Die Applikation ben\u00f6tigt keine Grundierung. Das Eintopfsystem bietet pflegeleichte Oberfl\u00e4chen mit modernem Seidenglanz. \u00dcber das All-Color Mix-System stehen nahezu unbegrenzt Farbt\u00f6ne zur Wahl. F\u00fcr makellose Fl\u00e4chen und den langlebigen Farbglanz sorgt die UV-Plus-Technologie: Diese Innovation sch\u00fctzt Bindemittel und Farbpigmente zuverl\u00e4ssig vor sch\u00e4dlichen UV-Strahlen. Mit seiner Anwendungsbreite ersetzt der neue Lack die bew\u00e4hrten Beschichtungen \u201eVenti\u201c und \u201eRenokyd\u201c \u2013 verf\u00fcgbar in den Gebindegr\u00f6\u00dfen 375 ml, 750 ml, 2,5 l und 5 l.<\/p>\n<p>&nbsp;<\/p>\n<hr \/>\n<p>&nbsp;<\/p>\n<p><a href=\"http:\/\/www.pr-neu.de\/newsroom\/wordpress\/wp-content\/uploads\/2021\/03\/21-01_Venti_Plus_K.jpg\" target=\"_blank\" rel=\"noopener\"><img loading=\"lazy\" decoding=\"async\" class=\"aligncenter wp-image-14057 size-medium\" src=\"http:\/\/www.pr-neu.de\/newsroom\/wordpress\/wp-content\/uploads\/2021\/03\/21-01_Venti_Plus_K-300x300.jpg\" alt=\"\" width=\"300\" height=\"300\" srcset=\"https:\/\/www.pr-neu.de\/newsroom\/wordpress\/wp-content\/uploads\/2021\/03\/21-01_Venti_Plus_K-300x300.jpg 300w, https:\/\/www.pr-neu.de\/newsroom\/wordpress\/wp-content\/uploads\/2021\/03\/21-01_Venti_Plus_K-1024x1024.jpg 1024w, https:\/\/www.pr-neu.de\/newsroom\/wordpress\/wp-content\/uploads\/2021\/03\/21-01_Venti_Plus_K-150x150.jpg 150w, https:\/\/www.pr-neu.de\/newsroom\/wordpress\/wp-content\/uploads\/2021\/03\/21-01_Venti_Plus_K-768x768.jpg 768w, https:\/\/www.pr-neu.de\/newsroom\/wordpress\/wp-content\/uploads\/2021\/03\/21-01_Venti_Plus_K-1536x1536.jpg 1536w, https:\/\/www.pr-neu.de\/newsroom\/wordpress\/wp-content\/uploads\/2021\/03\/21-01_Venti_Plus_K-2048x2048.jpg 2048w, https:\/\/www.pr-neu.de\/newsroom\/wordpress\/wp-content\/uploads\/2021\/03\/21-01_Venti_Plus_K-250x250.jpg 250w, https:\/\/www.pr-neu.de\/newsroom\/wordpress\/wp-content\/uploads\/2021\/03\/21-01_Venti_Plus_K-125x125.jpg 125w, https:\/\/www.pr-neu.de\/newsroom\/wordpress\/wp-content\/uploads\/2021\/03\/21-01_Venti_Plus_K-110x110.jpg 110w, https:\/\/www.pr-neu.de\/newsroom\/wordpress\/wp-content\/uploads\/2021\/03\/21-01_Venti_Plus_K-420x420.jpg 420w, https:\/\/www.pr-neu.de\/newsroom\/wordpress\/wp-content\/uploads\/2021\/03\/21-01_Venti_Plus_K-430x430.jpg 430w\" sizes=\"auto, (max-width: 300px) 100vw, 300px\" \/><\/a><\/p>\n<p style=\"text-align: center;\">Ein Universal-Lack f\u00fcr Fensterrahmen mit Plus f\u00fcr weitere Anwendungen: Der neue \u201eVenti Plus\u201c (S\u00fcdwest) mit UV-Plus-Technologie sch\u00fctz Au\u00dfenbauteile lang und zuverl\u00e4ssig vor der Witterung, ohne auszubleichen.<\/p>\n<p style=\"text-align: center;\">Bild: Adobe \/ S\u00fcdwest<\/p>\n<p>&nbsp;<\/p>\n<hr \/>\n<p>&nbsp;<\/p>\n<p>Abdruck honorarfrei, Belegexemplar erbeten<\/p>\n","protected":false},"excerpt":{"rendered":"<p>Universeller Fensterlack: S\u00fcdwest \u201eVenti Plus\u201c &nbsp; Der neue Universal-Fensterlack \u201eVenti Plus\u201c von S\u00fcdwest eignet sich f\u00fcr Holz und Kunststoff gleicherma\u00dfen. Mit seiner hohen Elastizit\u00e4t ist er sogar zum Beschichten von begrenzt ma\u00dfhaltigen Holzbauteilen (Fensterl\u00e4den, Dachuntersichten, Holzfassaden) sowie auf grundiertem Metall geeignet. Selbst das schnelle, direkte \u00dcberarbeiten von Altanstrichen ist m\u00f6glich. Die Applikation ben\u00f6tigt keine Grundierung. [&hellip;]<\/p>\n","protected":false},"author":6,"featured_media":14057,"comment_status":"closed","ping_status":"open","sticky":false,"template":"","format":"standard","meta":{"footnotes":""},"categories":[17],"tags":[],"class_list":["post-14056","post","type-post","status-publish","format-standard","has-post-thumbnail","hentry","category-sudwest"],"_links":{"self":[{"href":"https:\/\/www.pr-neu.de\/newsroom\/wp-json\/wp\/v2\/posts\/14056","targetHints":{"allow":["GET"]}}],"collection":[{"href":"https:\/\/www.pr-neu.de\/newsroom\/wp-json\/wp\/v2\/posts"}],"about":[{"href":"https:\/\/www.pr-neu.de\/newsroom\/wp-json\/wp\/v2\/types\/post"}],"author":[{"embeddable":true,"href":"https:\/\/www.pr-neu.de\/newsroom\/wp-json\/wp\/v2\/users\/6"}],"replies":[{"embeddable":true,"href":"https:\/\/www.pr-neu.de\/newsroom\/wp-json\/wp\/v2\/comments?post=14056"}],"version-history":[{"count":2,"href":"https:\/\/www.pr-neu.de\/newsroom\/wp-json\/wp\/v2\/posts\/14056\/revisions"}],"predecessor-version":[{"id":14059,"href":"https:\/\/www.pr-neu.de\/newsroom\/wp-json\/wp\/v2\/posts\/14056\/revisions\/14059"}],"wp:featuredmedia":[{"embeddable":true,"href":"https:\/\/www.pr-neu.de\/newsroom\/wp-json\/wp\/v2\/media\/14057"}],"wp:attachment":[{"href":"https:\/\/www.pr-neu.de\/newsroom\/wp-json\/wp\/v2\/media?parent=14056"}],"wp:term":[{"taxonomy":"category","embeddable":true,"href":"https:\/\/www.pr-neu.de\/newsroom\/wp-json\/wp\/v2\/categories?post=14056"},{"taxonomy":"post_tag","embeddable":true,"href":"https:\/\/www.pr-neu.de\/newsroom\/wp-json\/wp\/v2\/tags?post=14056"}],"curies":[{"name":"wp","href":"https:\/\/api.w.org\/{rel}","templated":true}]}}