{"id":14048,"date":"2021-03-25T08:55:53","date_gmt":"2021-03-25T07:55:53","guid":{"rendered":"https:\/\/www.pr-neu.de\/newsroom\/?p=14048"},"modified":"2021-03-25T08:57:03","modified_gmt":"2021-03-25T07:57:03","slug":"sebs-baut-neue-abwasserkanaele-fuer-die-jasperallee","status":"publish","type":"post","link":"https:\/\/www.pr-neu.de\/newsroom\/sebs-baut-neue-abwasserkanaele-fuer-die-jasperallee\/","title":{"rendered":"SE|BS baut neue Abwasserkan\u00e4le f\u00fcr die Jasperallee"},"content":{"rendered":"<p><strong><u>Braunschweig, 25. M\u00e4rz 2021<\/u><\/strong><\/p>\n<p>Die Jasperallee bekommt im Abschnitt zwischen Hagenring und Wilhelm-Bode-Stra\u00dfe auf der Nordseite neue Abwasserkan\u00e4le: Nach rund 120 Jahren \u201eDienst\u201c werden die alten Kanalrohre ab dem 6. April von der Stadtentw\u00e4sserung Braunschweig GmbH (SE|BS) ausgetauscht. Vorbereitende Arbeiten f\u00fcr die erforderliche vor\u00fcbergehende \u00c4nderung der Verkehrsf\u00fchrung starten bereits am 29. M\u00e4rz.<\/p>\n<p>Um die Beeintr\u00e4chtigungen durch die Baustelle so gering wie m\u00f6glich zu halten, erfolgen die Arbeiten in zwei Bauabschnitten. Bis zu den Sommerferien wird zun\u00e4chst das erste Teilst\u00fcck zwischen Wilhelm-Bode-Stra\u00dfe und St.-Pauli-Kirche \/ H\u00f6he Bl\u00fccherstra\u00dfe saniert. Von dort f\u00fchrt der zweite Bauabschnitt weiter bis zum Hagenring. Zum Sp\u00e4therbst 2021 sollen alle Arbeiten abgeschlossen sein und die rund 420 Kanalmeter einschlie\u00dflich 18 erneuerter Hausanschlussleitungen in den Betrieb gehen.<\/p>\n<p>W\u00e4hrend der aufwendigen Tiefbauarbeiten wird der Fahrzeugverkehr im jeweiligen Bauabschnitt durch Sperrung der stadteinw\u00e4rts f\u00fchrenden Fahrspuren stark eingeschr\u00e4nkt. Im ersten Bauabschnitt (ab 6. April) wird der stadteinw\u00e4rts laufende Verkehr daher zwischen Herzogin-Elisabeth-Stra\u00dfe und Bl\u00fccherstra\u00dfe mit \u00fcber die Gegenspur gef\u00fchrt. Im zweiten Bauabschnitt (ab Ende Juli) ist die Jasperallee zwischen Bl\u00fccherstra\u00dfe und Hagenring in stadteinw\u00e4rtiger Richtung f\u00fcr den Fahrzeugverkehr gesperrt; der Busverkehr wird umgeleitet. Alle Verkehrsteilnehmer werden gebeten, auf die Beschilderung vor Ort zu achten.<\/p>\n<p>Durch Ersatzparkpl\u00e4tze vor der St.-Pauli-Kirche sowie am Stadtpark wird der notwendige baustellenbedingte Wegfall von Parkpl\u00e4tzen teilweise ausgeglichen. Radfahrer und Fu\u00dfg\u00e4nger werden gesichert an der Baustelle vorbeigef\u00fchrt. Die anliegenden Grundst\u00fccke bleiben erreichbar.<\/p>\n<p>&nbsp;<\/p>\n<hr \/>\n<p>&nbsp;<\/p>\n<p><a href=\"http:\/\/www.pr-neu.de\/newsroom\/wordpress\/wp-content\/uploads\/2021\/03\/21-04_Skizze_Jasperallee_1_K.jpg\" target=\"_blank\" rel=\"noopener\"><img loading=\"lazy\" decoding=\"async\" class=\"aligncenter wp-image-14049 size-medium\" src=\"http:\/\/www.pr-neu.de\/newsroom\/wordpress\/wp-content\/uploads\/2021\/03\/21-04_Skizze_Jasperallee_1_K-300x105.jpg\" alt=\"\" width=\"300\" height=\"105\" srcset=\"https:\/\/www.pr-neu.de\/newsroom\/wordpress\/wp-content\/uploads\/2021\/03\/21-04_Skizze_Jasperallee_1_K-300x105.jpg 300w, https:\/\/www.pr-neu.de\/newsroom\/wordpress\/wp-content\/uploads\/2021\/03\/21-04_Skizze_Jasperallee_1_K-1024x358.jpg 1024w, https:\/\/www.pr-neu.de\/newsroom\/wordpress\/wp-content\/uploads\/2021\/03\/21-04_Skizze_Jasperallee_1_K-768x269.jpg 768w, https:\/\/www.pr-neu.de\/newsroom\/wordpress\/wp-content\/uploads\/2021\/03\/21-04_Skizze_Jasperallee_1_K-1536x538.jpg 1536w, https:\/\/www.pr-neu.de\/newsroom\/wordpress\/wp-content\/uploads\/2021\/03\/21-04_Skizze_Jasperallee_1_K-110x39.jpg 110w, https:\/\/www.pr-neu.de\/newsroom\/wordpress\/wp-content\/uploads\/2021\/03\/21-04_Skizze_Jasperallee_1_K-420x147.jpg 420w, https:\/\/www.pr-neu.de\/newsroom\/wordpress\/wp-content\/uploads\/2021\/03\/21-04_Skizze_Jasperallee_1_K-770x270.jpg 770w, https:\/\/www.pr-neu.de\/newsroom\/wordpress\/wp-content\/uploads\/2021\/03\/21-04_Skizze_Jasperallee_1_K.jpg 1754w\" sizes=\"auto, (max-width: 300px) 100vw, 300px\" \/><\/a><\/p>\n<p><a href=\"http:\/\/www.pr-neu.de\/newsroom\/wordpress\/wp-content\/uploads\/2021\/03\/21-04_Skizze_Jasperallee_2_K.jpg\" target=\"_blank\" rel=\"noopener\"><img loading=\"lazy\" decoding=\"async\" class=\"aligncenter wp-image-14050 size-medium\" src=\"http:\/\/www.pr-neu.de\/newsroom\/wordpress\/wp-content\/uploads\/2021\/03\/21-04_Skizze_Jasperallee_2_K-300x104.jpg\" alt=\"\" width=\"300\" height=\"104\" srcset=\"https:\/\/www.pr-neu.de\/newsroom\/wordpress\/wp-content\/uploads\/2021\/03\/21-04_Skizze_Jasperallee_2_K-300x104.jpg 300w, https:\/\/www.pr-neu.de\/newsroom\/wordpress\/wp-content\/uploads\/2021\/03\/21-04_Skizze_Jasperallee_2_K-1024x356.jpg 1024w, https:\/\/www.pr-neu.de\/newsroom\/wordpress\/wp-content\/uploads\/2021\/03\/21-04_Skizze_Jasperallee_2_K-768x267.jpg 768w, https:\/\/www.pr-neu.de\/newsroom\/wordpress\/wp-content\/uploads\/2021\/03\/21-04_Skizze_Jasperallee_2_K-1536x534.jpg 1536w, https:\/\/www.pr-neu.de\/newsroom\/wordpress\/wp-content\/uploads\/2021\/03\/21-04_Skizze_Jasperallee_2_K-110x38.jpg 110w, https:\/\/www.pr-neu.de\/newsroom\/wordpress\/wp-content\/uploads\/2021\/03\/21-04_Skizze_Jasperallee_2_K-420x146.jpg 420w, https:\/\/www.pr-neu.de\/newsroom\/wordpress\/wp-content\/uploads\/2021\/03\/21-04_Skizze_Jasperallee_2_K-770x268.jpg 770w, https:\/\/www.pr-neu.de\/newsroom\/wordpress\/wp-content\/uploads\/2021\/03\/21-04_Skizze_Jasperallee_2_K.jpg 1754w\" sizes=\"auto, (max-width: 300px) 100vw, 300px\" \/><\/a><\/p>\n<p style=\"text-align: center;\">Skizzen der Bauabschnitte und der Verkehrsf\u00fchrung<\/p>\n<p style=\"text-align: center;\">Bilder: SE|BS<\/p>\n<p>&nbsp;<\/p>\n<hr \/>\n<p>&nbsp;<\/p>\n<p><strong>SE|BS-Pressestelle<\/strong><br \/>\npr neu &#8211; gedacht<\/p>\n<p>Telefon: 05307 80093 \u2013 80<br \/>\nFax: 05307 80093 \u2013 69<br \/>\nE-Mail: &#105;&#x6e;f&#111;&#x40;p&#114;&#x2d;n&#101;&#x75;&#46;&#100;&#x65;<br \/>\nInternet: www.pr-neu.de<\/p>\n","protected":false},"excerpt":{"rendered":"<p>Braunschweig, 25. M\u00e4rz 2021 Die Jasperallee bekommt im Abschnitt zwischen Hagenring und Wilhelm-Bode-Stra\u00dfe auf der Nordseite neue Abwasserkan\u00e4le: Nach rund 120 Jahren \u201eDienst\u201c werden die alten Kanalrohre ab dem 6. April von der Stadtentw\u00e4sserung Braunschweig GmbH (SE|BS) ausgetauscht. Vorbereitende Arbeiten f\u00fcr die erforderliche vor\u00fcbergehende \u00c4nderung der Verkehrsf\u00fchrung starten bereits am 29. M\u00e4rz. Um die Beeintr\u00e4chtigungen [&hellip;]<\/p>\n","protected":false},"author":6,"featured_media":14049,"comment_status":"closed","ping_status":"open","sticky":false,"template":"","format":"standard","meta":{"footnotes":""},"categories":[1517],"tags":[],"class_list":["post-14048","post","type-post","status-publish","format-standard","has-post-thumbnail","hentry","category-sebs"],"_links":{"self":[{"href":"https:\/\/www.pr-neu.de\/newsroom\/wp-json\/wp\/v2\/posts\/14048","targetHints":{"allow":["GET"]}}],"collection":[{"href":"https:\/\/www.pr-neu.de\/newsroom\/wp-json\/wp\/v2\/posts"}],"about":[{"href":"https:\/\/www.pr-neu.de\/newsroom\/wp-json\/wp\/v2\/types\/post"}],"author":[{"embeddable":true,"href":"https:\/\/www.pr-neu.de\/newsroom\/wp-json\/wp\/v2\/users\/6"}],"replies":[{"embeddable":true,"href":"https:\/\/www.pr-neu.de\/newsroom\/wp-json\/wp\/v2\/comments?post=14048"}],"version-history":[{"count":2,"href":"https:\/\/www.pr-neu.de\/newsroom\/wp-json\/wp\/v2\/posts\/14048\/revisions"}],"predecessor-version":[{"id":14055,"href":"https:\/\/www.pr-neu.de\/newsroom\/wp-json\/wp\/v2\/posts\/14048\/revisions\/14055"}],"wp:featuredmedia":[{"embeddable":true,"href":"https:\/\/www.pr-neu.de\/newsroom\/wp-json\/wp\/v2\/media\/14049"}],"wp:attachment":[{"href":"https:\/\/www.pr-neu.de\/newsroom\/wp-json\/wp\/v2\/media?parent=14048"}],"wp:term":[{"taxonomy":"category","embeddable":true,"href":"https:\/\/www.pr-neu.de\/newsroom\/wp-json\/wp\/v2\/categories?post=14048"},{"taxonomy":"post_tag","embeddable":true,"href":"https:\/\/www.pr-neu.de\/newsroom\/wp-json\/wp\/v2\/tags?post=14048"}],"curies":[{"name":"wp","href":"https:\/\/api.w.org\/{rel}","templated":true}]}}