{"id":14028,"date":"2021-03-18T10:31:21","date_gmt":"2021-03-18T09:31:21","guid":{"rendered":"http:\/\/www.pr-neu.de\/newsroom\/?p=14028"},"modified":"2021-03-25T08:56:31","modified_gmt":"2021-03-25T07:56:31","slug":"gullydeckel-ein-gutes-zeichen","status":"publish","type":"post","link":"https:\/\/www.pr-neu.de\/newsroom\/gullydeckel-ein-gutes-zeichen\/","title":{"rendered":"Gullydeckel \u2013 Ein gutes Zeichen"},"content":{"rendered":"<p><strong>UN-Weltwassertag, 22. M\u00e4rz: SE|BS spendet 2.000 Euro<\/strong><\/p>\n<p>Was hat die Braunschweiger Wasserver- und Entsorgung mit ehrenamtlichen Engagement f\u00fcr Fl\u00fcchtlinge zu tun? Ein Blick auf die Arbeit der Freiwilligenagentur zeigt, dass beides durchaus eng verkn\u00fcpft ist. \u201eSchlechte sanit\u00e4re Verh\u00e4ltnisse, Klimafolgen und Kriege um Wasser z\u00e4hlen zu den dringenden globalen Problemen \u2013 und sind eine Haupt-Fluchtursache\u201c, sagt Matthias Bertram von der Freiwilligenagentur. Hier in der Region hilft die Agentur Gefl\u00fcchteten bei der Integration. Einige Projekte richten sich direkt an die Kinder. \u201eKinder lernen beispielsweise eine neue Sprache oft schneller als Erwachsene, gerade wenn Spa\u00df, Gemeinschaft und Neugier dabei sind. So sind es dann die Kinder, die den Eltern helfen, im neuen Land Fu\u00df zu fassen\u201d, erkl\u00e4rt Bertram. Gemeinsam mit Ina Rieger, Umweltp\u00e4dagogin der BS|ENERGY Gruppe, entstand 2020 die Idee, im Rahmen des Sommerferien-Projekts f\u00fcr Kinder das Thema \u201eWasser\u201c zu ber\u00fccksichtigen. So druckten die Kinder \u201eL\u00f6wen-T-Shirts\u201c mit einem Original Braunschweiger Gullydeckel. Die Neuauflage in diesem Jahr unterst\u00fctzen wieder die Stadtentw\u00e4sserung Braunschweig GmbH (SE|BS) und die Braunschweiger Netz GmbH (BS|Netz). Damit T-Shirts und Farben eingekauft werden k\u00f6nnen, spenden die Braunschweiger Firmen 2.000 Euro \u2013 und einen neuen \u201eStempel\u201c, einen Hydrantendeckel. Die \u00dcbergabe fand am UN-Weltwassertag am 22. M\u00e4rz statt. Falk Hensel, Erster Vorsitzender der Freiwilligenagentur, freut sich \u00fcber die Hilfe: \u201eOhne das Engagement von Firmen k\u00f6nnten viele Projekte nicht realisiert werden. Hier kommen sogar mehrere Faktoren zusammen: Ideen, inhaltliche Unterst\u00fctzung und Finanzen \u2013 gro\u00dfartig!\u201c<\/p>\n<p><strong>Sensibilisieren f\u00fcr den Umgang mit Wasser: Weltwassertag<\/strong><\/p>\n<p>\u201cViele Kinder sind immer wieder erstaunt dar\u00fcber, dass wir wunderbares gesundes Trinkwasser direkt aus dem Wasserhahn konsumieren k\u00f6nnen. Das ist in vielen L\u00e4ndern absolut nicht selbstverst\u00e4ndlich. Ebenso gilt es zu erkl\u00e4ren, dass Abf\u00e4lle nicht \u00fcber die Toilette entsorgt werden d\u00fcrfen\u201d, erkl\u00e4rt Rieger, &#8222;\u00fcber Projekte wie den T-Shirt-Druck l\u00e4sst sich dieses Wissen in die Familien tragen.\u201c<\/p>\n<p>\u201cAls Unternehmen der Daseinsvorsorge unterst\u00fctzen wir selbstverst\u00e4ndlich gern die Aufkl\u00e4rungsarbeit zum richtigen Umgang mit Trinkwasser\u201d, sagt Kai-Uwe Rothe, Gesch\u00e4ftsf\u00fchrer BS|NETZ GmbH und SE|BS. SE|BS-Gesch\u00e4ftsf\u00fchrer Andreas Hartmann f\u00fcgt hinzu: \u201cViele sehen es als selbstverst\u00e4ndlich an, dass Trinkwasser stets bereit steht \u2013 der Aufwand daf\u00fcr ist jedoch beachtlich von der Wasseraufbereitung bis zur \u00f6kologisch verantwortungsvollen Behandlung im Abwasserwerk.\u201d<\/p>\n<p>Die T-Shirts gibt es bei der Freiwilligen Agentur Braunschweig (&#105;n&#x66;o&#x2e;b&#x73;&#64;&#x66;&#114;&#x65;&#105;&#x77;&#105;&#x6c;&#108;i&#103;-&#x65;n&#x67;a&#x67;&#105;&#x65;&#114;&#x74;&#46;&#x64;&#101;) gegen eine Spende.<\/p>\n<p>&nbsp;<\/p>\n<hr \/>\n<p>&nbsp;<\/p>\n<p>Infokasten: <strong>Weltwassertag<\/strong><\/p>\n<p>Seit 1993 ist der 22. M\u00e4rz \u201eWeltwassertag\u201c, eingef\u00fchrt von der UNESCO. Er soll weltweit auf die Themen Trinkwasser und Wasserversorgung aufmerksam machen und die UN-Mitgliedsstaaten anregen, UN-Empfehlungen zum Schutz von Wasserressourcen umzusetzen sowie konkrete Aktionen in ihren L\u00e4ndern zu f\u00f6rdern.<\/p>\n<p>&nbsp;<\/p>\n<hr \/>\n<p>&nbsp;<\/p>\n<p><a href=\"http:\/\/www.pr-neu.de\/newsroom\/wordpress\/wp-content\/uploads\/2021\/03\/21-02_Tag_des_Wassers_SEBS_03_K.jpg\" target=\"_blank\" rel=\"noopener noreferrer\"><img loading=\"lazy\" decoding=\"async\" class=\"aligncenter wp-image-14029 size-medium\" src=\"http:\/\/www.pr-neu.de\/newsroom\/wordpress\/wp-content\/uploads\/2021\/03\/21-02_Tag_des_Wassers_SEBS_03_K-300x200.jpg\" alt=\"\" width=\"300\" height=\"200\" srcset=\"https:\/\/www.pr-neu.de\/newsroom\/wordpress\/wp-content\/uploads\/2021\/03\/21-02_Tag_des_Wassers_SEBS_03_K-300x200.jpg 300w, https:\/\/www.pr-neu.de\/newsroom\/wordpress\/wp-content\/uploads\/2021\/03\/21-02_Tag_des_Wassers_SEBS_03_K-1024x683.jpg 1024w, https:\/\/www.pr-neu.de\/newsroom\/wordpress\/wp-content\/uploads\/2021\/03\/21-02_Tag_des_Wassers_SEBS_03_K-768x512.jpg 768w, https:\/\/www.pr-neu.de\/newsroom\/wordpress\/wp-content\/uploads\/2021\/03\/21-02_Tag_des_Wassers_SEBS_03_K-1536x1024.jpg 1536w, https:\/\/www.pr-neu.de\/newsroom\/wordpress\/wp-content\/uploads\/2021\/03\/21-02_Tag_des_Wassers_SEBS_03_K-2048x1365.jpg 2048w, https:\/\/www.pr-neu.de\/newsroom\/wordpress\/wp-content\/uploads\/2021\/03\/21-02_Tag_des_Wassers_SEBS_03_K-110x73.jpg 110w, https:\/\/www.pr-neu.de\/newsroom\/wordpress\/wp-content\/uploads\/2021\/03\/21-02_Tag_des_Wassers_SEBS_03_K-420x280.jpg 420w, https:\/\/www.pr-neu.de\/newsroom\/wordpress\/wp-content\/uploads\/2021\/03\/21-02_Tag_des_Wassers_SEBS_03_K-645x430.jpg 645w\" sizes=\"auto, (max-width: 300px) 100vw, 300px\" \/><\/a><\/p>\n<p style=\"text-align: center;\">Gemeinsam f\u00fcr Integration und den nachhaltigen Umgang mit Wasser: Um den \u201eT-Shirt-Druck\u201c der Freiwilligenagentur zu unterst\u00fctzen, spendet die Stadtentw\u00e4sserung Braunschweig GmbH (SE|BS) 2.000 Euro. Matthias Bertram, der das Projekt von der Freiwilligenagentur betreut, zeigt den neuen \u201eStempel\u201c \u2013 ein Hydranten-Deckel \u2013 Falk Hensel (Vorstand Freiwilligenagentur), Andreas Hartmann, Gesch\u00e4ftsf\u00fchrer SE|BS, und Kai-Uwe Rothe, Gesch\u00e4ftsf\u00fchrer BS|Netz, zeigen die T-Shirts aus der Aktion 2020.<br \/>\nFoto: SE|BS \/ Sierigk<\/p>\n<p>&nbsp;<\/p>\n<hr \/>\n<p>&nbsp;<\/p>\n<p><strong>SE|BS-Pressestelle<\/strong><br \/>\npr neu &#8211; gedacht<\/p>\n<p>Telefon: 05307 80093 \u2013 80<br \/>\nFax: 05307 80093 \u2013 69<br \/>\nE-Mail: &#105;&#110;&#x66;&#x6f;&#64;&#112;&#x72;&#x2d;&#110;&#101;&#x75;&#x2e;&#100;&#101;<br \/>\nInternet: www.pr-neu.de<\/p>\n","protected":false},"excerpt":{"rendered":"<p>UN-Weltwassertag, 22. M\u00e4rz: SE|BS spendet 2.000 Euro Was hat die Braunschweiger Wasserver- und Entsorgung mit ehrenamtlichen Engagement f\u00fcr Fl\u00fcchtlinge zu tun? Ein Blick auf die Arbeit der Freiwilligenagentur zeigt, dass beides durchaus eng verkn\u00fcpft ist. \u201eSchlechte sanit\u00e4re Verh\u00e4ltnisse, Klimafolgen und Kriege um Wasser z\u00e4hlen zu den dringenden globalen Problemen \u2013 und sind eine Haupt-Fluchtursache\u201c, sagt [&hellip;]<\/p>\n","protected":false},"author":6,"featured_media":14029,"comment_status":"closed","ping_status":"open","sticky":false,"template":"","format":"standard","meta":{"footnotes":""},"categories":[1517],"tags":[],"class_list":["post-14028","post","type-post","status-publish","format-standard","has-post-thumbnail","hentry","category-sebs"],"_links":{"self":[{"href":"https:\/\/www.pr-neu.de\/newsroom\/wp-json\/wp\/v2\/posts\/14028","targetHints":{"allow":["GET"]}}],"collection":[{"href":"https:\/\/www.pr-neu.de\/newsroom\/wp-json\/wp\/v2\/posts"}],"about":[{"href":"https:\/\/www.pr-neu.de\/newsroom\/wp-json\/wp\/v2\/types\/post"}],"author":[{"embeddable":true,"href":"https:\/\/www.pr-neu.de\/newsroom\/wp-json\/wp\/v2\/users\/6"}],"replies":[{"embeddable":true,"href":"https:\/\/www.pr-neu.de\/newsroom\/wp-json\/wp\/v2\/comments?post=14028"}],"version-history":[{"count":2,"href":"https:\/\/www.pr-neu.de\/newsroom\/wp-json\/wp\/v2\/posts\/14028\/revisions"}],"predecessor-version":[{"id":14053,"href":"https:\/\/www.pr-neu.de\/newsroom\/wp-json\/wp\/v2\/posts\/14028\/revisions\/14053"}],"wp:featuredmedia":[{"embeddable":true,"href":"https:\/\/www.pr-neu.de\/newsroom\/wp-json\/wp\/v2\/media\/14029"}],"wp:attachment":[{"href":"https:\/\/www.pr-neu.de\/newsroom\/wp-json\/wp\/v2\/media?parent=14028"}],"wp:term":[{"taxonomy":"category","embeddable":true,"href":"https:\/\/www.pr-neu.de\/newsroom\/wp-json\/wp\/v2\/categories?post=14028"},{"taxonomy":"post_tag","embeddable":true,"href":"https:\/\/www.pr-neu.de\/newsroom\/wp-json\/wp\/v2\/tags?post=14028"}],"curies":[{"name":"wp","href":"https:\/\/api.w.org\/{rel}","templated":true}]}}