{"id":14025,"date":"2021-03-17T07:56:12","date_gmt":"2021-03-17T06:56:12","guid":{"rendered":"http:\/\/www.pr-neu.de\/newsroom\/?p=14025"},"modified":"2021-12-22T12:20:45","modified_gmt":"2021-12-22T11:20:45","slug":"gut-geplant-sicher-montiert","status":"publish","type":"post","link":"https:\/\/www.pr-neu.de\/newsroom\/gut-geplant-sicher-montiert\/","title":{"rendered":"Gut geplant, sicher montiert"},"content":{"rendered":"<p><u>Folge-Webinare von TS-Aluminium: Wintergarten- und Terrassendachbau praxisnah erkl\u00e4rt<\/u><\/p>\n<p>&nbsp;<\/p>\n<p>Nach erfolgreichem Start weitet TS-Aluminium sein Webinar-Angebot im M\u00e4rz und April 2021 aus. Der Dachprofil-Spezialist teilt umfangreiches Fachwissen und gibt Hilfestellung f\u00fcr Planer und Verarbeiter: Von der Planung, beispielsweise mit dem <em>TS Online Konfigurator<\/em> und der Konstruktionssoftware WiGaCAD, bis zur Montage erkl\u00e4ren Experten theoretische Grundlagen und geben praktische Beispiele f\u00fcr hochwertige und langlebige Winterg\u00e4rten und Terrassend\u00e4cher. Auch Energieeffizienz kommt nicht zu kurz: Welche Anforderungen das neue Geb\u00e4udeenergiegesetz (GEG) an moderne Winterg\u00e4rten stellt, fassen die Experten pr\u00e4gnant zusammen.<\/p>\n<p>Zudem pr\u00e4sentieren die Referenten innovative TS-Produktneuheiten. Ein Highlight: Das neue Dachsystem \u201eFlachdach\u201c kombiniert ausgereifte Technik und modern-puristische Optik. Besonders clever: Das Rahmenprofil dient als Tragprofil, Blende, Tr\u00e4gerauflage und Rinnenaufnahme. Die Online-Seminare stellen das Dachsystem vor und geben detaillierte Tipps zur fachgerechten Montage.<\/p>\n<p>Die 30-min\u00fctigen Schulungen sind kostenlos. Anmeldung unter:<br \/>\n<a href=\"http:\/\/www.ts-alu.de\/servicebereich\/seminare\/210-anmeldung-ts-webinare.html\">www.ts-alu.de\/servicebereich\/seminare\/210-anmeldung-ts-webinare.html<\/a><\/p>\n<p>&nbsp;<\/p>\n<hr \/>\n<p>&nbsp;<\/p>\n<p><strong><u>Online-Seminare von TS-Aluminium M\u00e4rz und April 2021<\/u><\/strong><\/p>\n<p><strong>\u00a0<\/strong><\/p>\n<p><strong><u>M\u00e4rz<\/u><\/strong><\/p>\n<p><strong>Bauanschl\u00fcsse im Wintergarten- und Terrassendachbau<br \/>\n<\/strong>Donnerstag, 11.03.21, 15:00 bis 15:30 Uhr<\/p>\n<p><strong>Dachsystem Flachdach, Teil 1: Produktvorstellung<br \/>\n<\/strong>Donnerstag, 18.03.21, 15:00 bis 15:30 Uhr<\/p>\n<p><strong>Dachsystem Flachdach, Teil 2: Aus der Praxis f\u00fcr die Praxis<br \/>\n<\/strong>Donnerstag, 18.03.21, 16:00 bis 16:30 Uhr<\/p>\n<p><strong>Vorstellung TS Online-Konfigurator<br \/>\n<\/strong>Donnerstag, 25.03.21, 15:00 bis 15:30 Uhr<\/p>\n<p><strong>\u00a0<\/strong><\/p>\n<p><strong><u>April<\/u><\/strong><\/p>\n<p><strong>Produktneuheiten<br \/>\n<\/strong>Donnerstag, 08.04.21, 15:00 bis 15:30 Uhr<\/p>\n<p><strong>TS LED-Technik im Wintergarten- und Terrassendachbau<br \/>\n<\/strong>Donnerstag, 08.04.21, 16:00 bis 16:30 Uhr<\/p>\n<p><strong>Vorstellung Konstruktionssoftware WiGaCAD 5.0<br \/>\n<\/strong>Montag, 12.04.21, 16:00 bis 16:30 Uhr<\/p>\n<p><strong>Anforderungen des GEG an den Wintergarten<br \/>\n<\/strong>Donnerstag, 15.04.21, 16:00 bis 16:30 Uhr<\/p>\n<p><strong>Kondensatbildung im Wintergarten- und Terrassendachbau vermeiden<br \/>\n<\/strong>Donnerstag, 22.04.21, 15:00 bis 15:30 Uhr<\/p>\n<p>&nbsp;<\/p>\n<hr \/>\n<p>&nbsp;<\/p>\n<p>Abdruck honorarfrei, Belegexemplar erbeten.<\/p>\n","protected":false},"excerpt":{"rendered":"<p>Folge-Webinare von TS-Aluminium: Wintergarten- und Terrassendachbau praxisnah erkl\u00e4rt &nbsp; Nach erfolgreichem Start weitet TS-Aluminium sein Webinar-Angebot im M\u00e4rz und April 2021 aus. Der Dachprofil-Spezialist teilt umfangreiches Fachwissen und gibt Hilfestellung f\u00fcr Planer und Verarbeiter: Von der Planung, beispielsweise mit dem TS Online Konfigurator und der Konstruktionssoftware WiGaCAD, bis zur Montage erkl\u00e4ren Experten theoretische Grundlagen und [&hellip;]<\/p>\n","protected":false},"author":6,"featured_media":13939,"comment_status":"closed","ping_status":"open","sticky":false,"template":"","format":"standard","meta":{"footnotes":""},"categories":[1761],"tags":[],"class_list":["post-14025","post","type-post","status-publish","format-standard","has-post-thumbnail","hentry","category-ts-aluminium"],"_links":{"self":[{"href":"https:\/\/www.pr-neu.de\/newsroom\/wp-json\/wp\/v2\/posts\/14025","targetHints":{"allow":["GET"]}}],"collection":[{"href":"https:\/\/www.pr-neu.de\/newsroom\/wp-json\/wp\/v2\/posts"}],"about":[{"href":"https:\/\/www.pr-neu.de\/newsroom\/wp-json\/wp\/v2\/types\/post"}],"author":[{"embeddable":true,"href":"https:\/\/www.pr-neu.de\/newsroom\/wp-json\/wp\/v2\/users\/6"}],"replies":[{"embeddable":true,"href":"https:\/\/www.pr-neu.de\/newsroom\/wp-json\/wp\/v2\/comments?post=14025"}],"version-history":[{"count":2,"href":"https:\/\/www.pr-neu.de\/newsroom\/wp-json\/wp\/v2\/posts\/14025\/revisions"}],"predecessor-version":[{"id":14027,"href":"https:\/\/www.pr-neu.de\/newsroom\/wp-json\/wp\/v2\/posts\/14025\/revisions\/14027"}],"wp:featuredmedia":[{"embeddable":true,"href":"https:\/\/www.pr-neu.de\/newsroom\/wp-json\/wp\/v2\/media\/13939"}],"wp:attachment":[{"href":"https:\/\/www.pr-neu.de\/newsroom\/wp-json\/wp\/v2\/media?parent=14025"}],"wp:term":[{"taxonomy":"category","embeddable":true,"href":"https:\/\/www.pr-neu.de\/newsroom\/wp-json\/wp\/v2\/categories?post=14025"},{"taxonomy":"post_tag","embeddable":true,"href":"https:\/\/www.pr-neu.de\/newsroom\/wp-json\/wp\/v2\/tags?post=14025"}],"curies":[{"name":"wp","href":"https:\/\/api.w.org\/{rel}","templated":true}]}}