{"id":13996,"date":"2021-03-23T08:30:39","date_gmt":"2021-03-23T07:30:39","guid":{"rendered":"http:\/\/www.pr-neu.de\/newsroom\/?p=13996"},"modified":"2021-03-19T08:29:59","modified_gmt":"2021-03-19T07:29:59","slug":"wenn-es-etwas-breiter-sein-muss","status":"publish","type":"post","link":"https:\/\/www.pr-neu.de\/newsroom\/wenn-es-etwas-breiter-sein-muss\/","title":{"rendered":"Wenn es etwas breiter sein muss"},"content":{"rendered":"<p><u>Falttore von Teckentrup: Stromlos, flexibel, sicher<\/u><\/p>\n<p>&nbsp;<\/p>\n<p><strong>Falttore sind f\u00fcr drei Anwendungsf\u00e4lle optimal \u2013 bei breiten Hallen\u00f6ffnungen, wenn am Sturz nicht gen\u00fcgend Platz f\u00fcr andere Tore vorhanden ist und wenn sich Tore auch ohne Strom einfach und schnell \u00f6ffnen lassen m\u00fcssen. Mit den Stahl-Falttoren FE \u201eTeckentrup 50\u201c gibt es ein besonders montagefreundliches Tor in drei Varianten: Handbet\u00e4tigt, mit Automatik-Antrieb oder mit Feuerwehrentriegelung.<\/strong><\/p>\n<p>Falttore f\u00fchren ein Nischendasein und haben doch ihren festen Platz im Markt \u2013 bei breiten Hallen\u00f6ffnungen und wenn es \u00fcber dem Sturz eng wird. F\u00fcr Feuerwehren ist zudem wichtig: Falttore lassen sich per Hand \u00f6ffnen, also auch bei Stromausfall. Bei hoher Verkehrsfrequenz (Werkst\u00e4tten, Wasch- oder Lackieranlagen etc.) erleichtert ein elektrischer Gleitarm-Antrieb mit Totmann- oder Impulssteuerung das \u00d6ffnen und Schlie\u00dfen.<\/p>\n<p>&nbsp;<\/p>\n<p><strong>In der Breite liegt die W\u00fcrze<\/strong><\/p>\n<p>Besonders breite Hallen\u00f6ffnungen gibt es u.a. in Kasernen, Betriebsh\u00f6fen und Fahrzeugdepots. Mit dem \u201eTeckentrup 50\u201c ist es m\u00f6glich, die lichte Breite (bis 16 Meter!) vollst\u00e4ndig zu \u00f6ffnen, denn es l\u00e4sst sich optional mit einer 90-Grad-\u00d6ffnung zur Seite oder mit einer 180-Grad-\u00d6ffnung au\u00dfen neben die \u00d6ffnung stellen. Hinzu kommt die hohe Widerstandskraft bei Wind: Selbst bei dieser enormen Breite erreicht das Falttor die Windlastklasse 4 (Orkan). Im Vergleich: Rolltore gibt es nur bis Klasse 2.<\/p>\n<p>Die Serie FE \u201eTeckentrup 50\u201c erf\u00fcllt die EN 13241-1: Mechanische Einfl\u00fcsse, Nutzungssicherheit, Dichtheit, Windlast, W\u00e4rme- und Schalld\u00e4mmung sind somit stets normgerecht erf\u00fcllt. Mit D\u00e4mmkern (PU-Schaum oder Mineralwolle) erreichen die doppelwandigen Stahltore U-Werte bis 1,8 W\/m\u00b2K. Moderne Bedienelemente und intelligentes Zubeh\u00f6r sorgen f\u00fcr Komfort. Farbt\u00f6ne (RAL nach Wahl), Oberfl\u00e4chen und Verglasungen bieten viel Gestaltungsfreiraum. F\u00fcr den Personendurchlass sind schwellenlose Schlupft\u00fcren verf\u00fcgbar. Der Aufbau erfolgt ohne Schwei\u00dfen, somit entstehen auch keine Korrosionsstellen.<\/p>\n<p>Hinzu kommt: Der Wartungsaufwand ist sehr gering, schon aufgrund der wenigen Bauteile. Bei nicht kraftbet\u00e4tigten Falttoren entf\u00e4llt auch die j\u00e4hrliche Pr\u00fcfung. Der Clou der Feuerwehr-Variante: Das Tor steht unter Federkraft und l\u00e4sst sich per Zugseil \u00f6ffnen. Das geht blitzschnell und ohne Strom.<\/p>\n<p>&nbsp;<\/p>\n<hr \/>\n<p>&nbsp;<\/p>\n<p><a href=\"http:\/\/www.pr-neu.de\/newsroom\/wordpress\/wp-content\/uploads\/2021\/03\/20-06_Bundeswehrkaserne_Klietz_K.jpg\" target=\"_blank\" rel=\"noopener noreferrer\"><img loading=\"lazy\" decoding=\"async\" class=\"aligncenter wp-image-13998 size-medium\" src=\"http:\/\/www.pr-neu.de\/newsroom\/wordpress\/wp-content\/uploads\/2021\/03\/20-06_Bundeswehrkaserne_Klietz_K-300x200.jpg\" alt=\"\" width=\"300\" height=\"200\" srcset=\"https:\/\/www.pr-neu.de\/newsroom\/wordpress\/wp-content\/uploads\/2021\/03\/20-06_Bundeswehrkaserne_Klietz_K-300x200.jpg 300w, https:\/\/www.pr-neu.de\/newsroom\/wordpress\/wp-content\/uploads\/2021\/03\/20-06_Bundeswehrkaserne_Klietz_K-1024x683.jpg 1024w, https:\/\/www.pr-neu.de\/newsroom\/wordpress\/wp-content\/uploads\/2021\/03\/20-06_Bundeswehrkaserne_Klietz_K-768x512.jpg 768w, https:\/\/www.pr-neu.de\/newsroom\/wordpress\/wp-content\/uploads\/2021\/03\/20-06_Bundeswehrkaserne_Klietz_K-1536x1025.jpg 1536w, https:\/\/www.pr-neu.de\/newsroom\/wordpress\/wp-content\/uploads\/2021\/03\/20-06_Bundeswehrkaserne_Klietz_K-110x73.jpg 110w, https:\/\/www.pr-neu.de\/newsroom\/wordpress\/wp-content\/uploads\/2021\/03\/20-06_Bundeswehrkaserne_Klietz_K-420x280.jpg 420w, https:\/\/www.pr-neu.de\/newsroom\/wordpress\/wp-content\/uploads\/2021\/03\/20-06_Bundeswehrkaserne_Klietz_K-645x430.jpg 645w, https:\/\/www.pr-neu.de\/newsroom\/wordpress\/wp-content\/uploads\/2021\/03\/20-06_Bundeswehrkaserne_Klietz_K.jpg 1772w\" sizes=\"auto, (max-width: 300px) 100vw, 300px\" \/><\/a><\/p>\n<p style=\"text-align: center;\"><!--MBNHE-->Die Bundeswehrkaserne in Klietz: Auch gro\u00dfe Lkws passen problemlos durch die breiten Hallen\u00f6ffnungen.<br \/>\nBild: Christian Eblenkamp \/ Teckentrup<\/p>\n<p>&nbsp;<\/p>\n<p><a href=\"http:\/\/www.pr-neu.de\/newsroom\/wordpress\/wp-content\/uploads\/2021\/03\/20-06-Heliport_K.jpg\" target=\"_blank\" rel=\"noopener noreferrer\"><img loading=\"lazy\" decoding=\"async\" class=\"aligncenter wp-image-14002 size-medium\" src=\"http:\/\/www.pr-neu.de\/newsroom\/wordpress\/wp-content\/uploads\/2021\/03\/20-06-Heliport_K-300x134.jpg\" alt=\"\" width=\"300\" height=\"134\" srcset=\"https:\/\/www.pr-neu.de\/newsroom\/wordpress\/wp-content\/uploads\/2021\/03\/20-06-Heliport_K-300x134.jpg 300w, https:\/\/www.pr-neu.de\/newsroom\/wordpress\/wp-content\/uploads\/2021\/03\/20-06-Heliport_K-1024x457.jpg 1024w, https:\/\/www.pr-neu.de\/newsroom\/wordpress\/wp-content\/uploads\/2021\/03\/20-06-Heliport_K-768x343.jpg 768w, https:\/\/www.pr-neu.de\/newsroom\/wordpress\/wp-content\/uploads\/2021\/03\/20-06-Heliport_K-1536x685.jpg 1536w, https:\/\/www.pr-neu.de\/newsroom\/wordpress\/wp-content\/uploads\/2021\/03\/20-06-Heliport_K-110x49.jpg 110w, https:\/\/www.pr-neu.de\/newsroom\/wordpress\/wp-content\/uploads\/2021\/03\/20-06-Heliport_K-420x187.jpg 420w, https:\/\/www.pr-neu.de\/newsroom\/wordpress\/wp-content\/uploads\/2021\/03\/20-06-Heliport_K-770x344.jpg 770w, https:\/\/www.pr-neu.de\/newsroom\/wordpress\/wp-content\/uploads\/2021\/03\/20-06-Heliport_K.jpg 1795w\" sizes=\"auto, (max-width: 300px) 100vw, 300px\" \/><\/a><\/p>\n<p style=\"text-align: center;\"><!--MBNHE-->Ein Falttor von 16 Meter Breite und 5 Meter H\u00f6he verschlie\u00dft den Hangar des Sportflughafens in Odessa (Ukraine).<br \/>\nBild: Teckentrup<\/p>\n<p>&nbsp;<\/p>\n<p><a href=\"http:\/\/www.pr-neu.de\/newsroom\/wordpress\/wp-content\/uploads\/2021\/03\/20-06_Schlupftuer_K.jpg\" target=\"_blank\" rel=\"noopener noreferrer\"><img loading=\"lazy\" decoding=\"async\" class=\"aligncenter wp-image-14001 size-medium\" src=\"http:\/\/www.pr-neu.de\/newsroom\/wordpress\/wp-content\/uploads\/2021\/03\/20-06_Schlupftuer_K-300x195.jpg\" alt=\"\" width=\"300\" height=\"195\" srcset=\"https:\/\/www.pr-neu.de\/newsroom\/wordpress\/wp-content\/uploads\/2021\/03\/20-06_Schlupftuer_K-300x195.jpg 300w, https:\/\/www.pr-neu.de\/newsroom\/wordpress\/wp-content\/uploads\/2021\/03\/20-06_Schlupftuer_K-1024x667.jpg 1024w, https:\/\/www.pr-neu.de\/newsroom\/wordpress\/wp-content\/uploads\/2021\/03\/20-06_Schlupftuer_K-768x500.jpg 768w, https:\/\/www.pr-neu.de\/newsroom\/wordpress\/wp-content\/uploads\/2021\/03\/20-06_Schlupftuer_K-1536x1000.jpg 1536w, https:\/\/www.pr-neu.de\/newsroom\/wordpress\/wp-content\/uploads\/2021\/03\/20-06_Schlupftuer_K-110x72.jpg 110w, https:\/\/www.pr-neu.de\/newsroom\/wordpress\/wp-content\/uploads\/2021\/03\/20-06_Schlupftuer_K-420x274.jpg 420w, https:\/\/www.pr-neu.de\/newsroom\/wordpress\/wp-content\/uploads\/2021\/03\/20-06_Schlupftuer_K-660x430.jpg 660w, https:\/\/www.pr-neu.de\/newsroom\/wordpress\/wp-content\/uploads\/2021\/03\/20-06_Schlupftuer_K.jpg 1772w\" sizes=\"auto, (max-width: 300px) 100vw, 300px\" \/><\/a><\/p>\n<p style=\"text-align: center;\"><!--MBNHE-->Schlupft\u00fcren kommen bei Falttoren ohne Schwelle aus und bieten so barrierefreien Zugang.<br \/>\nBild: Christian Eblenkamp \/ Teckentrup<\/p>\n<p>&nbsp;<\/p>\n<p><a href=\"http:\/\/www.pr-neu.de\/newsroom\/wordpress\/wp-content\/uploads\/2021\/03\/20-06_Feuerwehr_Falttor_K.jpg\" target=\"_blank\" rel=\"noopener noreferrer\"><img loading=\"lazy\" decoding=\"async\" class=\"aligncenter wp-image-14000 size-medium\" src=\"http:\/\/www.pr-neu.de\/newsroom\/wordpress\/wp-content\/uploads\/2021\/03\/20-06_Feuerwehr_Falttor_K-300x300.jpg\" alt=\"\" width=\"300\" height=\"300\" srcset=\"https:\/\/www.pr-neu.de\/newsroom\/wordpress\/wp-content\/uploads\/2021\/03\/20-06_Feuerwehr_Falttor_K-300x300.jpg 300w, https:\/\/www.pr-neu.de\/newsroom\/wordpress\/wp-content\/uploads\/2021\/03\/20-06_Feuerwehr_Falttor_K-1024x1024.jpg 1024w, https:\/\/www.pr-neu.de\/newsroom\/wordpress\/wp-content\/uploads\/2021\/03\/20-06_Feuerwehr_Falttor_K-150x150.jpg 150w, https:\/\/www.pr-neu.de\/newsroom\/wordpress\/wp-content\/uploads\/2021\/03\/20-06_Feuerwehr_Falttor_K-768x768.jpg 768w, https:\/\/www.pr-neu.de\/newsroom\/wordpress\/wp-content\/uploads\/2021\/03\/20-06_Feuerwehr_Falttor_K-1536x1536.jpg 1536w, https:\/\/www.pr-neu.de\/newsroom\/wordpress\/wp-content\/uploads\/2021\/03\/20-06_Feuerwehr_Falttor_K-250x250.jpg 250w, https:\/\/www.pr-neu.de\/newsroom\/wordpress\/wp-content\/uploads\/2021\/03\/20-06_Feuerwehr_Falttor_K-125x125.jpg 125w, https:\/\/www.pr-neu.de\/newsroom\/wordpress\/wp-content\/uploads\/2021\/03\/20-06_Feuerwehr_Falttor_K-110x110.jpg 110w, https:\/\/www.pr-neu.de\/newsroom\/wordpress\/wp-content\/uploads\/2021\/03\/20-06_Feuerwehr_Falttor_K-420x420.jpg 420w, https:\/\/www.pr-neu.de\/newsroom\/wordpress\/wp-content\/uploads\/2021\/03\/20-06_Feuerwehr_Falttor_K-430x430.jpg 430w, https:\/\/www.pr-neu.de\/newsroom\/wordpress\/wp-content\/uploads\/2021\/03\/20-06_Feuerwehr_Falttor_K.jpg 1772w\" sizes=\"auto, (max-width: 300px) 100vw, 300px\" \/><\/a><\/p>\n<p style=\"text-align: center;\"><!--MBNHE-->Auch bei Stromausfall lassen sich Feuerwehr-Tore \u00f6ffnen &#8211; per Hand. In dieser Ausf\u00fchrung erf\u00fcllen sie die speziellen Vorschriften f\u00fcr Feuerwehr-Falttore nach DIN 14092-1.<br \/>\nBild: Teckentrup<\/p>\n<p>&nbsp;<\/p>\n<hr \/>\n<p>&nbsp;<\/p>\n<p><!--MBNHE--><\/p>\n<p><strong>Durchdachte Details<\/strong><br \/>\nErst die Details machen ein Produkt perfekt. Bei den Teckentrup-Falttoren sorgen sie f\u00fcr hohe Zuverl\u00e4ssigkeit und einfache Montage.<br \/>\n1.\u00a0Die Laufrolle h\u00e4lt bis zu drei Fl\u00fcgel und sorgt f\u00fcr leichten Lauf.<br \/>\n2.\u00a0Optional: Verst\u00e4rkte Entlastungsrolle inklusive F\u00fchrung.<br \/>\n3.\u00a0Beschl\u00e4ge mit Feder-Vorspannung verriegeln das Tor.<br \/>\n4.\u00a0Mit speziellen Stellschrauben und \u00fcber \u2026<br \/>\n5.\u00a0\u2026 justierbare Gummid\u00e4mpfer sind die einzelnen Fl\u00fcgel optimal aufeinander ausgerichtet.<br \/>\n6.\u00a0Die obere Dichtung umschlie\u00dft den Fl\u00fcgel und sch\u00fctzt so vor Wassersch\u00e4den.<br \/>\n7.\u00a0Ein Stockriegel (unten, Innenseite) sichert offen stehende Falttore.<br \/>\n8.\u00a0Leichter Einbau: Die Zarge wird nur mit Schrauben montiert. Der Anschluss an das Mauerwerk erfolgt besonders schnell mittels einer Konsole, die mit Zarge und Wand verschraubt ist.<br \/>\n9.\u00a0Schlupft\u00fcren ohne Schwelle erm\u00f6glichen barrierefreien Durchgang.<\/p>\n<p>&nbsp;<\/p>\n<p><a href=\"http:\/\/www.pr-neu.de\/newsroom\/wordpress\/wp-content\/uploads\/2021\/03\/20-06_Durchdachte_Details_K.jpg\" target=\"_blank\" rel=\"noopener noreferrer\"><img loading=\"lazy\" decoding=\"async\" class=\"aligncenter wp-image-13999 size-medium\" src=\"http:\/\/www.pr-neu.de\/newsroom\/wordpress\/wp-content\/uploads\/2021\/03\/20-06_Durchdachte_Details_K-300x242.jpg\" alt=\"\" width=\"300\" height=\"242\" srcset=\"https:\/\/www.pr-neu.de\/newsroom\/wordpress\/wp-content\/uploads\/2021\/03\/20-06_Durchdachte_Details_K-300x242.jpg 300w, https:\/\/www.pr-neu.de\/newsroom\/wordpress\/wp-content\/uploads\/2021\/03\/20-06_Durchdachte_Details_K-110x89.jpg 110w, https:\/\/www.pr-neu.de\/newsroom\/wordpress\/wp-content\/uploads\/2021\/03\/20-06_Durchdachte_Details_K-420x338.jpg 420w, https:\/\/www.pr-neu.de\/newsroom\/wordpress\/wp-content\/uploads\/2021\/03\/20-06_Durchdachte_Details_K-534x430.jpg 534w, https:\/\/www.pr-neu.de\/newsroom\/wordpress\/wp-content\/uploads\/2021\/03\/20-06_Durchdachte_Details_K.jpg 591w\" sizes=\"auto, (max-width: 300px) 100vw, 300px\" \/><\/a><\/p>\n<p style=\"text-align: center;\">Bild: Teckentrup<\/p>\n<p>&nbsp;<\/p>\n<hr \/>\n<p>&nbsp;<\/p>\n<p>Abdruck honorarfrei, Belegexemplar erbeten<\/p>\n<p>&nbsp;<\/p>\n<hr \/>\n<p>&nbsp;<\/p>\n<p><strong>Teckentrup: Door Solutions<\/strong><br \/>\nTeckentrup z\u00e4hlt mit den Produktionswerken in Verl-S\u00fcrenheide (Hauptsitz, NRW) und Gro\u00dfz\u00f6beritz (Sachsen-Anhalt) sowie seinen 900 Mitarbeitern zu den gr\u00f6\u00dften Herstellern von T\u00fcren und Toren in Europa.<br \/>\nDas in dritter Generation inhabergef\u00fchrte mittelst\u00e4ndische Familienunternehmen hat sich insbesondere den Werten Qualit\u00e4t, Design und Service verpflichtet. St\u00e4ndige Verbesserungen der Produkte und die Entwicklung neuer Technologien sind f\u00fcr Teckentrup selbstverst\u00e4ndlich. F\u00fcr die kontinuierliche Weiterentwicklung wurde im gesamten Unternehmen eine kundenzentrierte Ausrichtung (Customer Centricity) implementiert. So sorgt das Unternehmen daf\u00fcr, dass gemeinsam mit den Partnern stets die beste L\u00f6sung gefunden wird \u2013 hinsichtlich Design, Sicherheit und Service. Das Angebot umfasst Produktl\u00f6sungen aus den Bereichen HOME (Garagentore), PROFESSIONAL (Funktionst\u00fcren), INDUSTRIAL (Industrietore).<br \/>\nHeute verbindet das 1932 gegr\u00fcndete Unternehmen Tradition mit Fortschritt und das stets \u201emade in Germany\u201c. Zahlreiche internationale Zertifizierungen sind die Basis f\u00fcr einen weltweit erfolgreichen Vertrieb der Produkte. Gesellschaftliche Verantwortung \u00fcbernimmt Teckentrup unter anderem durch die Erf\u00fcllung der \u201eCharta der Vielfalt\u201c.<\/p>\n","protected":false},"excerpt":{"rendered":"<p>Falttore von Teckentrup: Stromlos, flexibel, sicher &nbsp; Falttore sind f\u00fcr drei Anwendungsf\u00e4lle optimal \u2013 bei breiten Hallen\u00f6ffnungen, wenn am Sturz nicht gen\u00fcgend Platz f\u00fcr andere Tore vorhanden ist und wenn sich Tore auch ohne Strom einfach und schnell \u00f6ffnen lassen m\u00fcssen. Mit den Stahl-Falttoren FE \u201eTeckentrup 50\u201c gibt es ein besonders montagefreundliches Tor in drei [&hellip;]<\/p>\n","protected":false},"author":6,"featured_media":14000,"comment_status":"closed","ping_status":"open","sticky":false,"template":"","format":"standard","meta":{"footnotes":""},"categories":[18],"tags":[],"class_list":["post-13996","post","type-post","status-publish","format-standard","has-post-thumbnail","hentry","category-teckentrup"],"_links":{"self":[{"href":"https:\/\/www.pr-neu.de\/newsroom\/wp-json\/wp\/v2\/posts\/13996","targetHints":{"allow":["GET"]}}],"collection":[{"href":"https:\/\/www.pr-neu.de\/newsroom\/wp-json\/wp\/v2\/posts"}],"about":[{"href":"https:\/\/www.pr-neu.de\/newsroom\/wp-json\/wp\/v2\/types\/post"}],"author":[{"embeddable":true,"href":"https:\/\/www.pr-neu.de\/newsroom\/wp-json\/wp\/v2\/users\/6"}],"replies":[{"embeddable":true,"href":"https:\/\/www.pr-neu.de\/newsroom\/wp-json\/wp\/v2\/comments?post=13996"}],"version-history":[{"count":5,"href":"https:\/\/www.pr-neu.de\/newsroom\/wp-json\/wp\/v2\/posts\/13996\/revisions"}],"predecessor-version":[{"id":14006,"href":"https:\/\/www.pr-neu.de\/newsroom\/wp-json\/wp\/v2\/posts\/13996\/revisions\/14006"}],"wp:featuredmedia":[{"embeddable":true,"href":"https:\/\/www.pr-neu.de\/newsroom\/wp-json\/wp\/v2\/media\/14000"}],"wp:attachment":[{"href":"https:\/\/www.pr-neu.de\/newsroom\/wp-json\/wp\/v2\/media?parent=13996"}],"wp:term":[{"taxonomy":"category","embeddable":true,"href":"https:\/\/www.pr-neu.de\/newsroom\/wp-json\/wp\/v2\/categories?post=13996"},{"taxonomy":"post_tag","embeddable":true,"href":"https:\/\/www.pr-neu.de\/newsroom\/wp-json\/wp\/v2\/tags?post=13996"}],"curies":[{"name":"wp","href":"https:\/\/api.w.org\/{rel}","templated":true}]}}