{"id":13990,"date":"2021-03-04T08:32:51","date_gmt":"2021-03-04T07:32:51","guid":{"rendered":"http:\/\/www.pr-neu.de\/newsroom\/?p=13990"},"modified":"2021-03-03T14:48:11","modified_gmt":"2021-03-03T13:48:11","slug":"nachwuchsfoerderung-ist-zukunftssicherung","status":"publish","type":"post","link":"https:\/\/www.pr-neu.de\/newsroom\/nachwuchsfoerderung-ist-zukunftssicherung\/","title":{"rendered":"Nachwuchsf\u00f6rderung ist Zukunftssicherung"},"content":{"rendered":"<p><u>S\u00fcdwest ist \u201eAusbildungsbetrieb 2020\u201c<\/u><\/p>\n<p>Die IHK Pfalz zeichnete jetzt den Lack- und Farbenhersteller S\u00fcdwest (B\u00f6hl-Iggelheim) als \u201eAusbildungsbetrieb 2020\u201c aus. Die Industrie- und Handelskammer sieht in der F\u00f6rderung des Fachkr\u00e4ftenachwuchses aktive Zukunftssicherung der Wirtschaft. Gerade die Pandemie hat die Ausbildung erschwert \u2013 f\u00fcr alle Beteiligten. Umso mehr gilt es, junge Menschen auszubilden, damit weiter kompetente, junge Fachkr\u00e4fte nachr\u00fccken. Daher w\u00fcrdigt die IHK Pfalz Unternehmen, die diese Aufgabe aktiv annehmen. Als Dank f\u00fcr hohes Engagement im Pandemie-Jahr 2020 zeichnete die IHK Pfalz jetzt S\u00fcdwest aus. \u201eWir freuen uns \u00fcber die Anerkennung\u201c, meint S\u00fcdwest Gesch\u00e4ftsf\u00fchrer Hans-J\u00f6rg von Rhade, \u201ewichtiger ist uns allerdings, unsere Verantwortung als regionaler Ausbildungsbetrieb zu erf\u00fcllen und gemeinsam mit den jungen Menschen die Zukunft vorzubereiten.\u201c<\/p>\n<p>&nbsp;<\/p>\n<hr \/>\n<p>&nbsp;<\/p>\n<p><a href=\"http:\/\/www.pr-neu.de\/newsroom\/wordpress\/wp-content\/uploads\/2021\/03\/21-04-IHK_Urkunde_K.jpg\" target=\"_blank\" rel=\"noopener noreferrer\"><img loading=\"lazy\" decoding=\"async\" class=\"aligncenter wp-image-13991 size-medium\" src=\"http:\/\/www.pr-neu.de\/newsroom\/wordpress\/wp-content\/uploads\/2021\/03\/21-04-IHK_Urkunde_K-212x300.jpg\" alt=\"\" width=\"212\" height=\"300\" srcset=\"https:\/\/www.pr-neu.de\/newsroom\/wordpress\/wp-content\/uploads\/2021\/03\/21-04-IHK_Urkunde_K-212x300.jpg 212w, https:\/\/www.pr-neu.de\/newsroom\/wordpress\/wp-content\/uploads\/2021\/03\/21-04-IHK_Urkunde_K-724x1024.jpg 724w, https:\/\/www.pr-neu.de\/newsroom\/wordpress\/wp-content\/uploads\/2021\/03\/21-04-IHK_Urkunde_K-768x1086.jpg 768w, https:\/\/www.pr-neu.de\/newsroom\/wordpress\/wp-content\/uploads\/2021\/03\/21-04-IHK_Urkunde_K-1086x1536.jpg 1086w, https:\/\/www.pr-neu.de\/newsroom\/wordpress\/wp-content\/uploads\/2021\/03\/21-04-IHK_Urkunde_K-1448x2048.jpg 1448w, https:\/\/www.pr-neu.de\/newsroom\/wordpress\/wp-content\/uploads\/2021\/03\/21-04-IHK_Urkunde_K-78x110.jpg 78w, https:\/\/www.pr-neu.de\/newsroom\/wordpress\/wp-content\/uploads\/2021\/03\/21-04-IHK_Urkunde_K-297x420.jpg 297w, https:\/\/www.pr-neu.de\/newsroom\/wordpress\/wp-content\/uploads\/2021\/03\/21-04-IHK_Urkunde_K-304x430.jpg 304w, https:\/\/www.pr-neu.de\/newsroom\/wordpress\/wp-content\/uploads\/2021\/03\/21-04-IHK_Urkunde_K.jpg 1697w\" sizes=\"auto, (max-width: 212px) 100vw, 212px\" \/><\/a><\/p>\n<p style=\"text-align: center;\">Bild: IHK Pfalz \/ S\u00fcdwest<\/p>\n<p>&nbsp;<\/p>\n<hr \/>\n<p>&nbsp;<\/p>\n<p>Abdruck honorarfrei, Belegexemplar erbeten<\/p>\n","protected":false},"excerpt":{"rendered":"<p>S\u00fcdwest ist \u201eAusbildungsbetrieb 2020\u201c Die IHK Pfalz zeichnete jetzt den Lack- und Farbenhersteller S\u00fcdwest (B\u00f6hl-Iggelheim) als \u201eAusbildungsbetrieb 2020\u201c aus. Die Industrie- und Handelskammer sieht in der F\u00f6rderung des Fachkr\u00e4ftenachwuchses aktive Zukunftssicherung der Wirtschaft. Gerade die Pandemie hat die Ausbildung erschwert \u2013 f\u00fcr alle Beteiligten. Umso mehr gilt es, junge Menschen auszubilden, damit weiter kompetente, junge [&hellip;]<\/p>\n","protected":false},"author":6,"featured_media":13992,"comment_status":"closed","ping_status":"open","sticky":false,"template":"","format":"standard","meta":{"footnotes":""},"categories":[17],"tags":[],"class_list":["post-13990","post","type-post","status-publish","format-standard","has-post-thumbnail","hentry","category-sudwest"],"_links":{"self":[{"href":"https:\/\/www.pr-neu.de\/newsroom\/wp-json\/wp\/v2\/posts\/13990","targetHints":{"allow":["GET"]}}],"collection":[{"href":"https:\/\/www.pr-neu.de\/newsroom\/wp-json\/wp\/v2\/posts"}],"about":[{"href":"https:\/\/www.pr-neu.de\/newsroom\/wp-json\/wp\/v2\/types\/post"}],"author":[{"embeddable":true,"href":"https:\/\/www.pr-neu.de\/newsroom\/wp-json\/wp\/v2\/users\/6"}],"replies":[{"embeddable":true,"href":"https:\/\/www.pr-neu.de\/newsroom\/wp-json\/wp\/v2\/comments?post=13990"}],"version-history":[{"count":2,"href":"https:\/\/www.pr-neu.de\/newsroom\/wp-json\/wp\/v2\/posts\/13990\/revisions"}],"predecessor-version":[{"id":13994,"href":"https:\/\/www.pr-neu.de\/newsroom\/wp-json\/wp\/v2\/posts\/13990\/revisions\/13994"}],"wp:featuredmedia":[{"embeddable":true,"href":"https:\/\/www.pr-neu.de\/newsroom\/wp-json\/wp\/v2\/media\/13992"}],"wp:attachment":[{"href":"https:\/\/www.pr-neu.de\/newsroom\/wp-json\/wp\/v2\/media?parent=13990"}],"wp:term":[{"taxonomy":"category","embeddable":true,"href":"https:\/\/www.pr-neu.de\/newsroom\/wp-json\/wp\/v2\/categories?post=13990"},{"taxonomy":"post_tag","embeddable":true,"href":"https:\/\/www.pr-neu.de\/newsroom\/wp-json\/wp\/v2\/tags?post=13990"}],"curies":[{"name":"wp","href":"https:\/\/api.w.org\/{rel}","templated":true}]}}