{"id":13981,"date":"2021-03-02T08:00:42","date_gmt":"2021-03-02T07:00:42","guid":{"rendered":"http:\/\/www.pr-neu.de\/newsroom\/?p=13981"},"modified":"2021-03-01T16:36:21","modified_gmt":"2021-03-01T15:36:21","slug":"teckentrup-plant-mit-weitsicht","status":"publish","type":"post","link":"https:\/\/www.pr-neu.de\/newsroom\/teckentrup-plant-mit-weitsicht\/","title":{"rendered":"Teckentrup plant mit Weitsicht"},"content":{"rendered":"<p><u>30 Millionen Euro in drei Jahren: Standortinvestitionen in Verl und Gro\u00dfz\u00f6beritz<\/u><\/p>\n<p>&nbsp;<\/p>\n<p>Teckentrup plant umfangreiche Investitionen in den kommenden drei Jahren: Am Hauptsitz in Verl entsteht eine Akademie mit Pr\u00fcflabor f\u00fcr Schulungen und Pr\u00e4sentationen. Eine neue Produktionshalle wird den Materialfluss optimieren, ein Lager erg\u00e4nzt das Bauvorhaben. In Gro\u00dfz\u00f6beritz wird ein weiteres T\u00fcren- und Zargenband entstehen und die Kapazit\u00e4t der Pulverbeschichtung erh\u00f6ht. 2023 folgen weitere Investitionen, je nach wirtschaftlicher Situation und Rahmenbedingungen. Sven Diembeck, Gesch\u00e4ftsleiter technische Bereiche, erl\u00e4utert: \u201eDie Bauabschnitte erm\u00f6glichen ein gesundes und nachhaltiges Wachstum mit einem flexiblen Zeitplan&#8220;. Insgesamt sollen 30 Millionen Euro in den Ausbau flie\u00dfen. Damit h\u00e4lt Teckentrup zudem an der Maxime \u201emade in Germany\u201c fest \u2013 und reagiert mit Weitsicht auf die coronabedingten Ver\u00e4nderungen im Markt. 2020 blickt das Unternehmen zugleich auf ein erfolgreiches Jahr zur\u00fcck: \u201eMit 139 Millionen Euro Umsatz war 2020 wirtschaftlich das beste Jahr unserer Geschichte&#8220;, sagt Gesch\u00e4ftsf\u00fchrer Kai Teckentrup. Die Erfahrungen des letzten Jahres haben die bisherigen Pl\u00e4ne jedoch beeinflusst: So hat die Absage der Messen gezeigt, wie wichtig der digitale Ausbau und eigene Ausstellungs- und Schulungsangebote sind, daher nun die neue Akademie \u2013 sowie der kontinuierliche Ausbau des Online-Angebots \u201eTEO \u2013 Teckentrup Einfach Online\u201c.<\/p>\n<p>&nbsp;<\/p>\n<hr \/>\n<p>&nbsp;<\/p>\n<p><a href=\"http:\/\/www.pr-neu.de\/newsroom\/wordpress\/wp-content\/uploads\/2021\/03\/21-06-Diembeck_K.jpg\" target=\"_blank\" rel=\"noopener noreferrer\"><img loading=\"lazy\" decoding=\"async\" class=\"aligncenter wp-image-13982 size-medium\" src=\"http:\/\/www.pr-neu.de\/newsroom\/wordpress\/wp-content\/uploads\/2021\/03\/21-06-Diembeck_K-300x200.jpg\" alt=\"\" width=\"300\" height=\"200\" srcset=\"https:\/\/www.pr-neu.de\/newsroom\/wordpress\/wp-content\/uploads\/2021\/03\/21-06-Diembeck_K-300x200.jpg 300w, https:\/\/www.pr-neu.de\/newsroom\/wordpress\/wp-content\/uploads\/2021\/03\/21-06-Diembeck_K-1024x683.jpg 1024w, https:\/\/www.pr-neu.de\/newsroom\/wordpress\/wp-content\/uploads\/2021\/03\/21-06-Diembeck_K-768x512.jpg 768w, https:\/\/www.pr-neu.de\/newsroom\/wordpress\/wp-content\/uploads\/2021\/03\/21-06-Diembeck_K-1536x1024.jpg 1536w, https:\/\/www.pr-neu.de\/newsroom\/wordpress\/wp-content\/uploads\/2021\/03\/21-06-Diembeck_K-2048x1365.jpg 2048w, https:\/\/www.pr-neu.de\/newsroom\/wordpress\/wp-content\/uploads\/2021\/03\/21-06-Diembeck_K-110x73.jpg 110w, https:\/\/www.pr-neu.de\/newsroom\/wordpress\/wp-content\/uploads\/2021\/03\/21-06-Diembeck_K-420x280.jpg 420w, https:\/\/www.pr-neu.de\/newsroom\/wordpress\/wp-content\/uploads\/2021\/03\/21-06-Diembeck_K-645x430.jpg 645w\" sizes=\"auto, (max-width: 300px) 100vw, 300px\" \/><\/a><\/p>\n<p style=\"text-align: center;\">\u00a0\u201eTeckentrup stellt die Produktion an den beiden Standorten Verl und Gro\u00dfz\u00f6beritz zukunftssicher auf und sichert damit langfristig den Standort Deutschland.\u201c<\/p>\n<p style=\"text-align: center;\">Sven Diembeck, CTO Teckentrup GmbH &amp; Co. KG<\/p>\n<p style=\"text-align: center;\">Bild: Teckentrup<\/p>\n<p>&nbsp;<\/p>\n<hr \/>\n<p>&nbsp;<\/p>\n<p>Abdruck honorarfrei, Belegexemplar erbeten<\/p>\n<p>&nbsp;<\/p>\n<hr \/>\n<p>&nbsp;<\/p>\n<p><strong>Teckentrup: Door Solutions<\/strong><br \/>\nTeckentrup z\u00e4hlt mit den Produktionswerken in Verl-S\u00fcrenheide (Hauptsitz, NRW) und Gro\u00dfz\u00f6beritz (Sachsen-Anhalt) sowie seinen 900 Mitarbeitern zu den gr\u00f6\u00dften Herstellern von T\u00fcren und Toren in Europa.<br \/>\nDas in dritter Generation inhabergef\u00fchrte mittelst\u00e4ndische Familienunternehmen hat sich insbesondere den Werten Qualit\u00e4t, Design und Service verpflichtet. St\u00e4ndige Verbesserungen der Produkte und die Entwicklung neuer Technologien sind f\u00fcr Teckentrup selbstverst\u00e4ndlich. F\u00fcr die kontinuierliche Weiterentwicklung wurde im gesamten Unternehmen eine kundenzentrierte Ausrichtung (Customer Centricity) implementiert. So sorgt das Unternehmen daf\u00fcr, dass gemeinsam mit den Partnern stets die beste L\u00f6sung gefunden wird \u2013 hinsichtlich Design, Sicherheit und Service. Das Angebot umfasst Produktl\u00f6sungen aus den Bereichen HOME (Garagentore), PROFESSIONAL (Funktionst\u00fcren), INDUSTRIAL (Industrietore).<br \/>\nHeute verbindet das 1932 gegr\u00fcndete Unternehmen Tradition mit Fortschritt und das stets \u201emade in Germany\u201c. Zahlreiche internationale Zertifizierungen sind die Basis f\u00fcr einen weltweit erfolgreichen Vertrieb der Produkte. Gesellschaftliche Verantwortung \u00fcbernimmt Teckentrup unter anderem durch die Erf\u00fcllung der \u201eCharta der Vielfalt\u201c.<\/p>\n","protected":false},"excerpt":{"rendered":"<p>30 Millionen Euro in drei Jahren: Standortinvestitionen in Verl und Gro\u00dfz\u00f6beritz &nbsp; Teckentrup plant umfangreiche Investitionen in den kommenden drei Jahren: Am Hauptsitz in Verl entsteht eine Akademie mit Pr\u00fcflabor f\u00fcr Schulungen und Pr\u00e4sentationen. Eine neue Produktionshalle wird den Materialfluss optimieren, ein Lager erg\u00e4nzt das Bauvorhaben. In Gro\u00dfz\u00f6beritz wird ein weiteres T\u00fcren- und Zargenband entstehen [&hellip;]<\/p>\n","protected":false},"author":6,"featured_media":13982,"comment_status":"closed","ping_status":"open","sticky":false,"template":"","format":"standard","meta":{"footnotes":""},"categories":[18],"tags":[],"class_list":["post-13981","post","type-post","status-publish","format-standard","has-post-thumbnail","hentry","category-teckentrup"],"_links":{"self":[{"href":"https:\/\/www.pr-neu.de\/newsroom\/wp-json\/wp\/v2\/posts\/13981","targetHints":{"allow":["GET"]}}],"collection":[{"href":"https:\/\/www.pr-neu.de\/newsroom\/wp-json\/wp\/v2\/posts"}],"about":[{"href":"https:\/\/www.pr-neu.de\/newsroom\/wp-json\/wp\/v2\/types\/post"}],"author":[{"embeddable":true,"href":"https:\/\/www.pr-neu.de\/newsroom\/wp-json\/wp\/v2\/users\/6"}],"replies":[{"embeddable":true,"href":"https:\/\/www.pr-neu.de\/newsroom\/wp-json\/wp\/v2\/comments?post=13981"}],"version-history":[{"count":2,"href":"https:\/\/www.pr-neu.de\/newsroom\/wp-json\/wp\/v2\/posts\/13981\/revisions"}],"predecessor-version":[{"id":13984,"href":"https:\/\/www.pr-neu.de\/newsroom\/wp-json\/wp\/v2\/posts\/13981\/revisions\/13984"}],"wp:featuredmedia":[{"embeddable":true,"href":"https:\/\/www.pr-neu.de\/newsroom\/wp-json\/wp\/v2\/media\/13982"}],"wp:attachment":[{"href":"https:\/\/www.pr-neu.de\/newsroom\/wp-json\/wp\/v2\/media?parent=13981"}],"wp:term":[{"taxonomy":"category","embeddable":true,"href":"https:\/\/www.pr-neu.de\/newsroom\/wp-json\/wp\/v2\/categories?post=13981"},{"taxonomy":"post_tag","embeddable":true,"href":"https:\/\/www.pr-neu.de\/newsroom\/wp-json\/wp\/v2\/tags?post=13981"}],"curies":[{"name":"wp","href":"https:\/\/api.w.org\/{rel}","templated":true}]}}