{"id":13972,"date":"2021-02-22T15:18:27","date_gmt":"2021-02-22T14:18:27","guid":{"rendered":"http:\/\/www.pr-neu.de\/newsroom\/?p=13972"},"modified":"2021-03-25T08:56:13","modified_gmt":"2021-03-25T07:56:13","slug":"parkstrasse-kanalsanierung-ab-mai-baumfaellung-vor-der-brutzeit","status":"publish","type":"post","link":"https:\/\/www.pr-neu.de\/newsroom\/parkstrasse-kanalsanierung-ab-mai-baumfaellung-vor-der-brutzeit\/","title":{"rendered":"Parkstra\u00dfe: Kanalsanierung ab Mai \u2013 Baumf\u00e4llung vor der Brutzeit"},"content":{"rendered":"<p><strong><u>Braunschweig, 22. Februar 2020.<\/u><\/strong><\/p>\n<p>Im Mai saniert die Stadtentw\u00e4sserung Braunschweig GmbH (SE|BS) die Kanalisation in der Parkstra\u00dfe \u00fcber eine L\u00e4nge von 165 Metern in drei Bauabschnitten. Parallel dazu erneuert BS Netz die dortigen Gasleitungen. Als vorbereitende Ma\u00dfnahme m\u00fcssen vor Ort vier B\u00e4ume entfernt werden. Die Baumf\u00e4llarbeiten erfolgen in Abstimmung mit dem Fachbereich Stadtgr\u00fcn &amp; Sport, Abteilung Stadtb\u00e4ume und Landschaftspflege, am 24. Februar, also noch vor Beginn der Brut- und Setzzeit. Als Ersatz wird die SE|BS neue B\u00e4ume an derselben Stelle pflanzen.<\/p>\n<p>&nbsp;<\/p>\n<hr \/>\n<p>&nbsp;<\/p>\n<p><strong>SE|BS-Pressestelle<\/strong><br \/>\npr neu &#8211; gedacht<\/p>\n<p>Telefon: 05307 80093 \u2013 80<br \/>\nFax: 05307 80093 \u2013 69<br \/>\nE-Mail: &#x69;&#110;&#x66;&#111;&#64;&#x70;&#114;-&#x6e;&#101;&#x75;&#x2e;d&#x65;<br \/>\nInternet: www.pr-neu.de<\/p>\n","protected":false},"excerpt":{"rendered":"<p>Braunschweig, 22. Februar 2020. Im Mai saniert die Stadtentw\u00e4sserung Braunschweig GmbH (SE|BS) die Kanalisation in der Parkstra\u00dfe \u00fcber eine L\u00e4nge von 165 Metern in drei Bauabschnitten. Parallel dazu erneuert BS Netz die dortigen Gasleitungen. Als vorbereitende Ma\u00dfnahme m\u00fcssen vor Ort vier B\u00e4ume entfernt werden. Die Baumf\u00e4llarbeiten erfolgen in Abstimmung mit dem Fachbereich Stadtgr\u00fcn &amp; Sport, [&hellip;]<\/p>\n","protected":false},"author":6,"featured_media":8697,"comment_status":"closed","ping_status":"open","sticky":false,"template":"","format":"standard","meta":{"footnotes":""},"categories":[1517],"tags":[],"class_list":["post-13972","post","type-post","status-publish","format-standard","has-post-thumbnail","hentry","category-sebs"],"_links":{"self":[{"href":"https:\/\/www.pr-neu.de\/newsroom\/wp-json\/wp\/v2\/posts\/13972","targetHints":{"allow":["GET"]}}],"collection":[{"href":"https:\/\/www.pr-neu.de\/newsroom\/wp-json\/wp\/v2\/posts"}],"about":[{"href":"https:\/\/www.pr-neu.de\/newsroom\/wp-json\/wp\/v2\/types\/post"}],"author":[{"embeddable":true,"href":"https:\/\/www.pr-neu.de\/newsroom\/wp-json\/wp\/v2\/users\/6"}],"replies":[{"embeddable":true,"href":"https:\/\/www.pr-neu.de\/newsroom\/wp-json\/wp\/v2\/comments?post=13972"}],"version-history":[{"count":3,"href":"https:\/\/www.pr-neu.de\/newsroom\/wp-json\/wp\/v2\/posts\/13972\/revisions"}],"predecessor-version":[{"id":14052,"href":"https:\/\/www.pr-neu.de\/newsroom\/wp-json\/wp\/v2\/posts\/13972\/revisions\/14052"}],"wp:featuredmedia":[{"embeddable":true,"href":"https:\/\/www.pr-neu.de\/newsroom\/wp-json\/wp\/v2\/media\/8697"}],"wp:attachment":[{"href":"https:\/\/www.pr-neu.de\/newsroom\/wp-json\/wp\/v2\/media?parent=13972"}],"wp:term":[{"taxonomy":"category","embeddable":true,"href":"https:\/\/www.pr-neu.de\/newsroom\/wp-json\/wp\/v2\/categories?post=13972"},{"taxonomy":"post_tag","embeddable":true,"href":"https:\/\/www.pr-neu.de\/newsroom\/wp-json\/wp\/v2\/tags?post=13972"}],"curies":[{"name":"wp","href":"https:\/\/api.w.org\/{rel}","templated":true}]}}