{"id":13955,"date":"2021-02-17T12:24:40","date_gmt":"2021-02-17T11:24:40","guid":{"rendered":"http:\/\/www.pr-neu.de\/newsroom\/?p=13955"},"modified":"2021-02-17T12:26:31","modified_gmt":"2021-02-17T11:26:31","slug":"carteck-aktion-2021-rc2-und-neue-trendfarbe","status":"publish","type":"post","link":"https:\/\/www.pr-neu.de\/newsroom\/carteck-aktion-2021-rc2-und-neue-trendfarbe\/","title":{"rendered":"CarTeck-Aktion 2021: RC2 und neue Trendfarbe"},"content":{"rendered":"<p><u>Teckentrup: Marketing-Unterst\u00fctzung f\u00fcr Handelspartner<\/u><\/p>\n<p>&nbsp;<\/p>\n<p><strong>Die erfolgreiche \u201eCarTeck Garagentor-Aktion\u201c von Teckentrup (Verl) bietet Metallbauern und Baustoff-Fachh\u00e4ndlern auch 2021 wieder attraktive Marketing- und Verkaufspakete. Neu ist u.a. das Sicherheitspaket RC2 f\u00fcr eine zertifizierte Einbruchhemmung nach DIN\/TS 18194. Die Trendfarbe \u201eEisenglimmer (TT 703)\u201c erweitert die Promotion-Farbauswahl um einen der beliebten Graut\u00f6ne, hinzu kommt mit Golden Oak TF ein neues Design im Holzdekor.<\/strong><\/p>\n<p>&nbsp;<\/p>\n<p>Seit vielen Jahren unterst\u00fctzt Teckentrup seine Fachpartner mit \u201eCarTeck-Aktionen\u201c im Gesch\u00e4ft mit privaten Bauherren. \u201eDurch unsere enge Zusammenarbeit mit H\u00e4ndlern und Metallbauern gelingt es uns Jahr f\u00fcr Jahr, aktuelle Trends aufzugreifen und die W\u00fcnsche unserer Kunden in die Aktion einflie\u00dfen zu lassen\u201c, erkl\u00e4rt Marketingleiter Uwe G\u00f6tze. Die Kernidee hat sich bew\u00e4hrt: Ein Top-Angebot f\u00fcr die CarTeck-Sektionaltore in Standardgr\u00f6\u00dfen mit unverbindlicher Preisempfehlung \u2013 inklusive Antrieb, Handsender und einem kostenlosen frei w\u00e4hlbaren Zubeh\u00f6r. Bauherren erhalten so ihr ganz individuelles Extra, Wert: bis zu 84 Euro (exklusive Montage). Zur Wahl stehen aktuell ein zweiter Handsender, ein Wandinnentaster, eine Lichtschranke oder ein Alarmbuzzer.<\/p>\n<p>&nbsp;<\/p>\n<p>Standard-Werbemittel wie Roll-ups, Poster, Flyer, Werbebanner oder Zeitungsbeilagen bilden die Grundlage der Aktion. Zwei Zusatzpakete vergr\u00f6\u00dfern den Angebots-Spielraum: Das \u201eDesignpaket\u201c \u2013 bestehend aus einem Torblatt ohne Sicke mit glatter Struktur und zus\u00e4tzlichen Farben \u2013 und das \u201eSicherheitspaket\u201c mit zertifizierter Einbruchhemmung RC2 inklusive Upgrade auf den Antrieb CarTeck Drive 600. Die RC2 zertifizierten Garagen-Sektionaltore sind im Herstellerverzeichnis &#8222;Kommission Polizeilicher Kriminalpr\u00e4vention&#8220; (KPK) gelistet und halten einem Angriff von drei Minuten mit Werkzeugen wie Schraubendreher, Zange und Keilen stand. Das dauert Einbrechern oft zu lang. Vor allem f\u00fcr Renovierer ist das Sicherheitspaket doppelt attraktiv: Private Bauherrinnen und Bauherren k\u00f6nnen beim Einbau RC2-gepr\u00fcfter Teckentrup Garagentore vom \u201eKfW Programm 455-E\u201c profitieren und bei einer Modernisierung einen Zuschuss von 10 bis 20 Prozent bei der KFW-Bank beantragen.<\/p>\n<p>&nbsp;<\/p>\n<p>\u201eUnsere Fachpartner erhalten auf Wunsch auch individuell zugeschnittene Verkaufsunterst\u00fctzung von uns. So k\u00f6nnen sie eigene Aktionen ganz nach ihren W\u00fcnschen aufbauen\u201c, res\u00fcmiert G\u00f6tze.<\/p>\n<p>&nbsp;<\/p>\n<hr \/>\n<p>&nbsp;<\/p>\n<p><strong>CarTeck-Aktion 2021: Die Module<\/strong><\/p>\n<p>&nbsp;<\/p>\n<p><strong>Grundpaket<\/strong><br \/>\nCarTeck-Garagentor GSW 40 mit Mittelsicke, Antrieb CarTeck Drive 500 und einem 2-Kanal-Handsender sowie Zarge 2.0 f\u00fcr einfache Montage. Mehrere Standardgr\u00f6\u00dfen f\u00fcr Einzel- und Doppelgaragen.<\/p>\n<p><strong>Bonus f\u00fcr Endkunden, wahlweise:<\/strong><br \/>\n\u2022\u00a0Zus\u00e4tzlicher Handsender<br \/>\n\u2022\u00a0Lichtschranke<br \/>\n\u2022\u00a0Wandinnentaster<br \/>\n\u2022\u00a0Alarmbuzzer<\/p>\n<p><strong>Alternative f\u00fcr Partnerbetriebe<\/strong><br \/>\nEinsatz eines anderen Antriebs (wird entsprechend verrechnet)<br \/>\n<strong>UVP f\u00fcr Endkunden:<\/strong> ab 949 Euro<\/p>\n<p><strong>Die Werbemittel<\/strong> (z.T. gegen Kostenbeteiligung):<\/p>\n<ul>\n<li>Vorgefertigtes Werbemittelbestellformular<\/li>\n<li>Roll-Ups, Plakate, Salesfolder, Zaunplane<\/li>\n<li>Onlinebanner<\/li>\n<li>Content f\u00fcr Homepage<\/li>\n<li>Individueller Aktionsflyer<\/li>\n<li>St\u00e4nder Paneel-Muster<\/li>\n<li>Kurzvideos zum Zubeh\u00f6r<\/li>\n<\/ul>\n<p><u>Weitere Ausstattungen \/ Sonderfarben \/ Sondergr\u00f6\u00dfen<\/u> gem\u00e4\u00df Aktion.<\/p>\n<p>&nbsp;<\/p>\n<p><strong>Laufzeit:<\/strong> Bis Februar 2022<br \/>\n<strong>Kontakt:<\/strong> <a href=\"&#x6d;&#x61;&#x69;&#x6c;&#x74;&#x6f;&#x3a;&#x6d;&#x61;&#x72;&#x6b;&#x65;&#x74;&#x69;&#x6e;&#x67;&#x40;&#x74;&#x65;&#x63;&#x6b;&#x65;&#x6e;&#x74;&#x72;&#x75;&#x70;&#x2e;&#x62;&#x69;&#x7a;\">&#x6d;a&#x72;&#107;e&#x74;&#105;&#x6e;&#x67;&#64;&#x74;&#101;c&#x6b;&#101;&#x6e;&#116;r&#x75;&#112;&#46;&#x62;&#105;&#x7a;<\/a><br \/>\nMehr Info: <a href=\"https:\/\/www.teckentrup.biz\/carteck-aktion\">www.teckentrup.biz\/carteck-aktion<\/a><\/p>\n<p>&nbsp;<\/p>\n<hr \/>\n<p>&nbsp;<\/p>\n<p><a href=\"http:\/\/www.pr-neu.de\/newsroom\/wordpress\/wp-content\/uploads\/2021\/02\/21-05_CarTeck_Collage_2021_K.jpg\" target=\"_blank\" rel=\"noopener noreferrer\"><img loading=\"lazy\" decoding=\"async\" class=\"aligncenter wp-image-13956 size-medium\" src=\"http:\/\/www.pr-neu.de\/newsroom\/wordpress\/wp-content\/uploads\/2021\/02\/21-05_CarTeck_Collage_2021_K-300x200.jpg\" alt=\"\" width=\"300\" height=\"200\" srcset=\"https:\/\/www.pr-neu.de\/newsroom\/wordpress\/wp-content\/uploads\/2021\/02\/21-05_CarTeck_Collage_2021_K-300x200.jpg 300w, https:\/\/www.pr-neu.de\/newsroom\/wordpress\/wp-content\/uploads\/2021\/02\/21-05_CarTeck_Collage_2021_K-1024x683.jpg 1024w, https:\/\/www.pr-neu.de\/newsroom\/wordpress\/wp-content\/uploads\/2021\/02\/21-05_CarTeck_Collage_2021_K-768x512.jpg 768w, https:\/\/www.pr-neu.de\/newsroom\/wordpress\/wp-content\/uploads\/2021\/02\/21-05_CarTeck_Collage_2021_K-1536x1024.jpg 1536w, https:\/\/www.pr-neu.de\/newsroom\/wordpress\/wp-content\/uploads\/2021\/02\/21-05_CarTeck_Collage_2021_K-2048x1365.jpg 2048w, https:\/\/www.pr-neu.de\/newsroom\/wordpress\/wp-content\/uploads\/2021\/02\/21-05_CarTeck_Collage_2021_K-110x73.jpg 110w, https:\/\/www.pr-neu.de\/newsroom\/wordpress\/wp-content\/uploads\/2021\/02\/21-05_CarTeck_Collage_2021_K-420x280.jpg 420w, https:\/\/www.pr-neu.de\/newsroom\/wordpress\/wp-content\/uploads\/2021\/02\/21-05_CarTeck_Collage_2021_K-645x430.jpg 645w\" sizes=\"auto, (max-width: 300px) 100vw, 300px\" \/><\/a><\/p>\n<p style=\"text-align: center;\">F\u00fcr seine Partner bietet Teckentrup Marketing-Unterst\u00fctzung in Form von Roll-ups, Postern, Flyern, Werbebannern, Zeitungsbeilagen sowie kurze ansprechende Videos zur \u00dcbersicht der Zubeh\u00f6re.<\/p>\n<p style=\"text-align: center;\">Bild: Teckentrup<\/p>\n<p>&nbsp;<\/p>\n<hr \/>\n<p>&nbsp;<\/p>\n<p>Abdruck honorarfrei, Belegexemplar erbeten<\/p>\n<p>&nbsp;<\/p>\n<hr \/>\n<p>&nbsp;<\/p>\n<p><strong>Teckentrup: Door Solutions<\/strong><br \/>\nTeckentrup z\u00e4hlt mit den Produktionswerken in Verl-S\u00fcrenheide (Hauptsitz, NRW) und Gro\u00dfz\u00f6beritz (Sachsen-Anhalt) sowie seinen 900 Mitarbeitern zu den gr\u00f6\u00dften Herstellern von T\u00fcren und Toren in Europa.<br \/>\nDas in dritter Generation inhabergef\u00fchrte mittelst\u00e4ndische Familienunternehmen hat sich insbesondere den Werten Qualit\u00e4t, Design und Service verpflichtet. St\u00e4ndige Verbesserungen der Produkte und die Entwicklung neuer Technologien sind f\u00fcr Teckentrup selbstverst\u00e4ndlich. F\u00fcr die kontinuierliche Weiterentwicklung wurde im gesamten Unternehmen eine kundenzentrierte Ausrichtung (Customer Centricity) implementiert. So sorgt das Unternehmen daf\u00fcr, dass gemeinsam mit den Partnern stets die beste L\u00f6sung gefunden wird \u2013 hinsichtlich Design, Sicherheit und Service. Das Angebot umfasst Produktl\u00f6sungen aus den Bereichen HOME (Garagentore), PROFESSIONAL (Funktionst\u00fcren), INDUSTRIAL (Industrietore).<br \/>\nHeute verbindet das 1932 gegr\u00fcndete Unternehmen Tradition mit Fortschritt und das stets \u201emade in Germany\u201c. Zahlreiche internationale Zertifizierungen sind die Basis f\u00fcr einen weltweit erfolgreichen Vertrieb der Produkte. Gesellschaftliche Verantwortung \u00fcbernimmt Teckentrup unter anderem durch die Erf\u00fcllung der \u201eCharta der Vielfalt\u201c.<\/p>\n","protected":false},"excerpt":{"rendered":"<p>Teckentrup: Marketing-Unterst\u00fctzung f\u00fcr Handelspartner &nbsp; Die erfolgreiche \u201eCarTeck Garagentor-Aktion\u201c von Teckentrup (Verl) bietet Metallbauern und Baustoff-Fachh\u00e4ndlern auch 2021 wieder attraktive Marketing- und Verkaufspakete. Neu ist u.a. das Sicherheitspaket RC2 f\u00fcr eine zertifizierte Einbruchhemmung nach DIN\/TS 18194. Die Trendfarbe \u201eEisenglimmer (TT 703)\u201c erweitert die Promotion-Farbauswahl um einen der beliebten Graut\u00f6ne, hinzu kommt mit Golden Oak TF [&hellip;]<\/p>\n","protected":false},"author":6,"featured_media":13956,"comment_status":"closed","ping_status":"open","sticky":false,"template":"","format":"standard","meta":{"footnotes":""},"categories":[18],"tags":[],"class_list":["post-13955","post","type-post","status-publish","format-standard","has-post-thumbnail","hentry","category-teckentrup"],"_links":{"self":[{"href":"https:\/\/www.pr-neu.de\/newsroom\/wp-json\/wp\/v2\/posts\/13955","targetHints":{"allow":["GET"]}}],"collection":[{"href":"https:\/\/www.pr-neu.de\/newsroom\/wp-json\/wp\/v2\/posts"}],"about":[{"href":"https:\/\/www.pr-neu.de\/newsroom\/wp-json\/wp\/v2\/types\/post"}],"author":[{"embeddable":true,"href":"https:\/\/www.pr-neu.de\/newsroom\/wp-json\/wp\/v2\/users\/6"}],"replies":[{"embeddable":true,"href":"https:\/\/www.pr-neu.de\/newsroom\/wp-json\/wp\/v2\/comments?post=13955"}],"version-history":[{"count":5,"href":"https:\/\/www.pr-neu.de\/newsroom\/wp-json\/wp\/v2\/posts\/13955\/revisions"}],"predecessor-version":[{"id":13961,"href":"https:\/\/www.pr-neu.de\/newsroom\/wp-json\/wp\/v2\/posts\/13955\/revisions\/13961"}],"wp:featuredmedia":[{"embeddable":true,"href":"https:\/\/www.pr-neu.de\/newsroom\/wp-json\/wp\/v2\/media\/13956"}],"wp:attachment":[{"href":"https:\/\/www.pr-neu.de\/newsroom\/wp-json\/wp\/v2\/media?parent=13955"}],"wp:term":[{"taxonomy":"category","embeddable":true,"href":"https:\/\/www.pr-neu.de\/newsroom\/wp-json\/wp\/v2\/categories?post=13955"},{"taxonomy":"post_tag","embeddable":true,"href":"https:\/\/www.pr-neu.de\/newsroom\/wp-json\/wp\/v2\/tags?post=13955"}],"curies":[{"name":"wp","href":"https:\/\/api.w.org\/{rel}","templated":true}]}}