{"id":13950,"date":"2021-02-17T09:36:49","date_gmt":"2021-02-17T08:36:49","guid":{"rendered":"http:\/\/www.pr-neu.de\/newsroom\/?p=13950"},"modified":"2021-02-17T09:36:49","modified_gmt":"2021-02-17T08:36:49","slug":"gross-schwarz-sicher","status":"publish","type":"post","link":"https:\/\/www.pr-neu.de\/newsroom\/gross-schwarz-sicher\/","title":{"rendered":"Gro\u00df, schwarz, sicher"},"content":{"rendered":"<p><u>TV-Moderatorin Belinda Gold w\u00e4hlt <\/u><u>Garagentor von Teckentrup<\/u><\/p>\n<p>&nbsp;<\/p>\n<p><strong>Sicherheit, Komfort und Design im Einklang: Mit dem CarTeck Sektionaltor setzt TV-Moderatorin Belinda Gold bei ihrem neuen Garagentor auf \u201eMade in Germany\u201c-Qualit\u00e4t von Teckentrup. Fast 14 Quadratmeter Torfl\u00e4che vereinen intelligente Technik und ansprechendes Design: Gro\u00df, schwarz, sicher.<\/strong><\/p>\n<p>&nbsp;<\/p>\n<p>Das Garagentor ist das Aush\u00e4ngeschild des Hauses \u2013 und wie gut das aussehen kann, zeigt das neue Zuhause von TV-Moderatorin Belinda Gold: Das stilvolle CarTeck-Sektionaltor im attraktiven Farbton \u201eschwarzgrau\u201c harmoniert perfekt mit dem im zur\u00fcckhaltend grau gestalteten, kubistischen Ensemble von Architektenhaus und Garage. Dabei erf\u00fcllt es selbst innen alle Anspr\u00fcche der designorientierten Bauherren: das Torblatt wurde auch innen \u2013 ebenso wie Zarge und Verst\u00e4rkungsprofile \u2013 in der RAL-Farbe 7021 lackiert. Das Tor, zur Stra\u00dfe hin orientiert, beeindruckt zudem mit seiner Gr\u00f6\u00dfe: 5,5 x 2,5 Meter misst es. Der Platz vor der Garage kann frei genutzt werden, denn das Tor \u00f6ffnet nach oben, ohne nach vorne zu schwenken. In der Garage haben zwei Autos ausreichend Raum \u2013 und bei der Breite des Tores ist auch das Ein- und Ausfahren kein Problem.<\/p>\n<p>&nbsp;<\/p>\n<p><strong>Innere Werte: Sicherheit und Komfort<\/strong><\/p>\n<p>&nbsp;<\/p>\n<p>Der Antrieb \u201eCarTeck Drive 600\u201c bringt Komfort, \u00fcber einen Handsender l\u00e4sst sich das Tor einfach auf Knopfdruck \u00f6ffnen und schlie\u00dfen. Zusatznutzen Einbruchschutz: Der Antrieb erschwert das gewaltsame \u00d6ffnen von au\u00dfen. Damit erreicht das Tor die DIN-Schutzklasse \u201eRC2\u201c \u2013 ein Einbruchschutzlevel, das die Polizei f\u00fcr den Schutz von Privateigentum empfiehlt.<\/p>\n<p>&nbsp;<\/p>\n<p>Ebenfalls f\u00fcr Sicherheit sorgen Fingerklemmschutz (zwischen den Sektionen) und Lichtschranke: Sie verhindern Verletzungen durch Einklemmen. Erkennt die Lichtschranke ein Hindernis, f\u00e4hrt das Tor sofort wieder nach oben. Und ob nun als Komfort oder als weiterer Sicherheitsaspekt: Die magnetischen LED-Stripes tauchen die Garage in strahlendes Licht \u2013 ber\u00fchrungslos gesteuert \u00fcber einen Bewegungsmelder.<\/p>\n<p>&nbsp;<\/p>\n<hr \/>\n<p>&nbsp;<\/p>\n<p><a href=\"http:\/\/www.pr-neu.de\/newsroom\/wordpress\/wp-content\/uploads\/2021\/02\/21-02_Gold_Teckentrup_1_K.jpg\" target=\"_blank\" rel=\"noopener noreferrer\"><img loading=\"lazy\" decoding=\"async\" class=\"aligncenter wp-image-13951 size-medium\" src=\"http:\/\/www.pr-neu.de\/newsroom\/wordpress\/wp-content\/uploads\/2021\/02\/21-02_Gold_Teckentrup_1_K-300x225.jpg\" alt=\"\" width=\"300\" height=\"225\" srcset=\"https:\/\/www.pr-neu.de\/newsroom\/wordpress\/wp-content\/uploads\/2021\/02\/21-02_Gold_Teckentrup_1_K-300x225.jpg 300w, https:\/\/www.pr-neu.de\/newsroom\/wordpress\/wp-content\/uploads\/2021\/02\/21-02_Gold_Teckentrup_1_K-1024x768.jpg 1024w, https:\/\/www.pr-neu.de\/newsroom\/wordpress\/wp-content\/uploads\/2021\/02\/21-02_Gold_Teckentrup_1_K-768x576.jpg 768w, https:\/\/www.pr-neu.de\/newsroom\/wordpress\/wp-content\/uploads\/2021\/02\/21-02_Gold_Teckentrup_1_K-1536x1152.jpg 1536w, https:\/\/www.pr-neu.de\/newsroom\/wordpress\/wp-content\/uploads\/2021\/02\/21-02_Gold_Teckentrup_1_K-2048x1536.jpg 2048w, https:\/\/www.pr-neu.de\/newsroom\/wordpress\/wp-content\/uploads\/2021\/02\/21-02_Gold_Teckentrup_1_K-110x83.jpg 110w, https:\/\/www.pr-neu.de\/newsroom\/wordpress\/wp-content\/uploads\/2021\/02\/21-02_Gold_Teckentrup_1_K-420x315.jpg 420w, https:\/\/www.pr-neu.de\/newsroom\/wordpress\/wp-content\/uploads\/2021\/02\/21-02_Gold_Teckentrup_1_K-573x430.jpg 573w\" sizes=\"auto, (max-width: 300px) 100vw, 300px\" \/><\/a><\/p>\n<p style=\"text-align: center;\">\u201eOptik, Komfort und Sicherheit \u2013 das Tor bietet alles, was wir uns f\u00fcr unsere Garage gew\u00fcnscht haben\u201c, meint TV-Moderatorin Belinda Gold.<\/p>\n<p style=\"text-align: center;\">\u00a0Foto: Teckentrup<\/p>\n<p>&nbsp;<\/p>\n<hr \/>\n<p>&nbsp;<\/p>\n<p>Abdruck honorarfrei, Belegexemplar erbeten<\/p>\n<p>&nbsp;<\/p>\n<hr \/>\n<p>&nbsp;<\/p>\n<p><strong>Teckentrup: Door Solutions<\/strong><br \/>\nTeckentrup z\u00e4hlt mit den Produktionswerken in Verl-S\u00fcrenheide (Hauptsitz, NRW) und Gro\u00dfz\u00f6beritz (Sachsen-Anhalt) sowie seinen 900 Mitarbeitern zu den gr\u00f6\u00dften Herstellern von T\u00fcren und Toren in Europa.<br \/>\nDas in dritter Generation inhabergef\u00fchrte mittelst\u00e4ndische Familienunternehmen hat sich insbesondere den Werten Qualit\u00e4t, Design und Service verpflichtet. St\u00e4ndige Verbesserungen der Produkte und die Entwicklung neuer Technologien sind f\u00fcr Teckentrup selbstverst\u00e4ndlich. F\u00fcr die kontinuierliche Weiterentwicklung wurde im gesamten Unternehmen eine kundenzentrierte Ausrichtung (Customer Centricity) implementiert. So sorgt das Unternehmen daf\u00fcr, dass gemeinsam mit den Partnern stets die beste L\u00f6sung gefunden wird \u2013 hinsichtlich Design, Sicherheit und Service. Das Angebot umfasst Produktl\u00f6sungen aus den Bereichen HOME (Garagentore), PROFESSIONAL (Funktionst\u00fcren), INDUSTRIAL (Industrietore).<br \/>\nHeute verbindet das 1932 gegr\u00fcndete Unternehmen Tradition mit Fortschritt und das stets \u201emade in Germany\u201c. Zahlreiche internationale Zertifizierungen sind die Basis f\u00fcr einen weltweit erfolgreichen Vertrieb der Produkte. Gesellschaftliche Verantwortung \u00fcbernimmt Teckentrup unter anderem durch die Erf\u00fcllung der \u201eCharta der Vielfalt\u201c.<\/p>\n","protected":false},"excerpt":{"rendered":"<p>TV-Moderatorin Belinda Gold w\u00e4hlt Garagentor von Teckentrup &nbsp; Sicherheit, Komfort und Design im Einklang: Mit dem CarTeck Sektionaltor setzt TV-Moderatorin Belinda Gold bei ihrem neuen Garagentor auf \u201eMade in Germany\u201c-Qualit\u00e4t von Teckentrup. Fast 14 Quadratmeter Torfl\u00e4che vereinen intelligente Technik und ansprechendes Design: Gro\u00df, schwarz, sicher. &nbsp; Das Garagentor ist das Aush\u00e4ngeschild des Hauses \u2013 und [&hellip;]<\/p>\n","protected":false},"author":6,"featured_media":13951,"comment_status":"closed","ping_status":"open","sticky":false,"template":"","format":"standard","meta":{"footnotes":""},"categories":[18],"tags":[],"class_list":["post-13950","post","type-post","status-publish","format-standard","has-post-thumbnail","hentry","category-teckentrup"],"_links":{"self":[{"href":"https:\/\/www.pr-neu.de\/newsroom\/wp-json\/wp\/v2\/posts\/13950","targetHints":{"allow":["GET"]}}],"collection":[{"href":"https:\/\/www.pr-neu.de\/newsroom\/wp-json\/wp\/v2\/posts"}],"about":[{"href":"https:\/\/www.pr-neu.de\/newsroom\/wp-json\/wp\/v2\/types\/post"}],"author":[{"embeddable":true,"href":"https:\/\/www.pr-neu.de\/newsroom\/wp-json\/wp\/v2\/users\/6"}],"replies":[{"embeddable":true,"href":"https:\/\/www.pr-neu.de\/newsroom\/wp-json\/wp\/v2\/comments?post=13950"}],"version-history":[{"count":2,"href":"https:\/\/www.pr-neu.de\/newsroom\/wp-json\/wp\/v2\/posts\/13950\/revisions"}],"predecessor-version":[{"id":13953,"href":"https:\/\/www.pr-neu.de\/newsroom\/wp-json\/wp\/v2\/posts\/13950\/revisions\/13953"}],"wp:featuredmedia":[{"embeddable":true,"href":"https:\/\/www.pr-neu.de\/newsroom\/wp-json\/wp\/v2\/media\/13951"}],"wp:attachment":[{"href":"https:\/\/www.pr-neu.de\/newsroom\/wp-json\/wp\/v2\/media?parent=13950"}],"wp:term":[{"taxonomy":"category","embeddable":true,"href":"https:\/\/www.pr-neu.de\/newsroom\/wp-json\/wp\/v2\/categories?post=13950"},{"taxonomy":"post_tag","embeddable":true,"href":"https:\/\/www.pr-neu.de\/newsroom\/wp-json\/wp\/v2\/tags?post=13950"}],"curies":[{"name":"wp","href":"https:\/\/api.w.org\/{rel}","templated":true}]}}